{"id":235570,"date":"2025-07-08T16:44:12","date_gmt":"2025-07-08T16:44:12","guid":{"rendered":"https:\/\/www.europesays.com\/fr\/235570\/"},"modified":"2025-07-08T16:44:12","modified_gmt":"2025-07-08T16:44:12","slug":"visite-detat-demmanuel-macron-au-royaume-uni-migrants-et-ukraine-a-lordre-du-jour","status":"publish","type":"post","link":"https:\/\/www.europesays.com\/fr\/235570\/","title":{"rendered":"Visite d&rsquo;\u00c9tat d&rsquo;Emmanuel Macron au Royaume-Uni : migrants et Ukraine \u00e0 l&rsquo;ordre du jour"},"content":{"rendered":"<p>\n  Par&amp;nbsp<b>Euronews<\/b>&amp;nbspavec&amp;nbsp<b>AP<\/b><\/p>\n<p>\n                    Publi\u00e9 le                 08\/07\/2025 &#8211; 8:47 UTC+2\u2022Mis \u00e0 jour<br \/>\n                                     17:50<\/p>\n<p><img decoding=\"async\" class=\"c-ad__placeholder__logo\" src=\"https:\/\/static.euronews.com\/website\/images\/logos\/logo-euronews-grey-6-180x22.svg\" width=\"180\" height=\"22\" alt=\"\" loading=\"lazy\"\/>PUBLICIT\u00c9<\/p>\n<p>Emmanuel Macron est arriv\u00e9 mardi au Royaume-Uni pour la premi\u00e8re visite d&rsquo;\u00c9tat d&rsquo;un pr\u00e9sident fran\u00e7ais outre-Manche depuis Nicolas Sarkozy en 2008.<\/p>\n<p>Accompagn\u00e9 de son \u00e9pouse Brigitte, le chef de l&rsquo;\u00c9tat a \u00e9t\u00e9 re\u00e7u en grande pompe par le roi Charles III et la reine Camilla au ch\u00e2teau de Windsor, qui a \u00e9t\u00e9 pr\u00e9f\u00e9r\u00e9 au palais de Buckingham, en pleine r\u00e9novation.<\/p>\n<p>En pr\u00e9sence du prince William et de la princesse Kate, ainsi que de la ministre fran\u00e7aise de la Culture Rachida Dati et du ministre de la D\u00e9fense S\u00e9bastien Lecornu, la rencontre protocolaire s&rsquo;est d\u00e9roul\u00e9e dans une ambiance amicale.<\/p>\n<p>La venue du pr\u00e9sident fran\u00e7ais &#8211; \u00e0 l&rsquo;invitation du roi Charles III &#8211; est la premi\u00e8re visite d&rsquo;\u00c9tat au Royaume-Uni d&rsquo;un dirigeant de l&rsquo;Union europ\u00e9enne depuis le Brexit et est consid\u00e9r\u00e9e comme un signe de la volont\u00e9 de Londres de r\u00e9tablir ses relations avec l&rsquo;UE.<\/p>\n<p>Au cours de cette visite de trois jours, Emmanuel Macron rencontrera le Premier ministre britannique Keir Starmer pour aborder l&rsquo;immigration, la d\u00e9fense et l&rsquo;investissement au cours de r\u00e9unions bilat\u00e9rales.<\/p>\n<p>Les deux dirigeants devraient \u00e9galement faire avancer les projets de mise en place d&rsquo;une force de s\u00e9curit\u00e9 en Ukraine en cas de cessez-le-feu.<\/p>\n<p>Travers\u00e9es de la Manche<\/p>\n<p>Jeudi, les hauts fonctionnaires des deux pays devraient discuter des travers\u00e9es en petits bateaux, une question \u00e9pineuse pour les gouvernements des deux c\u00f4t\u00e9s de la Manche.<\/p>\n<p>Chaque ann\u00e9e, des milliers de migrants tentent d&rsquo;atteindre le Royaume-Uni depuis le nord de la France, souvent en se cachant dans des camions ou en traversant la Manche \u00e0 bord de petites embarcations.<\/p>\n<p>En r\u00e9action, le Royaume-Uni a sign\u00e9 de nombreux accords avec la France pour renforcer les patrouilles sur les plages et \u00e9changer des renseignements afin de d\u00e9manteler les r\u00e9seaux de passeurs.<\/p>\n<p>Ces accords n&rsquo;ont toutefois eu qu&rsquo;un impact limit\u00e9. En 2024, environ 37 000 personnes ont \u00e9t\u00e9 d\u00e9tect\u00e9es en train de traverser la Manche \u00e0 bord de petites embarcations &#8211; le deuxi\u00e8me chiffre annuel le plus \u00e9lev\u00e9 apr\u00e8s les 46 000 de 2022.<\/p>\n<p>Les chiffres ont augment\u00e9 au cours du premier semestre de cette ann\u00e9e : plus de 20 000 migrants ont travers\u00e9 la Manche au cours des six premiers mois de 2025, soit une augmentation d&rsquo;environ 50 % par rapport \u00e0 la m\u00eame p\u00e9riode de l&rsquo;ann\u00e9e derni\u00e8re.<\/p>\n<p>Keir Starmer, dont le gouvernement de centre-gauche a \u00e9t\u00e9 \u00e9lu il y a un an, s&rsquo;est engag\u00e9 \u00e0 \u00ab\u00a0d\u00e9manteler les gangs\u00a0\u00bb \u00e0 l&rsquo;origine du trafic organis\u00e9 de migrants.<\/p>\n<p>Une partie de ce plan repose sur une coop\u00e9ration plus \u00e9troite avec la France et avec les pays situ\u00e9s plus en amont de la route des migrants en provenance d&rsquo;Afrique et du Moyen-Orient. Le Royaume-Uni souhaite \u00e9galement conclure des accords avec les diff\u00e9rents pays pour reprendre les demandeurs d&rsquo;asile d\u00e9bout\u00e9s.<\/p>\n<p>Le Royaume-Uni a<a href=\"https:\/\/www.euronews.com\/2025\/06\/03\/uk-pressures-france-to-crack-down-on-small-boat-crossings\" target=\"_blank\" rel=\"noopener\">fait pression sur la France pour qu&rsquo;elle modifie sa politique en mati\u00e8re de travers\u00e9es de petites embarcations et qu&rsquo;elle autorise ses agents \u00e0 intervenir contre les embarcations se trouvant dans des eaux plus profondes.<\/p>\n<p>Le gouvernement fran\u00e7ais envisage de modifier sa l\u00e9gislation pour permettre \u00e0 la police d&rsquo;intervenir plus au large. Actuellement, leur autorit\u00e9 est limit\u00e9e au littoral, \u00e0 moins qu&rsquo;ils ne soient oblig\u00e9s de secourir des bateaux en difficult\u00e9.<\/p>\n<p>Tom Wells, porte-parole de Keir Starmer, a d\u00e9clar\u00e9 que certaines des tactiques envisag\u00e9es sont \u00ab\u00a0complexes d&rsquo;un point de vue op\u00e9rationnel et juridique, mais nous travaillons en \u00e9troite collaboration avec les Fran\u00e7ais\u00a0\u00bb.<\/p>\n<p>Guerre en Ukraine<\/p>\n<p>Les deux dirigeants ont \u00e9galement travaill\u00e9 en \u00e9troite collaboration pour rallier le soutien \u00e0 l&rsquo;Ukraine, bien qu&rsquo;ils aient adopt\u00e9 des approches contrast\u00e9es vis-\u00e0-vis du pr\u00e9sident am\u00e9ricain Donald Trump, Emmanuel Macron \u00e9tant plus dispos\u00e9 \u00e0 d\u00e9fier le pr\u00e9sident am\u00e9ricain que Keir Starmer.<\/p>\n<p>Les deux pays ont men\u00e9 des efforts pour former une force internationale de maintien de la paix compos\u00e9e de troupes europ\u00e9ennes et de garanties de s\u00e9curit\u00e9 am\u00e9ricaines pour l&rsquo;Ukraine d\u00e9chir\u00e9e par la guerre en cas de cessez-le-feu.<\/p>\n<p>Donald Trump a montr\u00e9 peu d&rsquo;enthousiasme pour cette id\u00e9e et un cessez-le-feu reste hypoth\u00e9tique, la Russie semblant vouloir poursuivre l&rsquo;invasion de son voisin.<\/p>\n<p>Les fonctionnaires britanniques affirment que l&rsquo;id\u00e9e d&rsquo;une \u00ab\u00a0coalition de volontaires\u00a0\u00bb est toujours d&rsquo;actualit\u00e9. Emmanuel Macron et Keir Starmer doivent participer \u00e0 une vid\u00e9oconf\u00e9rence internationale jeudi pour discuter de la planification de la force.<\/p>\n<p>Keir Starmer s&rsquo;est entretenu avec le pr\u00e9sident ukrainien Volodymyr Zelensky lundi au sujet des \u00ab\u00a0progr\u00e8s significatifs r\u00e9alis\u00e9s par les planificateurs militaires\u00a0\u00bb, a d\u00e9clar\u00e9 le bureau du Premier ministre britannique.<\/p>\n","protected":false},"excerpt":{"rendered":"Par&amp;nbspEuronews&amp;nbspavec&amp;nbspAP Publi\u00e9 le 08\/07\/2025 &#8211; 8:47 UTC+2\u2022Mis \u00e0 jour 17:50 PUBLICIT\u00c9 Emmanuel Macron est arriv\u00e9 mardi au Royaume-Uni&hellip;\n","protected":false},"author":2,"featured_media":235571,"comment_status":"","ping_status":"","sticky":false,"template":"","format":"standard","meta":{"footnotes":""},"categories":[1590],"tags":[11,1073,1777,674,2581,37424,12,220],"class_list":{"0":"post-235570","1":"post","2":"type-post","3":"status-publish","4":"format-standard","5":"has-post-thumbnail","7":"category-ukraine","8":"tag-actualites","9":"tag-emmanuel-macron","10":"tag-eu","11":"tag-europe","12":"tag-keir-starmer","13":"tag-la-manche","14":"tag-news","15":"tag-ukraine"},"share_on_mastodon":{"url":"https:\/\/pubeurope.com\/@fr\/114818623983893686","error":""},"_links":{"self":[{"href":"https:\/\/www.europesays.com\/fr\/wp-json\/wp\/v2\/posts\/235570","targetHints":{"allow":["GET"]}}],"collection":[{"href":"https:\/\/www.europesays.com\/fr\/wp-json\/wp\/v2\/posts"}],"about":[{"href":"https:\/\/www.europesays.com\/fr\/wp-json\/wp\/v2\/types\/post"}],"author":[{"embeddable":true,"href":"https:\/\/www.europesays.com\/fr\/wp-json\/wp\/v2\/users\/2"}],"replies":[{"embeddable":true,"href":"https:\/\/www.europesays.com\/fr\/wp-json\/wp\/v2\/comments?post=235570"}],"version-history":[{"count":0,"href":"https:\/\/www.europesays.com\/fr\/wp-json\/wp\/v2\/posts\/235570\/revisions"}],"wp:featuredmedia":[{"embeddable":true,"href":"https:\/\/www.europesays.com\/fr\/wp-json\/wp\/v2\/media\/235571"}],"wp:attachment":[{"href":"https:\/\/www.europesays.com\/fr\/wp-json\/wp\/v2\/media?parent=235570"}],"wp:term":[{"taxonomy":"category","embeddable":true,"href":"https:\/\/www.europesays.com\/fr\/wp-json\/wp\/v2\/categories?post=235570"},{"taxonomy":"post_tag","embeddable":true,"href":"https:\/\/www.europesays.com\/fr\/wp-json\/wp\/v2\/tags?post=235570"}],"curies":[{"name":"wp","href":"https:\/\/api.w.org\/{rel}","templated":true}]}}