{"id":235572,"date":"2025-07-08T16:45:14","date_gmt":"2025-07-08T16:45:14","guid":{"rendered":"https:\/\/www.europesays.com\/fr\/235572\/"},"modified":"2025-07-08T16:45:14","modified_gmt":"2025-07-08T16:45:14","slug":"de-plus-en-plus-de-canadiens-considerent-les-etats-unis-comme-une-menace-majeure","status":"publish","type":"post","link":"https:\/\/www.europesays.com\/fr\/235572\/","title":{"rendered":"De plus en plus de Canadiens consid\u00e8rent les \u00c9tats-Unis comme une menace majeure"},"content":{"rendered":"<p>WASHINGTON \u2014 Alors que le pr\u00e9sident am\u00e9ricain, Donald Trump, poursuit sa guerre commerciale mondiale et ses discussions sur l\u2019annexion du pays, un nouveau sondage sugg\u00e8re que le pourcentage de Canadiens qui consid\u00e8rent les \u00c9tats-Unis comme une menace majeure a tripl\u00e9 depuis 2019.<\/p>\n<p>Bien que le sondage de cette ann\u00e9e du Pew Research Center sugg\u00e8re que 55\u00a0% des Canadiens estiment toujours que les \u00c9tats-Unis demeurent l\u2019alli\u00e9 le plus important de leur pays, il indique \u00e9galement que 59\u00a0% des r\u00e9pondants consid\u00e8rent d\u00e9sormais le pays au sud de la fronti\u00e8re comme une menace, contre 20\u00a0% lors du sondage de 2019.<\/p>\n<p>Le sondage du Pew Research Center, un centre de recherche \u00e9tabli \u00e0 Washington, a \u00e9t\u00e9 men\u00e9 dans 25\u00a0pays, et le pays le plus souvent cit\u00e9 comme un alli\u00e9 essentiel \u00e9tait les \u00c9tats-Unis.<\/p>\n<p>Mais les \u00c9tats-Unis ont \u00e9galement \u00e9t\u00e9 d\u00e9sign\u00e9s comme la principale menace dans huit de ces pays, dont le Canada et le Mexique.<\/p>\n<p>De nombreux Europ\u00e9ens ont cit\u00e9 la Russie comme la principale menace, et ceux de la r\u00e9gion Asie-Pacifique ont g\u00e9n\u00e9ralement cit\u00e9 la Chine.<\/p>\n<p>Pew a interrog\u00e9 28\u00a0333\u00a0adultes hors des \u00c9tats-Unis du 8\u00a0janvier au 26\u00a0avril, par t\u00e9l\u00e9phone, en ligne et en personne.<\/p>\n","protected":false},"excerpt":{"rendered":"WASHINGTON \u2014 Alors que le pr\u00e9sident am\u00e9ricain, Donald Trump, poursuit sa guerre commerciale mondiale et ses discussions sur&hellip;\n","protected":false},"author":2,"featured_media":235573,"comment_status":"","ping_status":"","sticky":false,"template":"","format":"standard","meta":{"footnotes":""},"categories":[1589],"tags":[11,73,1866,4574,17885,4575,4576,12,1864,1865,1863,308],"class_list":{"0":"post-235572","1":"post","2":"type-post","3":"status-publish","4":"format-standard","5":"has-post-thumbnail","7":"category-etats-unis","8":"tag-actualites","9":"tag-etats-unis","10":"tag-etats-unis-damerique","11":"tag-https-lactualite-com-sujet-affaires","12":"tag-https-lactualite-com-sujet-commerce","13":"tag-https-lactualite-com-sujet-economie","14":"tag-https-lactualite-com-sujet-politique","15":"tag-news","16":"tag-united-states","17":"tag-united-states-of-america","18":"tag-us","19":"tag-usa"},"share_on_mastodon":{"url":"https:\/\/pubeurope.com\/@fr\/114818627905608210","error":""},"_links":{"self":[{"href":"https:\/\/www.europesays.com\/fr\/wp-json\/wp\/v2\/posts\/235572","targetHints":{"allow":["GET"]}}],"collection":[{"href":"https:\/\/www.europesays.com\/fr\/wp-json\/wp\/v2\/posts"}],"about":[{"href":"https:\/\/www.europesays.com\/fr\/wp-json\/wp\/v2\/types\/post"}],"author":[{"embeddable":true,"href":"https:\/\/www.europesays.com\/fr\/wp-json\/wp\/v2\/users\/2"}],"replies":[{"embeddable":true,"href":"https:\/\/www.europesays.com\/fr\/wp-json\/wp\/v2\/comments?post=235572"}],"version-history":[{"count":0,"href":"https:\/\/www.europesays.com\/fr\/wp-json\/wp\/v2\/posts\/235572\/revisions"}],"wp:featuredmedia":[{"embeddable":true,"href":"https:\/\/www.europesays.com\/fr\/wp-json\/wp\/v2\/media\/235573"}],"wp:attachment":[{"href":"https:\/\/www.europesays.com\/fr\/wp-json\/wp\/v2\/media?parent=235572"}],"wp:term":[{"taxonomy":"category","embeddable":true,"href":"https:\/\/www.europesays.com\/fr\/wp-json\/wp\/v2\/categories?post=235572"},{"taxonomy":"post_tag","embeddable":true,"href":"https:\/\/www.europesays.com\/fr\/wp-json\/wp\/v2\/tags?post=235572"}],"curies":[{"name":"wp","href":"https:\/\/api.w.org\/{rel}","templated":true}]}}