{"id":235574,"date":"2025-07-08T16:46:11","date_gmt":"2025-07-08T16:46:11","guid":{"rendered":"https:\/\/www.europesays.com\/fr\/235574\/"},"modified":"2025-07-08T16:46:11","modified_gmt":"2025-07-08T16:46:11","slug":"la-tapisserie-de-bayeux-va-quitter-la-france-et-retourner-au-royaume-uni-une-premiere-en-900-ans","status":"publish","type":"post","link":"https:\/\/www.europesays.com\/fr\/235574\/","title":{"rendered":"La tapisserie de Bayeux va quitter la France et retourner au Royaume-Uni, une premi\u00e8re en 900\u00a0ans"},"content":{"rendered":"<p>        <img decoding=\"async\" loading=\"lazy\" src=\"https:\/\/www.europesays.com\/fr\/wp-content\/uploads\/2025\/07\/986e312_sirius-fs-upload-1-urw88hvmjqvy-1745588853312-000-wx21c.jpg\"  width=\"728\" height=\"485\" alt=\"La tapisserie de Bayeux (en photo) va quitter la France et retourner au Royaume-Uni.\"\/>  <\/p>\n<p>AFP PHOTO \/ VILLE DE BAYEUX \/ STEPHANE MAURICE<\/p>\n<p>La tapisserie de Bayeux (en photo) va quitter la France et retourner au Royaume-Uni.<\/p>\n<p class=\"asset asset-text\">HISTOIRE &#8211; Retour (temporaire) \u00e0 la maison, 900\u00a0ans plus tard. <a href=\"https:\/\/www.huffingtonpost.fr\/france\/article\/combien-de-penis-sur-la-tapisserie-de-bayeux-cette-question-insolite-oppose-deux-historiens-britanniques_249257.html\" target=\"_blank\" rel=\"noopener nofollow\" title=\"Nouvelle fen\u00eatre\">Le tr\u00e9sor qu\u2019est la tapisserie de Bayeux <\/a>va \u00eatre pr\u00eat\u00e9 au British Museum de Londres, a annonc\u00e9 Emmanuel Macron aux quotidiens <a href=\"https:\/\/www.ouest-france.fr\/culture\/patrimoine\/la-tapisserie-de-bayeux-sera-pretee-aux-anglais-indique-emmanuel-macron-a-ouest-france-5f9a8ffe-5be3-11f0-b63d-e15c64c65f39\" target=\"_blank\" rel=\"noopener nofollow\" title=\"Nouvelle fen\u00eatre\">Ouest-France<\/a> et Paris-Normandie, ce mardi 8\u00a0juillet, \u00e0 l\u2019occasion de sa visite d\u2019\u00c9tat de trois jours au Royaume-Uni.<\/p>\n<p class=\"asset asset-text\">En \u00e9change, nos voisins d\u2019outre-Manche vont \u00e9galement pr\u00eater \u00e0 la France plusieurs pi\u00e8ces arch\u00e9ologiques. \u00ab\u00a0Par son caract\u00e8re symbolique, in\u00e9dit et la valeur inestimable des pi\u00e8ces pr\u00eat\u00e9es, cet \u00e9change sans pr\u00e9c\u00e9dent marque la volont\u00e9 de revivifier la relation culturelle entre nos deux pays et la confiance qu\u2019il y a aujourd\u2019hui entre nous\u00a0\u00bb, a d\u00e9clar\u00e9 le pr\u00e9sident aux deux journaux.<\/p>\n<p class=\"asset asset-text\">La tapisserie de Bayeux sera au Royaume-Uni de septembre\u00a02026 \u00e0 juin\u00a02027, en \u00e9change de pi\u00e8ces issues notamment du tr\u00e9sor arch\u00e9ologique de Sutton Hoo. \u00ab\u00a0Nos amis britanniques nous rendent la pareille en nous offrant la possibilit\u00e9 d\u2019exposer de notre c\u00f4t\u00e9 des pi\u00e8ces absolument magnifiques, tir\u00e9es du tr\u00e9sor de Sutton Hoo, des pi\u00e8ces de l\u2019\u00e9chiquier de Lewis\u00a0ou le Bouclier de Battersea\u00a0\u00bb, a pr\u00e9cis\u00e9 Emmanuel Macron. Elles seront accueillies dans les mus\u00e9es de Caen et de Rouen, en Normandie.<\/p>\n<p>    Le r\u00e9cit brod\u00e9 de \u00ab\u00a0Guillaume le conqu\u00e9rant\u00a0\u00bb    <\/p>\n<p class=\"asset asset-text\">En 2018, \u00e0 l\u2019issue d\u2019un sommet avec le pr\u00e9sident fran\u00e7ais, <a href=\"https:\/\/www.huffingtonpost.fr\/international\/article\/pret-de-la-tapisserie-de-bayeux-au-royaume-uni-theresa-may-loue-un-geste-extraordinaire-de-la-france_115926.html\" rel=\"nofollow noopener\" target=\"_blank\">Theresa May avait annonc\u00e9 le pr\u00eat<\/a> de la tapisserie pour 2022. L\u2019\u00e9change a finalement eu lieu avec un peu de retard.<\/p>\n<p class=\"asset asset-text\">La tapisserie de Bayeux est un c\u00e9l\u00e8bre \u00ab\u00a0r\u00e9cit brod\u00e9\u00a0\u00bb de 70 m\u00e8tres de long, confectionn\u00e9e par des brodeurs anglais, qui raconte la conqu\u00eate de l\u2019Angleterre &#8211; dont il deviendra roi &#8211; en l\u2019an 1066 par Guillaume, duc de Normandie, qui sera par la suite appel\u00e9 \u00ab\u00a0Guillaume le conqu\u00e9rant\u00a0\u00bb.<\/p>\n<p> La lecture de ce contenu est susceptible d\u2019entra\u00eener un d\u00e9p\u00f4t de cookies de la part de l\u2019op\u00e9rateur tiers qui l\u2019h\u00e9berge. Compte-tenu des choix que vous avez exprim\u00e9s en mati\u00e8re de d\u00e9p\u00f4t de cookies, nous avons bloqu\u00e9 l\u2019affichage de ce contenu. Si vous souhaitez y acc\u00e9der, vous devez accepter la cat\u00e9gorie de cookies \u201cContenus tiers\u201d en cliquant sur le bouton ci-dessous. <\/p>\n<p> Lire la Vid\u00e9o        <\/p>\n<p class=\"asset asset-text\">Elle est actuellement expos\u00e9e dans un mus\u00e9e de la ville normande de Bayeux (Calvados) qui doit fermer pour travaux \u00e0 partir du 1er\u00a0septembre, et ce jusqu\u2019en octobre\u00a02027. L\u2019\u0153uvre fera l\u2019objet d\u2019une restauration \u00e0 la suite de son pr\u00eat. Comme le souligne <a href=\"https:\/\/www.independent.co.uk\/bulletin\/news\/bayeux-tapestry-british-museum-b2784775.html\" target=\"_blank\" rel=\"noopener nofollow\" title=\"Nouvelle fen\u00eatre\">The Independent<\/a>, c\u2019est la premi\u00e8re fois en 900\u00a0ans qu\u2019elle se retrouve sur le sol britannique.<\/p>\n<p class=\"asset asset-text\">Le tr\u00e9sor de Sutton Hoo est consid\u00e9r\u00e9 comme l\u2019une des plus grandes d\u00e9couvertes arch\u00e9ologiques au Royaume-Uni\u00a0: un navire-tombe mis au jour en 1938-1939 dans le sud-est de l\u2019Angleterre, qui a transform\u00e9 la vision des historiens britanniques sur la p\u00e9riode anglo-saxonne du haut Moyen-\u00c2ge.<\/p>\n<p class=\"asset asset-text\">Le Royaume-Uni avait d\u00e9j\u00e0 demand\u00e9 par trois fois de pouvoir faire un \u00e9change de ce genre impliquant la tapisserie de Bayeux, en 1931, 1953 et 1966, note The Independent. La France avait \u00e0 chaque fois refus\u00e9.<\/p>\n","protected":false},"excerpt":{"rendered":"AFP PHOTO \/ VILLE DE BAYEUX \/ STEPHANE MAURICE La tapisserie de Bayeux (en photo) va quitter la&hellip;\n","protected":false},"author":2,"featured_media":235575,"comment_status":"","ping_status":"","sticky":false,"template":"","format":"standard","meta":{"footnotes":""},"categories":[1588],"tags":[11,251,1777,674,937,14,12,473,1853,1851,1850,1852],"class_list":{"0":"post-235574","1":"post","2":"type-post","3":"status-publish","4":"format-standard","5":"has-post-thumbnail","7":"category-royaume-uni","8":"tag-actualites","9":"tag-culture","10":"tag-eu","11":"tag-europe","12":"tag-histoire","13":"tag-international","14":"tag-news","15":"tag-royaume-uni","16":"tag-royaume-uni-de-grande-bretagne-et-dirlande-du-nord","17":"tag-uk","18":"tag-united-kingdom","19":"tag-united-kingdom-of-great-britain-and-northern-ireland"},"share_on_mastodon":{"url":"https:\/\/pubeurope.com\/@fr\/114818631875186263","error":""},"_links":{"self":[{"href":"https:\/\/www.europesays.com\/fr\/wp-json\/wp\/v2\/posts\/235574","targetHints":{"allow":["GET"]}}],"collection":[{"href":"https:\/\/www.europesays.com\/fr\/wp-json\/wp\/v2\/posts"}],"about":[{"href":"https:\/\/www.europesays.com\/fr\/wp-json\/wp\/v2\/types\/post"}],"author":[{"embeddable":true,"href":"https:\/\/www.europesays.com\/fr\/wp-json\/wp\/v2\/users\/2"}],"replies":[{"embeddable":true,"href":"https:\/\/www.europesays.com\/fr\/wp-json\/wp\/v2\/comments?post=235574"}],"version-history":[{"count":0,"href":"https:\/\/www.europesays.com\/fr\/wp-json\/wp\/v2\/posts\/235574\/revisions"}],"wp:featuredmedia":[{"embeddable":true,"href":"https:\/\/www.europesays.com\/fr\/wp-json\/wp\/v2\/media\/235575"}],"wp:attachment":[{"href":"https:\/\/www.europesays.com\/fr\/wp-json\/wp\/v2\/media?parent=235574"}],"wp:term":[{"taxonomy":"category","embeddable":true,"href":"https:\/\/www.europesays.com\/fr\/wp-json\/wp\/v2\/categories?post=235574"},{"taxonomy":"post_tag","embeddable":true,"href":"https:\/\/www.europesays.com\/fr\/wp-json\/wp\/v2\/tags?post=235574"}],"curies":[{"name":"wp","href":"https:\/\/api.w.org\/{rel}","templated":true}]}}