{"id":235583,"date":"2025-07-08T16:51:10","date_gmt":"2025-07-08T16:51:10","guid":{"rendered":"https:\/\/www.europesays.com\/fr\/235583\/"},"modified":"2025-07-08T16:51:10","modified_gmt":"2025-07-08T16:51:10","slug":"violent-incendie-aux-pennes-mirabeau-le-feu-se-propage-a-marseille-des-habitants-confines-actu-fr","status":"publish","type":"post","link":"https:\/\/www.europesays.com\/fr\/235583\/","title":{"rendered":"Violent incendie aux Pennes-Mirabeau : le feu se propage \u00e0 Marseille, des habitants confin\u00e9s &#8211; Actu.fr"},"content":{"rendered":"<ol>\n<li><a href=\"https:\/\/news.google.com\/rss\/articles\/CBMi9AFBVV95cUxQcktDZ0pKNFVhU1hzcXgxd1lBMTdnYnRTU2pPTTBoclR5cVBDdk0tR2k5TmxWWm9jVEJjcFRseWRWSWNDZjZWQ3gwVm9CRkhtM2RhaUptNnpyQ3lORHJ0WXV4VFJYMnU2MkpJbHZZZHZ2Y2pWY0JsaHF0V19WM3lsYV9LNGg5NlNRSXQySVpPbzBuc3dQQ05MTnVrdFowQVU2YzZkVzQtSmY4TGgwMGpUT3pac3lRMkJ1eVVzUUlvOXk1MFpnRXFSaUw2UlBZYno3RXBXS2htMDd6eVpfbFJfbTd5RFhDdk9kMGp2Vi1lN19XZ3hv?oc=5\" target=\"_blank\" rel=\"noopener\">Violent incendie aux Pennes-Mirabeau : le feu se propage \u00e0 Marseille, des habitants confin\u00e9s<\/a>&nbsp;&nbsp;Actu.fr<\/li>\n<li><a href=\"https:\/\/news.google.com\/rss\/articles\/CBMiswJBVV95cUxNNFptS3pRSTBhblEtQ0NPMHhBSTFkN0NNWXc0QkhrV0hKNWplRl8ybWMyUjRXOXQ0YlVENVJBYWRhdS1ZNXcyaU8yeEx0aDVscV9lcE5zbDZrMFN3MDJicG9WajRkLU5JWlgwODJRel9hR2JUbXRQeVZnT1NNOWxWUWJ3Z3RsQ2tQZFJjN2N1eWNUd3FpXzFRblVJRTM5NG1YWG1CSGo3N1JxM2dhbGpGYjQ1UkY3eW00WlBDaTJjT084ckFlR3ZWOHozUkd2Z1p6Rnk5eVA1OWkwcG81bERCSXExMWZpNHRUOG50QXpfOTB0MXZOaTlIelQ4NzRqcWtqWVduTE5rbHN6LUhFeWNnU0pnR2pzX29IYUFwUGMxbTdFVXQ3OENGMmxsTTYyUmFsMDFR?oc=5\" target=\"_blank\" rel=\"noopener\">En direct, incendies : le feu progresse \u00e0 Marseille, pouss\u00e9 par un mistral violent ; l\u2019ensemble des habitants appel\u00e9s \u00e0 rester confin\u00e9s<\/a>&nbsp;&nbsp;Le Monde.fr<\/li>\n<li><a href=\"https:\/\/news.google.com\/rss\/articles\/CBMi6AFBVV95cUxQQXJGVC1pbGRxSFlNVDNCNjF0aTBiNl9SMEJJUFJQT19VQnVrQmF6eTVNNFBNNmQ1bjNZbE16V3hOTWNvYkJBN2FzaGJSS1dvWFE3TFp6NDgxZXpoOXFuVEFpbTBBT28zeVhBN1pCUzZFWm14blMyVVpDNXY0TDJNWURyRUtzUkViLWF3UEc5YWFtV0h5VGdpQUJnUFZKUm5pdWtkd0E4UTJpUTBoVGJ5TExFLVJFUFpWaHlPU3AxdDdpWlFEa3Y2ZU9PcFE5YmlzN2NpZnFYdWJ3Rk5CUXN4RVV4Ym1NZmVP?oc=5\" target=\"_blank\" rel=\"noopener\">Incendie \u00e0 Marseille: \u00ab\u00a0L&rsquo;h\u00f4pital tient bon\u00a0\u00bb, assure Lionel Velly (directeur m\u00e9dical de crise de l&rsquo;AP-HM)<\/a>&nbsp;&nbsp;BFMTV<\/li>\n<li><a href=\"https:\/\/news.google.com\/rss\/articles\/CBMirgJBVV95cUxNcjZHU3dNbTdMVTVlR2dWbkV0dElieTlMTTQ2V0w3VThTLXYybFdDcEVTZWRhQVhhUWNva2txaVM1UU80VDBvekM0VHFxMnZnYmZycFpYVEw1RG5XaEpTbVVRU2tVOWFWVUwwRE4zVmJlcUtVM3M3d1pyMzh5eHVRN2JmdkRtUVVfdng3alItZXpxbnl2QnY5MDMzaXp1RmNIeW81N0lRcUV4SjgxbEtFVjhHMi1MUTZzQUkyQ0taY0JiRUUxdlBmSFZ6YVNHdDQ0ejhMOXlOVm5QQzNmTlNBUnJFNU1xcmZTRHlValZ2OUh5ZTZCNWNnWEZpNjdQREk2ZW1JUk9IN21NM2Jlc2FlX0wySWowaXZPWjhxUndHeG5kX0Z4MGYySE5paWFjUQ?oc=5\" target=\"_blank\" rel=\"noopener\">Incendie aux Pennes-Mirabeau : avions clou\u00e9s au sol, appel \u00e0 confinement&#8230; suivez notre direct<\/a>&nbsp;&nbsp;La Provence<\/li>\n<li><a href=\"https:\/\/news.google.com\/rss\/articles\/CBMi4wFBVV95cUxPdnh5VVcyM1FDRGlBUGZ2N0F2aXJQc0V4WmJJSXRTRzBFOWg3ckowN1hJZER2ZlVod1kyVi1UaGVSWWZfM3ZYUjNhQ1VpNUJUNXNHRy0tYmc0VGJiZVhfV0lpOU0wUTVCbG50QnItTEVsRFF4OHp0VWxxS29TVGREZFczM05EOWpZY0Y3ZUh2WThLbTNxOUVxTEpBUUJIeHBYdGFqeU1RcWg0akZ6MjRJMUlxU3RPLTV1Uld1dkk4MjRsUGQySmNWOGtQWWx1U2swQUJEZl9vRHA1cHpDaVIyeEZtYw?oc=5\" target=\"_blank\" rel=\"noopener\">\u00ab\u00a0D\u00e9fendre Marseille\u00a0\u00bb : les consignes de s\u00e9curit\u00e9 du pr\u00e9fet des Bouches-du-Rh\u00f4ne face \u00e0 l&rsquo;incendie<\/a>&nbsp;&nbsp;Portail Orange<\/li>\n<\/ol>\n","protected":false},"excerpt":{"rendered":"Violent incendie aux Pennes-Mirabeau : le feu se propage \u00e0 Marseille, des habitants confin\u00e9s&nbsp;&nbsp;Actu.fr En direct, incendies :&hellip;\n","protected":false},"author":2,"featured_media":235584,"comment_status":"","ping_status":"","sticky":false,"template":"","format":"standard","meta":{"footnotes":""},"categories":[2],"tags":[11,118,1011,27,1310,17289,12,25],"class_list":{"0":"post-235583","1":"post","2":"type-post","3":"status-publish","4":"format-standard","5":"has-post-thumbnail","7":"category-actualites","8":"tag-actualites","9":"tag-faits-divers","10":"tag-fr","11":"tag-france","12":"tag-incendie","13":"tag-marin-pompier","14":"tag-news","15":"tag-republique-francaise"},"share_on_mastodon":{"url":"https:\/\/pubeurope.com\/@fr\/114818651490532343","error":""},"_links":{"self":[{"href":"https:\/\/www.europesays.com\/fr\/wp-json\/wp\/v2\/posts\/235583","targetHints":{"allow":["GET"]}}],"collection":[{"href":"https:\/\/www.europesays.com\/fr\/wp-json\/wp\/v2\/posts"}],"about":[{"href":"https:\/\/www.europesays.com\/fr\/wp-json\/wp\/v2\/types\/post"}],"author":[{"embeddable":true,"href":"https:\/\/www.europesays.com\/fr\/wp-json\/wp\/v2\/users\/2"}],"replies":[{"embeddable":true,"href":"https:\/\/www.europesays.com\/fr\/wp-json\/wp\/v2\/comments?post=235583"}],"version-history":[{"count":0,"href":"https:\/\/www.europesays.com\/fr\/wp-json\/wp\/v2\/posts\/235583\/revisions"}],"wp:featuredmedia":[{"embeddable":true,"href":"https:\/\/www.europesays.com\/fr\/wp-json\/wp\/v2\/media\/235584"}],"wp:attachment":[{"href":"https:\/\/www.europesays.com\/fr\/wp-json\/wp\/v2\/media?parent=235583"}],"wp:term":[{"taxonomy":"category","embeddable":true,"href":"https:\/\/www.europesays.com\/fr\/wp-json\/wp\/v2\/categories?post=235583"},{"taxonomy":"post_tag","embeddable":true,"href":"https:\/\/www.europesays.com\/fr\/wp-json\/wp\/v2\/tags?post=235583"}],"curies":[{"name":"wp","href":"https:\/\/api.w.org\/{rel}","templated":true}]}}