{"id":235585,"date":"2025-07-08T16:52:14","date_gmt":"2025-07-08T16:52:14","guid":{"rendered":"https:\/\/www.europesays.com\/fr\/235585\/"},"modified":"2025-07-08T16:52:14","modified_gmt":"2025-07-08T16:52:14","slug":"tour-de-france-2025-et-cest-encore-le-slovene-tadej-pogacar-qui-lemporte-a-la-4e-etape","status":"publish","type":"post","link":"https:\/\/www.europesays.com\/fr\/235585\/","title":{"rendered":"Tour de France 2025 : et c&rsquo;est encore le Slov\u00e8ne Tadej Pogacar qui l&#8217;emporte \u00e0 la 4e \u00e9tape"},"content":{"rendered":"<p>Rouen (Seine-Maritime), envoy\u00e9 sp\u00e9cial.<\/p>\n<p>Acte\u00a0I, sc\u00e8ne\u00a0I. Avec le Tour, nous venons tous au v\u00e9lo avant terme. Et quand les traces m\u00e9morielles se confondent avec la L\u00e9gende en mode onirique, nous continuons de puiser dans le patrimoine de cette francit\u00e9 insolente qui condescend une fois l\u2019an \u00e0 honorer les exploits en tricolore. Alors, cette France de Juillet dessine les contours d\u2019un Hexagone de salle de classe. Avec ses bordures. Ses reliefs. Et ses h\u00e9ros. <\/p>\n<p>Entre Amiens et Rouen (174,2\u00a0km), il y eut le kilom\u00e8tre 128,1. Le peloton aurait pu, d\u00fb s\u2019y arr\u00eater. S\u2019y recueillir, prier les dieux du v\u00e9lo. Comme pour prendre la mesure d\u2019un profil juch\u00e9 de cinq bosses dans le final, avant de toucher la ville aux \u00ab\u00a0cent cloch\u00e9s\u00a0\u00bb d\u00e9crite par Hugo. Kilom\u00e8tres 128,1, donc. Nous arriv\u00e2mes \u00e0 La Neuville-Chant-d\u2019Oisel, au pied de la c\u00f4te baptis\u00e9e \u00ab\u00a0Jacques Anquetil\u00a0\u00bb (3,6\u00a0km \u00e0 3,6\u00a0%). \u00ab\u00a0C\u2019est bien ici\u00a0?\u00a0\u00bb Des hurlements de corbeaux trou\u00e8rent le silence de la campagne. D\u00e9j\u00e0, nous devinions les fragments de la mythologie usin\u00e9e par un Normand hors-norme.<\/p>\n<p>\u00c9motion intacte, souvenirs des premi\u00e8res visites. Nous nous trouv\u00e2mes sur les hauteurs de Sotteville-l\u00e8s-Rouen, sous un soleil g\u00e9n\u00e9reux. \u00ab\u00a0Oui, c\u2019est bien l\u00e0\u00a0\u00bb, le ch\u00e2teau Anquetil, dit ch\u00e2teau des Elfes, datant du XIXe, o\u00f9 s\u00e9journ\u00e8rent Maupassant et Flaubert et acquis par Ma\u00eetre Jacques en 1961. <\/p>\n<p>Dans nos regards humides, l\u2019imagination et la passion se projet\u00e8rent en action, assez pour repenser aux quelques images en noir et blanc qui montr\u00e8rent, un jour de pluie, les membres onctueux d\u2019un cycliste venu d\u2019ailleurs, dans ses d\u00e9buts inou\u00efs, \u00e0 Sotteville, o\u00f9 il signa sa premi\u00e8re licence amateur, lui l\u2019apprenti ajusteur titulaire d\u2019un CAP. Parce qu\u2019il \u00ab\u00a0jouissait de la bienveillance des vents\u00a0\u00bb, avec son \u00ab\u00a0nez aigu et son visage de fine lame\u00a0\u00bb<a href=\"#91778f0f-ad4f-4828-a2f3-7ce87e90d012\" id=\"91778f0f-ad4f-4828-a2f3-7ce87e90d012-link\">1<\/a>, Anquetil trouva ici, par la volont\u00e9 de sa force supr\u00eame, des routes dignes de sa d\u00e9mesure. Et plus tard, une demeure bourgeoise pour se reposer et tenter de ratatiner la patine des efforts.<\/p>\n<p>Le livre de l\u2019imaginaire<\/p>\n<p>Acte\u00a0I, sc\u00e8ne\u00a0II. Un murmure\u00a0: \u00ab\u00a0C\u2019est sur ses routes qu\u2019il a d\u00e9but\u00e9.\u00a0\u00bb Puis sonna 16\u00a0h\u00a035, et quatre \u00e9chapp\u00e9s (Asgreen, Gachignard, Abrahamsen et Martinez) franchirent le sommet de la c\u00f4te \u00ab\u00a0Jacques Anquetil\u00a0\u00bb, avant la grande bataille terminale des puncheurs et autres cadors. <\/p>\n<p>Aucune comparaison possible avec le grand Jacques, premier quintuple vainqueur, lui l\u2019ancien jeunot \u00e9chapp\u00e9 des brumes pour conqu\u00e9rir le monde, ma\u00eetre du temps et mod\u00e8le d\u2019esth\u00e9tisme. \u00c0 l\u2019\u00e9poque, \u00ab\u00a0c\u2019est une sorte de commotion que l\u2019irruption du g\u00e9nie\u00a0\u00bb. D\u00e8s les origines, \u00ab\u00a0Anquetil enveloppe sa machine\u00a0; il p\u00e9dale de la pointe, effa\u00e7ant la douleur en signe de politesse. (\u2026) Sorti d\u2019un r\u00eave de bu\u00e9e, cet ange diaphane allait offrir la mati\u00e8re d\u2019un mythe dont il serait le seul h\u00e9ros et l\u2019unique victime\u00a0\u00bb<a href=\"#b240964a-88b9-4320-b64f-6decab80a1e2\" id=\"b240964a-88b9-4320-b64f-6decab80a1e2-link\">2<\/a>.<\/p>\n<p>Acte\u00a0II, sc\u00e8ne\u00a0I. Que nous regardions avec int\u00e9r\u00eat les p\u00e9dal\u00e9s de Pogacar, de Vingegaard ou d\u2019Evenepoel, rehauss\u00e9es par les \u00e9lans stylistiques des Hinault ou Fignon, admettons aujourd\u2019hui encore que le coup de p\u00e9dale du \u00ab\u00a0pionnier\u00a0\u00bb Anquetil demeura le secret le mieux gard\u00e9 du peloton\u00a0: c\u2019\u00e9tait le sien. <\/p>\n<p>Comment ne pas s\u2019\u00e9mouvoir devant cette facilit\u00e9 qui \u00e9claira l\u2019humanit\u00e9 du v\u00e9lo comme on re\u00e7oit la lumi\u00e8re\u00a0? Comment s\u2019en \u00e9tonner, bient\u00f4t quarante ans apr\u00e8s sa mort, en 1987, quand surgissent toujours les traces-sans-traces de nos Tours d\u2019enfance\u00a0? Et surtout, comment s\u2019en affranchir, ici-et-maintenant, lorsque \u00ab\u00a0la classe soyeuse\u00a0\u00bb devint patrimoine r\u00e9f\u00e9renc\u00e9, \u00e0 nul autre semblable\u00a0? <\/p>\n<p>Car le cyclisme permit \u00e0 Anquetil de s\u2019abstraire de sa condition, celle de son p\u00e8re, cultivateur de fraises, courb\u00e9 du matin au soir. D\u2019o\u00f9 la mani\u00e8re f\u0153tale sur le v\u00e9lo, telle une seconde nature, s\u2019inventant une noblesse particuli\u00e8re, cheminant toujours \u00e0 rebours du temps. Non pour ajouter des lignes au palmar\u00e8s ou pour l\u2019argent, mais pour contresigner le livre de l\u2019imaginaire.<\/p>\n<p>La dix-huiti\u00e8me victoire d\u2019\u00e9tape du Slov\u00e8ne Tadej Pogacar<\/p>\n<p>Acte\u00a0II, sc\u00e8ne\u00a0II. Au ch\u00e2teau de La Neuville-Chant-d\u2019Oisel, dix-sept kilom\u00e8tres au sud-est de Rouen, les chemins se lovaient autour d\u2019arbres centenaires. Cette acquisition donna \u00e0 Jacques Anquetil des airs de seigneur et lui offrit le cadre en solitaire d\u2019un ultime voyage au bout de la nuit. Lui, marchant sur ses terres, loin de tout. Au moins n\u2019\u00e9tait-il \u00ab\u00a0prisonnier de rien\u00a0\u00bb, \u00ab\u00a0authentique \u00e9mancip\u00e9\u00a0\u00bb, unique ma\u00eetre \u00ab\u00a0de sa propre classe\u00a0\u00bb, celle qu\u2019il avait cr\u00e9\u00e9e, celle d\u2019\u00ab\u00a0un intouchable\u00a0\u00bb <a href=\"#1f6f710c-1acc-4122-85ef-c8b545e82a3b\" id=\"1f6f710c-1acc-4122-85ef-c8b545e82a3b-link\">3<\/a>.<\/p>\n<p>Que dirait-il de lui-m\u00eame\u00a0? Ceci\u00a0: \u00ab\u00a0Il suffit que je me sente prisonnier d\u2019un mur pour avoir envie de le sauter. C\u2019est un r\u00e9flexe. La cigarette est proscrite, je fume. Il ne faut pas sortir le soir, je sors.\u00a0\u00bb Et il confesserait\u00a0: \u00ab\u00a0Le cyclisme n\u2019est pas mon sport. Je ne l\u2019ai pas choisi, c\u2019est lui qui m\u2019a choisi. Je n\u2019aime pas le v\u00e9lo, le v\u00e9lo m\u2019aime. Il va le payer.\u00a0\u00bb<\/p>\n<p>\u00c9pilogue. Peut-\u00eatre aurait-il appr\u00e9ci\u00e9 la dix-huiti\u00e8me victoire d\u2019\u00e9tape du Slov\u00e8ne Tadej Pogacar (UAE), au c\u0153ur de Rouen. Sans doute aurait-il aim\u00e9 le soleil fuyant de sa Normandie, cet \u00e9clat furtif dans le d\u00e9roul\u00e9 du charme et, comme jadis, \u00e9crire \u00e0 l\u2019avance sa marche dans l\u2019illimit\u00e9. Pour que, avec lui, devant l\u2019inaccessible \u00e9toile, le chronicoeur puisse clamer cette autre d\u00e9finition de l\u2019amour absolu\u00a0: la m\u00e9lancolie cycliste.<\/p>\n<p>1. Tadej Pogacar (SLO\/UAD) en 3 h 50\u2019 29\u2019\u2019 (moyenne 45,4 km\/h)<\/p>\n<p>2. Mathieu Van der Poel (NED\/ADC) m. t.<\/p>\n<p>3. Jonas Vingegaard (DEN\/TVL) m. t.<\/p>\n<p>Classement g\u00e9n\u00e9ral<\/p>\n<p>1. Mathieu Van der Poel (NED\/ADC) 16 h 46\u2032<\/p>\n<p>2. Tadej Pogacar (SLO\/UAD) \u00e0 0<\/p>\n<p>3. Jonas Vingegaard (DEN\/TVL) 8\u2019\u2019<\/p>\n<p>Maillot \u00e0 pois (grimpeur): Tadej Pogacar (SLO\/UAD)<\/p>\n<p>Maillot vert (points) : Jonathan Milan (ITA\/LTK)<\/p>\n<p>Maillot blanc (jeune) : K\u00e9vin Vauquelin (FRA\/ARK)<\/p>\n<p>5e \u00e9tape\u00a0: Caen-Caen (33 km, contre la montre individuel)<\/p>\n<p>1. Tadej Pogacar (SLO\/UAD) en 3 h 50\u2019 29\u2019\u2019 (moyenne 45,4 km\/h)<\/p>\n<p>2. Mathieu Van der Poel (NED\/ADC) m. t.<\/p>\n<p>3. Jonas Vingegaard (DEN\/TVL) m. t.<\/p>\n<p>Classement g\u00e9n\u00e9ral<\/p>\n<p>1. Mathieu Van der Poel (NED\/ADC) 16 h 46\u2032<\/p>\n<p>2. Tadej Pogacar (SLO\/UAD) \u00e0 0<\/p>\n<p>3. Jonas Vingegaard (DEN\/TVL) 8\u2019\u2019<\/p>\n<p>Maillot \u00e0 pois (grimpeur): Tadej Pogacar (SLO\/UAD)<\/p>\n<p>Maillot vert (points) : Jonathan Milan (ITA\/LTK)<\/p>\n<p>Maillot blanc (jeune) : K\u00e9vin Vauquelin (FRA\/ARK)<\/p>\n<p>5e \u00e9tape\u00a0: Caen-Caen (33 km, contre la montre individuel)<\/p>\n<p>1. Tadej Pogacar (SLO\/UAD) en 3 h 50\u2019 29\u2019\u2019 (moyenne 45,4 km\/h)<\/p>\n<p>2. Mathieu Van der Poel (NED\/ADC) m. t.<\/p>\n<p>3. Jonas Vingegaard (DEN\/TVL) m. t.<\/p>\n<p>Classement g\u00e9n\u00e9ral<\/p>\n<p>1. Mathieu Van der Poel (NED\/ADC) 16 h 46\u2032<\/p>\n<p>2. Tadej Pogacar (SLO\/UAD) \u00e0 0<\/p>\n<p>3. Jonas Vingegaard (DEN\/TVL) 8\u2019\u2019<\/p>\n<p>Maillot \u00e0 pois (grimpeur): Tadej Pogacar (SLO\/UAD)<\/p>\n<p>Maillot vert (points) : Jonathan Milan (ITA\/LTK)<\/p>\n<p>Maillot blanc (jeune) : K\u00e9vin Vauquelin (FRA\/ARK)<\/p>\n<p>5e \u00e9tape\u00a0: Caen-Caen (33 km, contre la montre individuel)<\/p>\n","protected":false},"excerpt":{"rendered":"Rouen (Seine-Maritime), envoy\u00e9 sp\u00e9cial. Acte\u00a0I, sc\u00e8ne\u00a0I. Avec le Tour, nous venons tous au v\u00e9lo avant terme. Et quand&hellip;\n","protected":false},"author":2,"featured_media":235586,"comment_status":"","ping_status":"","sticky":false,"template":"","format":"standard","meta":{"footnotes":""},"categories":[4],"tags":[11,1011,27,12,25,210],"class_list":{"0":"post-235585","1":"post","2":"type-post","3":"status-publish","4":"format-standard","5":"has-post-thumbnail","7":"category-france","8":"tag-actualites","9":"tag-fr","10":"tag-france","11":"tag-news","12":"tag-republique-francaise","13":"tag-tour-de-france"},"share_on_mastodon":{"url":"https:\/\/pubeurope.com\/@fr\/114818655602679286","error":""},"_links":{"self":[{"href":"https:\/\/www.europesays.com\/fr\/wp-json\/wp\/v2\/posts\/235585","targetHints":{"allow":["GET"]}}],"collection":[{"href":"https:\/\/www.europesays.com\/fr\/wp-json\/wp\/v2\/posts"}],"about":[{"href":"https:\/\/www.europesays.com\/fr\/wp-json\/wp\/v2\/types\/post"}],"author":[{"embeddable":true,"href":"https:\/\/www.europesays.com\/fr\/wp-json\/wp\/v2\/users\/2"}],"replies":[{"embeddable":true,"href":"https:\/\/www.europesays.com\/fr\/wp-json\/wp\/v2\/comments?post=235585"}],"version-history":[{"count":0,"href":"https:\/\/www.europesays.com\/fr\/wp-json\/wp\/v2\/posts\/235585\/revisions"}],"wp:featuredmedia":[{"embeddable":true,"href":"https:\/\/www.europesays.com\/fr\/wp-json\/wp\/v2\/media\/235586"}],"wp:attachment":[{"href":"https:\/\/www.europesays.com\/fr\/wp-json\/wp\/v2\/media?parent=235585"}],"wp:term":[{"taxonomy":"category","embeddable":true,"href":"https:\/\/www.europesays.com\/fr\/wp-json\/wp\/v2\/categories?post=235585"},{"taxonomy":"post_tag","embeddable":true,"href":"https:\/\/www.europesays.com\/fr\/wp-json\/wp\/v2\/tags?post=235585"}],"curies":[{"name":"wp","href":"https:\/\/api.w.org\/{rel}","templated":true}]}}