{"id":235587,"date":"2025-07-08T16:53:20","date_gmt":"2025-07-08T16:53:20","guid":{"rendered":"https:\/\/www.europesays.com\/fr\/235587\/"},"modified":"2025-07-08T16:53:20","modified_gmt":"2025-07-08T16:53:20","slug":"oihan-guillamoundeguy-signe-sa-meilleure-performance-et-integre-le-top-20-du-general","status":"publish","type":"post","link":"https:\/\/www.europesays.com\/fr\/235587\/","title":{"rendered":"Oihan Guillamoundeguy signe sa meilleure performance et int\u00e8gre le top 20 du g\u00e9n\u00e9ral"},"content":{"rendered":"<p>\t\t\t\t\t\t<img width=\"770\" height=\"557\" src=\"https:\/\/www.europesays.com\/fr\/wp-content\/uploads\/2025\/07\/oihan-guillamoundeguy-challenge-tour-leader-golf-allemagne-road-mallorca-2-770x557.jpg\" class=\"img-responsive wp-post-image\" alt=\"Oihan Guillamoundeguy (Photo by Octavio Passos \/ GETTY IMAGES EUROPE \/ Getty Images via AFP)\" decoding=\"async\" fetchpriority=\"high\"  \/>\t\t\t\t\t<\/p>\n<p>\t\t\t\t\t\t Partager cet article <\/p>\n<p class=\"screen-reader-text juiz_sps_maybe_hidden_text\">Partager la publication \u00ab\u00a0Oihan Guillamoundeguy signe sa meilleure performance et int\u00e8gre le top 20 du g\u00e9n\u00e9ral\u00a0\u00bb<\/p>\n<p><strong>Oihan Guillamoundeguy est mont\u00e9 pour la toute premi\u00e8re fois sur un podium d\u2019une \u00e9preuve de l\u2019HotelPlanner Tour ce dimanche au Schladming-Dachstein Golf Club en Autriche. F\u00e9lix Mory et Maxence Giboudot suivent dans le top 15.<\/strong><\/p>\n<p>\u00a0<\/p>\n<p>Leader avec deux coups d\u2019avance \u00e0 mi-parcours, <strong>Maximilian Steinlechner<\/strong> n\u2019a pas flanch\u00e9 ce week-end afin de d\u00e9crocher, \u00e0 25 ans, sa toute premi\u00e8re victoire sur l\u2019<strong>HotelPlanner Tour<\/strong>. L\u2019Autrichien, qui jouait \u00e0 domicile, a enregistr\u00e9 des cartes de 66 (-3) et 64 (-5) durant les deux derniers tours. Gr\u00e2ce \u00e0 ce succ\u00e8s, il grimpe \u00e0 la troisi\u00e8me place du g\u00e9n\u00e9ral.<\/p>\n<p>\u00a0<\/p>\n<blockquote class=\"twitter-tweet\">\n<p dir=\"ltr\" lang=\"en\">Steinlechner birdied the last to seal his first HotelPlanner Tour title \u2764\ufe0f<a href=\"https:\/\/twitter.com\/hashtag\/InterwettenOpen?src=hash&amp;ref_src=twsrc%5Etfw\" rel=\"nofollow noopener\" target=\"_blank\">#InterwettenOpen<\/a> <a href=\"https:\/\/t.co\/cqbvQ1gAVu\" rel=\"nofollow\">pic.twitter.com\/cqbvQ1gAVu<\/a><\/p>\n<p>\u2014 HotelPlanner Tour (@HPlanner_Tour) <a href=\"https:\/\/twitter.com\/HPlanner_Tour\/status\/1941833710220738723?ref_src=twsrc%5Etfw\" rel=\"nofollow noopener\" target=\"_blank\">July 6, 2025<\/a><\/p>\n<\/blockquote>\n<p>\u00a0<\/p>\n<p>Revenu \u00e0 un coup \u00e0 l\u2019aube du dernier tour, l\u2019Italien <strong>Filippo Celli<\/strong> a finalement \u00e9chou\u00e9 \u00e0 deux longueurs ce dimanche. Trois joueurs se sont partag\u00e9s la troisi\u00e8me place : les Sud-Africains <strong>JC Ritchie <\/strong>et<strong> Jovan Rebula<\/strong> ainsi que <strong>Oihan Guillamoundeguy<\/strong>. C\u2019est la toute premi\u00e8re fois que le Landais de 20 ans monte sur le podium d\u2019une \u00e9preuve de la deuxi\u00e8me division europ\u00e9enne.<\/p>\n<p>Celui qui s\u2019entra\u00eene \u00e0 <strong>Seignosse<\/strong> a connu un magnifique week-end avec des cartes 63 (-6) et 64 (-5). Gr\u00e2ce \u00e0 ce troisi\u00e8me top 5 de la saison, il monte \u00e0 la douzi\u00e8me position du g\u00e9n\u00e9ral, place synonyme de mont\u00e9e sur le <strong>DP World Tour<\/strong>.<\/p>\n<p>\t\t\t\t\t<a id=\"177170\" href=\"https:\/\/www.golfplanete.com\/actualites\/oihan-guillamoundeguy-signe-sa-meilleure-performance-et-integre-le-top-20-du-general\/mailto:h6660@accor.com\" target=\"_blank\" rel=\"sponsorised nofollow noopener\"><img fetchpriority=\"high\" decoding=\"async\" src=\"https:\/\/www.europesays.com\/fr\/wp-content\/uploads\/2025\/06\/cabot-e03-offre-speciale-ete-1170x275-1.gif\" class=\"img-responsive\" alt=\"\"\/><\/a><\/p>\n<p><a href=\"https:\/\/www.europeantour.com\/hotelplanner-tour\/european-event-2025\/leaderboard\" target=\"_blank\" rel=\"noopener nofollow\">Retrouvez le classement complet<\/a><\/p>\n<p>\u00a0<\/p>\n<p>Nouveau top 10 pour F\u00e9lix Mory<\/p>\n<p>Apr\u00e8s son abandon pr\u00e9coce au Vaudrueil, <strong>F\u00e9lix Mory<\/strong> s\u2019est tr\u00e8s bien relanc\u00e9, un mois apr\u00e8s son titre au <strong>Swiss Challenge<\/strong>. Le Lillois a pris la dixi\u00e8me place de l\u2019\u00e9preuve, \u00e0 trois coups du podium. <strong>Maxence Giboudot<\/strong> s\u2019est lui aussi invit\u00e9 dans le top 20 avec sa 15e place.<\/p>\n<p><strong>Bastien Amat <\/strong>et<strong> Mathieu Decottignies Lafon<\/strong> (37es), <strong>Nathan Legendre<\/strong> (49e) et <strong>Cl\u00e9ment Charmasson<\/strong> (55e) avaient \u00e9galement pass\u00e9 le cut.<\/p>\n<p>\u00a0<\/p>\n<p>Le leaderboard<\/p>\n<p><img loading=\"lazy\" decoding=\"async\" class=\"alignnone size-image-largeur-770 wp-image-178611\" src=\"data:image\/svg+xml,%3Csvg%20xmlns=\" http:=\"\" alt=\"\" width=\"770\" height=\"335\" data-lazy- data-lazy- data-lazy-src=\"https:\/\/www.europesays.com\/fr\/wp-content\/uploads\/2025\/07\/capture-decran-2025-07-06-a-14.55.28-770x335.png\"\/><\/p>\n<p>Les autres Fran\u00e7ais<\/p>\n<p><img loading=\"lazy\" decoding=\"async\" class=\"alignnone size-image-largeur-770 wp-image-178610\" src=\"data:image\/svg+xml,%3Csvg%20xmlns=\" http:=\"\" alt=\"\" width=\"770\" height=\"373\" data-lazy- data-lazy- data-lazy-src=\"https:\/\/www.europesays.com\/fr\/wp-content\/uploads\/2025\/07\/capture-decran-2025-07-06-a-14.55.16-770x373.png\"\/><\/p>\n<p>\u00a0<\/p>\n<p>\u00a9Octavio Passos \/ GETTY IMAGES EUROPE \/ Getty Images via AFP<\/p>\n<p>\t\t\t\t\t<a id=\"177253\" href=\"https:\/\/www.noyangolf.com\/fr\/\" target=\"_blank\" rel=\"sponsorised nofollow noopener\"><img decoding=\"async\" src=\"data:image\/svg+xml,%3Csvg%20xmlns=\" http:=\"\" class=\"img-responsive\" alt=\"\" data-lazy-src=\"https:\/\/www.europesays.com\/fr\/wp-content\/uploads\/2025\/06\/noyan-e01-where-golf-meets-excellence-1170x275-1.jpg\"\/><\/a><\/p>\n<p>\t\t\t<script async src=\"https:\/\/platform.twitter.com\/widgets.js\" charset=\"utf-8\"><\/script><\/p>\n","protected":false},"excerpt":{"rendered":"Partager cet article Partager la publication \u00ab\u00a0Oihan Guillamoundeguy signe sa meilleure performance et int\u00e8gre le top 20 du&hellip;\n","protected":false},"author":2,"featured_media":235588,"comment_status":"","ping_status":"","sticky":false,"template":"","format":"standard","meta":{"footnotes":""},"categories":[1418],"tags":[1011,27,1472,60],"class_list":{"0":"post-235587","1":"post","2":"type-post","3":"status-publish","4":"format-standard","5":"has-post-thumbnail","7":"category-golf","8":"tag-fr","9":"tag-france","10":"tag-golf","11":"tag-sports"},"share_on_mastodon":{"url":"https:\/\/pubeurope.com\/@fr\/114818659684528654","error":""},"_links":{"self":[{"href":"https:\/\/www.europesays.com\/fr\/wp-json\/wp\/v2\/posts\/235587","targetHints":{"allow":["GET"]}}],"collection":[{"href":"https:\/\/www.europesays.com\/fr\/wp-json\/wp\/v2\/posts"}],"about":[{"href":"https:\/\/www.europesays.com\/fr\/wp-json\/wp\/v2\/types\/post"}],"author":[{"embeddable":true,"href":"https:\/\/www.europesays.com\/fr\/wp-json\/wp\/v2\/users\/2"}],"replies":[{"embeddable":true,"href":"https:\/\/www.europesays.com\/fr\/wp-json\/wp\/v2\/comments?post=235587"}],"version-history":[{"count":0,"href":"https:\/\/www.europesays.com\/fr\/wp-json\/wp\/v2\/posts\/235587\/revisions"}],"wp:featuredmedia":[{"embeddable":true,"href":"https:\/\/www.europesays.com\/fr\/wp-json\/wp\/v2\/media\/235588"}],"wp:attachment":[{"href":"https:\/\/www.europesays.com\/fr\/wp-json\/wp\/v2\/media?parent=235587"}],"wp:term":[{"taxonomy":"category","embeddable":true,"href":"https:\/\/www.europesays.com\/fr\/wp-json\/wp\/v2\/categories?post=235587"},{"taxonomy":"post_tag","embeddable":true,"href":"https:\/\/www.europesays.com\/fr\/wp-json\/wp\/v2\/tags?post=235587"}],"curies":[{"name":"wp","href":"https:\/\/api.w.org\/{rel}","templated":true}]}}