{"id":23559,"date":"2025-04-14T03:16:11","date_gmt":"2025-04-14T03:16:11","guid":{"rendered":"https:\/\/www.europesays.com\/fr\/23559\/"},"modified":"2025-04-14T03:16:11","modified_gmt":"2025-04-14T03:16:11","slug":"frappe-russe-en-ukraine-34-morts-une-centaine-de-blesses","status":"publish","type":"post","link":"https:\/\/www.europesays.com\/fr\/23559\/","title":{"rendered":"Frappe russe en Ukraine : 34 morts, une centaine de bless\u00e9s"},"content":{"rendered":"<p class=\"jsx-3645582327 jsx-3726407258 ExpandableText__Text\">Selon les autorit\u00e9s am\u00e9ricaines, c&rsquo;est une attaque qui a franchi toutes les limites de la d\u00e9cence. Dimanche matin, l&rsquo;arm\u00e9e russe a envoy\u00e9 plusieurs missiles sur des immeubles r\u00e9sidentiels de la ville ukrainienne de Soumy. Le bilan est tr\u00e8s lourd : 34 morts et plus d&rsquo;une centaine de bless\u00e9s. Selon Emmanuel Macron, elle est la preuve que Vladimir Poutine veut en fait la poursuite de la guerre. L&rsquo;Ukraine demande de nouveau la s\u00e9curisation de son espace a\u00e9rien par l&rsquo;Occident afin d&rsquo;\u00e9viter ce genre de frappe.<\/p>\n<p>Lire plus<a href=\"https:\/\/www.tf1info.fr\/international\/guerre-ukraine-c-est-l-horreur-a-soumy-les-habitants-sous-le-choc-apres-le-bombardement-russe-meurtrier-morts-2364885.html\" rel=\"noopener\" class=\"jsx-3118104007 Link\" target=\"_blank\"><\/p>\n<p>EN SAVOIR PLUS<\/p>\n<p>\u00ab\u00a0C&rsquo;est l&rsquo;horreur\u00a0\u00bb : \u00e0 Soumy, les habitants sous le choc apr\u00e8s le bombardement russe meurtrier <\/p>\n<p><\/a>Replier<\/p>\n","protected":false},"excerpt":{"rendered":"Selon les autorit\u00e9s am\u00e9ricaines, c&rsquo;est une attaque qui a franchi toutes les limites de la d\u00e9cence. Dimanche matin,&hellip;\n","protected":false},"author":2,"featured_media":23560,"comment_status":"","ping_status":"","sticky":false,"template":"","format":"standard","meta":{"footnotes":""},"categories":[1590],"tags":[11,5925,1777,674,8559,2952,12,132,220,133,1920],"class_list":{"0":"post-23559","1":"post","2":"type-post","3":"status-publish","4":"format-standard","5":"has-post-thumbnail","7":"category-ukraine","8":"tag-actualites","9":"tag-conflits-et-guerre","10":"tag-eu","11":"tag-europe","12":"tag-guerre-en-ukraine-les-attaques-en-russie-se-multiplient","13":"tag-le-20h","14":"tag-news","15":"tag-russie","16":"tag-ukraine","17":"tag-video","18":"tag-video-international"},"share_on_mastodon":{"url":"https:\/\/pubeurope.com\/@fr\/114334150605490161","error":""},"_links":{"self":[{"href":"https:\/\/www.europesays.com\/fr\/wp-json\/wp\/v2\/posts\/23559","targetHints":{"allow":["GET"]}}],"collection":[{"href":"https:\/\/www.europesays.com\/fr\/wp-json\/wp\/v2\/posts"}],"about":[{"href":"https:\/\/www.europesays.com\/fr\/wp-json\/wp\/v2\/types\/post"}],"author":[{"embeddable":true,"href":"https:\/\/www.europesays.com\/fr\/wp-json\/wp\/v2\/users\/2"}],"replies":[{"embeddable":true,"href":"https:\/\/www.europesays.com\/fr\/wp-json\/wp\/v2\/comments?post=23559"}],"version-history":[{"count":0,"href":"https:\/\/www.europesays.com\/fr\/wp-json\/wp\/v2\/posts\/23559\/revisions"}],"wp:featuredmedia":[{"embeddable":true,"href":"https:\/\/www.europesays.com\/fr\/wp-json\/wp\/v2\/media\/23560"}],"wp:attachment":[{"href":"https:\/\/www.europesays.com\/fr\/wp-json\/wp\/v2\/media?parent=23559"}],"wp:term":[{"taxonomy":"category","embeddable":true,"href":"https:\/\/www.europesays.com\/fr\/wp-json\/wp\/v2\/categories?post=23559"},{"taxonomy":"post_tag","embeddable":true,"href":"https:\/\/www.europesays.com\/fr\/wp-json\/wp\/v2\/tags?post=23559"}],"curies":[{"name":"wp","href":"https:\/\/api.w.org\/{rel}","templated":true}]}}