{"id":235593,"date":"2025-07-08T16:57:27","date_gmt":"2025-07-08T16:57:27","guid":{"rendered":"https:\/\/www.europesays.com\/fr\/235593\/"},"modified":"2025-07-08T16:57:27","modified_gmt":"2025-07-08T16:57:27","slug":"un-entraineur-suspendu-pour-avoir-defendu-des-sportives-portant-le-voile","status":"publish","type":"post","link":"https:\/\/www.europesays.com\/fr\/235593\/","title":{"rendered":"un entra\u00eeneur suspendu pour avoir d\u00e9fendu des sportives portant le voile"},"content":{"rendered":"<p>AA \/ Paris \/ \u00dcmit D\u00f6nmez<\/p>\n<p>La F\u00e9d\u00e9ration fran\u00e7aise de basket-ball (FFBB) a suspendu Timoth\u00e9e Gauthierot, pr\u00e9sident du club de Noisy-le-Sec, pour une dur\u00e9e de six mois, dont trois mois avec sursis. Cette d\u00e9cision fait suite \u00e0 son opposition publique \u00e0 l&rsquo;exclusion des sportives musulmanes portant le voile.<\/p>\n<p>Par voie d&rsquo;une publication sur les r\u00e9seaux sociaux, le collectif \u00ab\u00a0Basket pour toutes\u00a0\u00bb, cofond\u00e9 par Gauthierot, a exprim\u00e9 son indignation face \u00e0 cette suspension. Le collectif a soulign\u00e9 que cette sanction intervient en pleine pr\u00e9paration des Jeux olympiques de Paris 2024, une p\u00e9riode o\u00f9 les valeurs d\u2019inclusion et d\u2019\u00e9galit\u00e9 devraient \u00eatre au c\u0153ur des pr\u00e9occupations sportives.<\/p>\n<p>\u00ab En plein c\u0153ur des Jeux olympiques de Paris, alors que l\u2019esprit sportif et les valeurs d\u2019inclusion, de diversit\u00e9 et d\u2019\u00e9galit\u00e9 devraient \u00eatre c\u00e9l\u00e9br\u00e9es, une bataille cruciale se joue dans les coulisses du sport fran\u00e7ais. Elle concerne l\u2019interdiction du port du voile pour les joueuses de basket-ball et la criminalisation de la solidarit\u00e9. De fait, pour s\u2019\u00eatre oppos\u00e9 \u00e0 cette d\u00e9cision discriminatoire et avoir soutenu les sportives concern\u00e9es, Timoth\u00e9e Gauthierot, pr\u00e9sident du Club de basket de Noisy-le-Sec, a \u00e9t\u00e9 temporairement suspendu de ses fonctions par la F\u00e9d\u00e9ration fran\u00e7aise de basket-ball (FFBB) \u00bb d\u00e9clare le communiqu\u00e9.<\/p>\n<p>La F\u00e9d\u00e9ration fran\u00e7aise de basket-ball avait pris la d\u00e9cision, en 2022, d\u2019interdire le port du voile lors des matchs et des comp\u00e9titions officielles. Cette mesure avait provoqu\u00e9 de vives r\u00e9actions, notamment de la part des sportives concern\u00e9es et des d\u00e9fenseurs des droits humains, qui y voyaient une atteinte aux libert\u00e9s individuelles. Selon le collectif \u00ab\u00a0Basket pour toutes\u00a0\u00bb, cette interdiction \u00ab discriminatoire \u00bb a eu de lourdes cons\u00e9quences sur la sant\u00e9 physique et mentale des joueuses musulmanes qui, se voyant contraintes de choisir entre leur passion pour le sport et leurs convictions religieuses, et d\u00e9cidaient souvent de quitter les terrains.<\/p>\n<p>Face \u00e0 cette suspension, Timoth\u00e9e Gauthierot a d\u00e9cid\u00e9 de saisir le Comit\u00e9 national olympique sportif fran\u00e7ais (CNOSF) pour une conciliation. Ce jeudi 8 ao\u00fbt a eu lieu l&rsquo;audience de conciliation entre le pr\u00e9sident du club et la FFBB, suite \u00e0 la saisine du Comit\u00e9 national olympique et sportif fran\u00e7ais par Gauthierot. Selon le collectif Basket Pour Toutes, \u00ab\u00a0la conciliatrice devrait soumettre des propositions de m\u00e9diation d&rsquo;ici \u00e0 trois semaines, que les parties pourront accepter ou refuser.\u00a0\u00bb<\/p>\n<p>                            &#13;<br \/>\n                                <a href=\"https:\/\/www.aa.com.tr\/fr\/p\/abonnement\/1001\" target=\"_blank\" style=\"font-size:12px; color:#444; text-decoration:none;\" rel=\"noopener\">&#13;<br \/>\n                                    Seulement une partie des d\u00e9p\u00eaches, que l&rsquo;Agence Anadolu diffuse \u00e0 ses abonn\u00e9s via le Syst\u00e8me de Diffusion interne (HAS), est diffus\u00e9e sur le site de l&rsquo;AA, de mani\u00e8re r\u00e9sum\u00e9e. <b style=\"color:#1897F7\">Contactez-nous s&rsquo;il vous pla\u00eet pour vous abonner.<\/b>&#13;<br \/>\n                                <\/a>&#13;<\/p>\n","protected":false},"excerpt":{"rendered":"AA \/ Paris \/ \u00dcmit D\u00f6nmez La F\u00e9d\u00e9ration fran\u00e7aise de basket-ball (FFBB) a suspendu Timoth\u00e9e Gauthierot, pr\u00e9sident du&hellip;\n","protected":false},"author":2,"featured_media":235594,"comment_status":"","ping_status":"","sticky":false,"template":"","format":"standard","meta":{"footnotes":""},"categories":[1414],"tags":[1785,1465,1464,1011,27,37425,37426,60,37427],"class_list":{"0":"post-235593","1":"post","2":"type-post","3":"status-publish","4":"format-standard","5":"has-post-thumbnail","7":"category-basket","8":"tag-anadolu-ajansi","9":"tag-basket","10":"tag-basketball","11":"tag-fr","12":"tag-france","13":"tag-islamophobie-en-france","14":"tag-port-du-voile-dans-le-sport","15":"tag-sports","16":"tag-timothe-gauthierot"},"share_on_mastodon":{"url":"https:\/\/pubeurope.com\/@fr\/114818675095763238","error":""},"_links":{"self":[{"href":"https:\/\/www.europesays.com\/fr\/wp-json\/wp\/v2\/posts\/235593","targetHints":{"allow":["GET"]}}],"collection":[{"href":"https:\/\/www.europesays.com\/fr\/wp-json\/wp\/v2\/posts"}],"about":[{"href":"https:\/\/www.europesays.com\/fr\/wp-json\/wp\/v2\/types\/post"}],"author":[{"embeddable":true,"href":"https:\/\/www.europesays.com\/fr\/wp-json\/wp\/v2\/users\/2"}],"replies":[{"embeddable":true,"href":"https:\/\/www.europesays.com\/fr\/wp-json\/wp\/v2\/comments?post=235593"}],"version-history":[{"count":0,"href":"https:\/\/www.europesays.com\/fr\/wp-json\/wp\/v2\/posts\/235593\/revisions"}],"wp:featuredmedia":[{"embeddable":true,"href":"https:\/\/www.europesays.com\/fr\/wp-json\/wp\/v2\/media\/235594"}],"wp:attachment":[{"href":"https:\/\/www.europesays.com\/fr\/wp-json\/wp\/v2\/media?parent=235593"}],"wp:term":[{"taxonomy":"category","embeddable":true,"href":"https:\/\/www.europesays.com\/fr\/wp-json\/wp\/v2\/categories?post=235593"},{"taxonomy":"post_tag","embeddable":true,"href":"https:\/\/www.europesays.com\/fr\/wp-json\/wp\/v2\/tags?post=235593"}],"curies":[{"name":"wp","href":"https:\/\/api.w.org\/{rel}","templated":true}]}}