{"id":235599,"date":"2025-07-08T17:00:19","date_gmt":"2025-07-08T17:00:19","guid":{"rendered":"https:\/\/www.europesays.com\/fr\/235599\/"},"modified":"2025-07-08T17:00:19","modified_gmt":"2025-07-08T17:00:19","slug":"revivez-la-100e-victoire-en-carriere-de-tadej-pogacar-sur-la-quatrieme-etape-entre-amiens-et-rouen","status":"publish","type":"post","link":"https:\/\/www.europesays.com\/fr\/235599\/","title":{"rendered":"revivez la 100e victoire en carri\u00e8re de Tadej Pogacar sur la quatri\u00e8me \u00e9tape entre Amiens et Rouen"},"content":{"rendered":"<p>\n        18:45\n            <\/p>\n<p class=\"fig-live-post__title\" role=\"heading\" aria-level=\"3\">Bonne fin de journ\u00e9e !<\/p>\n<p class=\"fig-paragraph\">Merci d\u2019avoir suivi ce live comment\u00e9 de la quatri\u00e8me \u00e9tape du Tour de France en notre compagnie. Rendez-vous demain pour le contre-la-montre \u00e0 Caen. Bonne fin de journ\u00e9e\u00a0!<\/p>\n<p>\n        18:40\n            <\/p>\n<p class=\"fig-live-post__title\" role=\"heading\" aria-level=\"3\">\u00abJe leur aurais fait bouffer leur t\u00e9l\u00e9phone\u00bb, Hinault d\u00e9fend Coquard face aux messages haineux sur les r\u00e9seaux sociaux<\/p>\n<p class=\"fig-paragraph\">Apr\u00e8s le patron de l\u2019\u00e9quipe Cofidis,\u00a0<a href=\"http:\/\/www.lefigaro.fr\/sports\/cyclisme\/tour-de-france\/tour-de-france-bryan-n-a-commis-aucune-erreur-lance-cedric-vasseur-apres-l-incident-entre-coquard-et-philipsen-20250708\" data-fig-type=\"NewsFlash\" data-gtm-custom-categorie=\"navigation\" data-gtm-custom-action=\"crossclick\" data-gtm-custom-label=\"Contextuel\" data-gtm-event=\"customEventSPE\" data-fig-domain=\"LEFIGARO\" target=\"_blank\" rel=\"noopener\">C\u00e9dric Vasseur<\/a>, le quintuple vainqueur du Tour de France a apport\u00e9 son soutien \u00e0 Bryan Coquard, cibl\u00e9 par des messages de haine sur les r\u00e9seaux sociaux apr\u00e8s la chute de Jasper Philipsen.\u00a0<a href=\"http:\/\/www.lefigaro.fr\/sports\/cyclisme\/tour-de-france\/tour-de-france-je-leur-aurais-fait-bouffer-leur-telephone-hinault-defend-coquard-face-aux-messages-haineux-sur-les-reseaux-sociaux-20250708\" data-fig-type=\"NewsFlash\" data-gtm-custom-categorie=\"navigation\" data-gtm-custom-action=\"crossclick\" data-gtm-custom-label=\"Contextuel\" data-gtm-event=\"customEventSPE\" data-fig-domain=\"LEFIGARO\" target=\"_blank\" rel=\"noopener\">\u00abJe leur aurais fait bouffer leur t\u00e9l\u00e9phone\u00bb<\/a>, a-t-il assen\u00e9.<\/p>\n<p>\n        18:31\n            <\/p>\n<p class=\"fig-live-post__title\" role=\"heading\" aria-level=\"3\">Le classement de la quatri\u00e8me \u00e9tape<\/p>\n<p>\n        18:28\n            <\/p>\n<p class=\"fig-live-post__title\" role=\"heading\" aria-level=\"3\">Mathieu Van der Poel au micro de France TV<\/p>\n<p>\n        18:25\n            <\/p>\n<p class=\"fig-live-post__title\" role=\"heading\" aria-level=\"3\">La ponctualit\u00e9 de Pogacar, le mental de Vingegaard, la malchance d\u2019Alaphilippe\u2026 Les tops et les flops de la 4e \u00e9tape<\/p>\n<p class=\"fig-paragraph\">La 4e \u00e9tape arrivant \u00e0 Rouen ce mardi a propos\u00e9 une explication entre les favoris. Tadej Pogacar s\u2019est impos\u00e9 mais Jonas Vingegaard s\u2019est bien battu. Et Julian Alaphilippe&#8230; a crev\u00e9.<\/p>\n<p class=\"fig-paragraph\">D\u00e9couvrez ce qui a plu, et d\u00e9plu, \u00e0 nos envoy\u00e9s sp\u00e9ciaux\u00a0<a href=\"http:\/\/www.lefigaro.fr\/sports\/cyclisme\/tour-de-france\/tour-de-france-la-ponctualite-de-pogacar-le-mental-de-vingegaard-la-malchance-d-alaphilippe-les-tops-et-les-flops-de-la-4-e-etape-20250708\" data-fig-type=\"NewsFlash\" data-gtm-custom-categorie=\"navigation\" data-gtm-custom-action=\"crossclick\" data-gtm-custom-label=\"Contextuel\" data-gtm-event=\"customEventSPE\" data-fig-domain=\"LEFIGARO\" target=\"_blank\" rel=\"noopener\">sur le site du Figaro<\/a>.<\/p>\n<p>\n        18:19\n            <\/p>\n<p class=\"fig-live-post__title\" role=\"heading\" aria-level=\"3\">Jonathan Milan conforte son avance au classement des sprinteurs<\/p>\n<p class=\"fig-paragraph\">5e du sprint interm\u00e9diaire du jour derri\u00e8re le quatuor \u00e9chapp\u00e9, l\u2019Italien a a confort\u00e9 son maillot vert (92 points) au d\u00e9triment de Biniam Girmay (87 points), 6e. Mathieu Van\u00a0der\u00a0Poel et Tadej Pogacar se partagent la troisi\u00e8me place avec 80 points chacun. Pour rappel, le vainqueur de la premi\u00e8re \u00e9tape Jasper Philipsen a \u00e9t\u00e9 contraint d\u2019abandonner hier apr\u00e8s une chute qui a \u00e9galement impliqu\u00e9 le sprinteur fran\u00e7ais Bryan Coquard.<\/p>\n<p>\n        18:13\n            <\/p>\n<p class=\"fig-live-post__title\" role=\"heading\" aria-level=\"3\">Lenny Martinez, \u00e9lu combatif du jour, au micro de France TV<\/p>\n<p>\n        18:08\n            <\/p>\n<p class=\"fig-live-post__title\" role=\"heading\" aria-level=\"3\">Tadej Pogacar fait coup double et r\u00e9cup\u00e8re le maillot \u00e0 pois de meilleur grimpeur<\/p>\n<p>\n        18:03\n            <\/p>\n<p class=\"fig-live-post__title\" role=\"heading\" aria-level=\"3\">L\u2019\u00e9change tout sourire entre Pogacar et Van der Poel en vid\u00e9o<\/p>\n<p>\n        17:59\n            <\/p>\n<p class=\"fig-live-post__title\" role=\"heading\" aria-level=\"3\">Un drame a-t-il \u00e9t\u00e9 \u00e9vit\u00e9 ce mardi apr\u00e8s-midi sur les routes du Tour de France ?<\/p>\n<p class=\"fig-paragraph\">Un individu a bless\u00e9 un policier avant d\u2019\u00eatre interpell\u00e9 par les forces de l\u2019ordre, ce mardi, en marge de la quatri\u00e8me \u00e9tape de la Grande Boucle entre Amiens et Rouen.<\/p>\n<p class=\"fig-paragraph\">Les premi\u00e8res informations \u00e0 retrouver\u00a0<a href=\"http:\/\/www.lefigaro.fr\/sports\/cyclisme\/tour-de-france\/tour-de-france-arme-d-un-couteau-un-homme-menace-des-policiers-lors-de-la-4e-etape-20250708\" data-fig-type=\"NewsFlash\" data-gtm-custom-categorie=\"navigation\" data-gtm-custom-action=\"crossclick\" data-gtm-custom-label=\"Contextuel\" data-gtm-event=\"customEventSPE\" data-fig-domain=\"LEFIGARO\" target=\"_blank\" rel=\"noopener\">sur notre site<\/a>.<\/p>\n<p>\n        17:55\n            <\/p>\n<p class=\"fig-live-post__title\" role=\"heading\" aria-level=\"3\">Le classement g\u00e9n\u00e9ral \u00e0 l\u2019issue de la quatri\u00e8me \u00e9tape<\/p>\n<p>\n        17:52\n            <\/p>\n<p class=\"fig-live-post__title\" role=\"heading\" aria-level=\"3\">La r\u00e9action de Romain Gr\u00e9goire en vid\u00e9o<\/p>\n<p>\n        17:49\n            <\/p>\n<p class=\"fig-live-post__title\" role=\"heading\" aria-level=\"3\">\u00abJe suis fier de ce que l\u2019\u00e9quipe a fait aujourd\u2019hui\u00bb, f\u00e9licite Tadej Pogacar<\/p>\n<p class=\"fig-paragraph\">Vainqueur de la quatri\u00e8me \u00e9tape, le Slov\u00e8ne a \u00e9t\u00e9 parfaitement emmen\u00e9 par Jo\u00e3o Almeida avant de d\u00e9poser Mathieu Van\u00a0der\u00a0Poel dans le final\u00a0: \u00abTout le monde \u00e9tait \u00e0 la limite aujourd\u2019hui. Dans la derni\u00e8re mont\u00e9e, j\u2019ai vu que Jonas me suivait. Il y a eu un regroupement. Joao (Almeida) a \u00e9t\u00e9 exemplaire, je suis fier de ce que l\u2019\u00e9quipe a fait aujourd\u2019hui.\u00bb<\/p>\n<p class=\"fig-paragraph\">Une victoire qui a un go\u00fbt particulier pour le coureur de 26 ans\u00a0: \u00abGagner sa 100e victoire sur le tour, avec ce maillot, c\u2019est incroyable. Il y avait tellement de supers coureurs dans le finale. Avoir cette adr\u00e9naline-l\u00e0, c\u2019est g\u00e9nial. Demain, ce sera le vrai test. D\u00e9j\u00e0, je vais profiter aujourd\u2019hui et bien s\u00fbr l\u2019objectif sera le maillot jaune (sur le contre-la-montre).\u00bb<\/p>\n<p>\n        17:43\n            <\/p>\n<p class=\"fig-live-post__title\" role=\"heading\" aria-level=\"3\">K\u00e9vin Vauquelin au micro d\u2019Eurosport<\/p>\n<p class=\"fig-paragraph\">\u00abJe n\u2019\u00e9tais pas id\u00e9alement plac\u00e9 dans le final, je suis d\u00e9bord\u00e9. J\u2019ai bascul\u00e9 un peu loin et malheureusement, je me retrouve \u00e0 l\u2019arri\u00e8re. C\u2019est dommage, finish un peu d\u00e9cevant pour moi\u00bb, a-t-il conc\u00e9d\u00e9 \u00e0 chaud apr\u00e8s sa dixi\u00e8me place acquise ce mardi \u00e0 Rouen.<\/p>\n<p class=\"fig-paragraph\">Il a ensuite rendu hommage au vainqueur du jour, Tadej Pogacar\u00a0: \u00abQuand Van der Poel n\u2019y arrive pas sur un tel parcours, c\u2019est que Tadej (Pogacar) est trop fort. Je n\u2019ai pas de marge face aux leaders. J\u2019aurais peut-\u00eatre d\u00fb donner un coup de reins de plus dans la descente&#8230;\u00bb<\/p>\n<p>\n        17:33\n            <\/p>\n<p class=\"fig-live-post__title\" role=\"heading\" aria-level=\"3\">Grosse d\u00e9ception pour K\u00e9vin Vauquelin<\/p>\n<p class=\"fig-paragraph\">Le coureur normand avait \u00e0 c\u0153ur de bien figurer sur ses terres. Il n\u2019est pas parvenu \u00e0 recoller sur les leaders en fin de parcours et devra se contenter de la 10e place.<\/p>\n<p>\n        17:27\n            <\/p>\n<p class=\"fig-live-post__title\" role=\"heading\" aria-level=\"3\">Pogacar d\u00e9pose Van der Poel et s\u2019offre sa 100e victoire en carri\u00e8re<\/p>\n<p class=\"fig-paragraph\">Trop juste physiquement, le maillot jaune a \u00e9t\u00e9 battu au sprint par le champion du monde slov\u00e8ne, bien lanc\u00e9 par Jo\u00e3o Almeida. Vingegaard termine troisi\u00e8me. Malgr\u00e9 les bonifications, Van der Poel devrait garder son maillot de leader avant le contre-la-montre individuel pr\u00e9vu demain \u00e0 Caen.<\/p>\n<p>\n        17:25\n            <\/p>\n<p class=\"fig-live-post__title\" role=\"heading\" aria-level=\"3\">La flamme rouge est pass\u00e9e<\/p>\n<p class=\"fig-paragraph\">Une dizaine de coureurs sont en t\u00eate et vont s\u2019affronter dans le final.<\/p>\n<p>\n        17:24\n            <\/p>\n<p class=\"fig-live-post__title\" role=\"heading\" aria-level=\"3\">Vauquelin \u00e0 la lutte pour recoller<\/p>\n<p class=\"fig-paragraph\">Le Normand n\u2019est pas tr\u00e8s loin aux c\u00f4t\u00e9s de Romain Gr\u00e9goire tandis que le groupe maillot jaune a recoll\u00e9 sur le duo Vingegaard-Pogacar.<\/p>\n<p>\n        17:22\n            <\/p>\n<p class=\"fig-live-post__title\" role=\"heading\" aria-level=\"3\">15 secondes d\u2019avance pour les deux hommes de t\u00eate<\/p>\n<p class=\"fig-paragraph\">Descente technique en cours jusqu\u2019\u00e0 Rouen. Le maillot jaune \u00e0 les deux hommes en ligne de mire, tout comme Almeida et Evenepoel.<\/p>\n<p>\n        17:20\n            <\/p>\n<p class=\"fig-live-post__title\" role=\"heading\" aria-level=\"3\">Attaque de Pogacar !<\/p>\n<p class=\"fig-paragraph\">C\u2019est parti pour un nouveau duel Pogacar-Vingegaard dans les plus forts pourcentages. Le maillot jaune Van der Poel ne peut pas suivre.<\/p>\n<p>\n        17:16\n            <\/p>\n<p class=\"fig-live-post__title\" role=\"heading\" aria-level=\"3\">La Rampe Saint-Hilaire en juge de paix<\/p>\n<p class=\"fig-paragraph\">Cette fois, l\u2019effort sera court mais intense (800m \u00e0 10,6% de moyenne). Les Visma-Lease a bike ont pris le relais par l\u2019interm\u00e9diaire de Victor Campenaerts afin de mettre Jonas Vingegaard dans la meilleure position possible dans le final. Il reste 8km avant le final dans les rues de Rouen.<\/p>\n<p>\n        17:12\n            <\/p>\n<p class=\"fig-live-post__title\" role=\"heading\" aria-level=\"3\">La C\u00f4te de la Grand\u2019Mare en plat de r\u00e9sistance<\/p>\n<p class=\"fig-paragraph\">Malgr\u00e9 des pourcentages moyens quelconques (5%), le tempo mis par la formation UAE continue de mettre le peloton au supplice. Julian Alaphilippe ne peut plus suivre.<\/p>\n<p>\n        17:08\n            <\/p>\n<p class=\"fig-live-post__title\" role=\"heading\" aria-level=\"3\">15km avant l\u2019arriv\u00e9e<\/p>\n<p class=\"fig-paragraph\">L\u2019\u00e9quipe UAE de Tadej Pogacar donne un tempo \u00e9lev\u00e9 en t\u00eate de course. Plus aucun sprinteur n\u2019est pr\u00e9sent dans le peloton et Julian Alaphilippe peine \u00e0 remonter avec les hommes de t\u00eate.<\/p>\n<p>\n        17:01\n            <\/p>\n<p class=\"fig-live-post__title\" role=\"heading\" aria-level=\"3\">Place maintenant \u00e0 la C\u00f4te de Bonsecours<\/p>\n<p class=\"fig-paragraph\">900m \u00e0 7,2% attendent les coureurs, dont Julian Alaphilippe, qui a \u00e9t\u00e9 attendu par Michael Storer et qui r\u00e9int\u00e8gre le peloton.<\/p>\n<p>\n        16:57\n            <\/p>\n<p class=\"fig-live-post__title\" role=\"heading\" aria-level=\"3\">Chute massive en queue de peloton<\/p>\n<p class=\"fig-paragraph\">Valentin Paret-Peintre est pris au milieu de cette chute qui est arriv\u00e9e \u00e0 cause d\u2019un r\u00e9tr\u00e9cissement de la chauss\u00e9e. Les favoris semblent avoir \u00e9t\u00e9 \u00e9pargn\u00e9s.<\/p>\n<p>\n        16:54\n            <\/p>\n<p class=\"fig-live-post__title\" role=\"heading\" aria-level=\"3\">Deux points au classement de la montagne pour Lenny Martinez<\/p>\n<p class=\"fig-paragraph\">Le Fran\u00e7ais de 21 ans a \u00e9t\u00e9 solide pour rester en t\u00eate \u00e0 l\u2019issue de la c\u00f4te. Il poss\u00e8de 15 secondes d\u2019avance sur le peloton mais ne se fait plus gu\u00e8re d\u2019illusions. Julian Alaphilippe tente tant bien que mal de retrouver sa position apr\u00e8s sa crevaison.<\/p>\n<p>\n        16:50\n            <\/p>\n<p class=\"fig-live-post__title\" role=\"heading\" aria-level=\"3\">C\u2019est termin\u00e9 pour l\u2019\u00e9chapp\u00e9e du jour<\/p>\n<p class=\"fig-paragraph\">La C\u00f4te de Belbeuf et ses pourcentages terribles permettent de faire l\u2019\u00e9cr\u00e9mage dans le peloton. Martinez r\u00e9siste pour r\u00e9cup\u00e9rer les points du classement de la montagne mais les favoris sont \u00e0 ses trousses.<\/p>\n<p>\n        16:48\n            <\/p>\n<p class=\"fig-live-post__title\" role=\"heading\" aria-level=\"3\">Jonathan Milan 5e du sprint interm\u00e9diaire<\/p>\n<p class=\"fig-paragraph\">Les \u00e9chapp\u00e9s sont parvenus \u00e0 arriver en t\u00eate pour le sprint interm\u00e9diaire mais ils s\u2019appr\u00eatent \u00e0 \u00eatre repris. Jonathan Milan a fait le sprint pour consolider son maillot vert. Il y parvient en terminant 5e derri\u00e8re le quatuor de t\u00eate.<\/p>\n<p>\n        16:44\n            <\/p>\n<p class=\"fig-live-post__title\" role=\"heading\" aria-level=\"3\">Crevaison pour Julian Alaphilippe !<\/p>\n<p class=\"fig-paragraph\">Alors que le peloton acc\u00e9l\u00e8re \u00e0 5km du sprint interm\u00e9diaire, le coureur de la formation Tudor est contraint de changer de v\u00e9lo. Il pointe \u00e0 une minute du peloton d\u00e9sormais.<\/p>\n<p>\n        16:39\n            <\/p>\n<p class=\"fig-live-post__title\" role=\"heading\" aria-level=\"3\">Plus qu\u2019une minute d\u2019avance pour les \u00e9chapp\u00e9s<\/p>\n<p class=\"fig-paragraph\">Il reste 10km \u00e0 parcourir aux quatre hommes en t\u00eate avant de rejoindre la C\u00f4te de Belbeuf, 1,3km \u00e0 9,1% de moyenne. Class\u00e9e en troisi\u00e8me cat\u00e9gorie, elle pourrait faire de nouveaux d\u00e9g\u00e2ts alors que la tension a clairement mont\u00e9 d\u2019un cran dans le peloton.<\/p>\n<p>\n        16:28\n            <\/p>\n<p class=\"fig-live-post__title\" role=\"heading\" aria-level=\"3\">Kasper Asgreen r\u00e9cup\u00e8re un point pour le classement des grimpeurs<\/p>\n<p class=\"fig-paragraph\">Le Danois a cette fois-ci pris le meilleur sur le coureur fran\u00e7ais de la Bahrain-Victorious, qui doit se contenter de la deuxi\u00e8me place.<\/p>\n<p>\n        16:26\n            <\/p>\n<p class=\"fig-live-post__title\" role=\"heading\" aria-level=\"3\">Lenny Martinez acc\u00e9l\u00e8re !<\/p>\n<p class=\"fig-paragraph\">D\u00e8s les premiers m\u00e8tres de la premi\u00e8re c\u00f4te r\u00e9pertori\u00e9e du jour, le Fran\u00e7ais place une acc\u00e9l\u00e9ration qui met en difficult\u00e9 Kasper Asgreen, qui finit par revenir. Le peloton revient fort derri\u00e8re eux.<\/p>\n<p>\n        16:22\n            <\/p>\n<p class=\"fig-live-post__title\" role=\"heading\" aria-level=\"3\">C\u2019est parti pour la c\u00f4te Jacques Anquetil<\/p>\n<p class=\"fig-paragraph\">C\u2019est parti pour le premier grimpeur de la journ\u00e9e, class\u00e9 en quatri\u00e8me cat\u00e9gorie. Lenny Martinez appelle sa voiture, peut-\u00eatre un ennui m\u00e9canique pour le coureur fran\u00e7ais.<\/p>\n<p>\n        16:20\n            <\/p>\n<p class=\"fig-live-post__title\" role=\"heading\" aria-level=\"3\">Chute pour Vercher !<\/p>\n<p class=\"fig-paragraph\">Apr\u00e8s sa chute au d\u00e9but du Tour de France, Matt\u00e9o Vercher est de nouveau au sol. Yevgeniy Federov et Sepp Kuss ont \u00e9galement \u00e9t\u00e9 entra\u00een\u00e9s.<\/p>\n<p>\n        16:07\n            <\/p>\n<p class=\"fig-live-post__title\" role=\"heading\" aria-level=\"3\">Le peloton grignote petit \u00e0 petit son retard \u00e0 60km de l\u2019arriv\u00e9e<\/p>\n<p class=\"fig-paragraph\">Est-ce que les \u00e9chapp\u00e9es vont r\u00e9ussir \u00e0 atteindre la premi\u00e8re difficult\u00e9 r\u00e9pertori\u00e9e du jour (c\u00f4t\u00e9 Jacques Anquetil, 3,5km \u00e0 3,6% de moyenne) en t\u00eate\u00a0? Pas si sur puisque le peloton a clairement acc\u00e9l\u00e9r\u00e9 et ne pointe d\u00e9sormais plus qu\u2019\u00e0 1 minute et 20 secondes.<\/p>\n<p>\n        16:01\n            <\/p>\n<p class=\"fig-live-post__title\" role=\"heading\" aria-level=\"3\">Andr\u00e9 Greipel dernier vainqueur \u00e0 Rouen en 2012<\/p>\n<p class=\"fig-paragraph\">Le sprinteur allemand est le dernier \u00e0 avoir remport\u00e9 une \u00e9tape du Tour de France dans la capitale normande. C\u2019\u00e9tait en 2012. Le \u00abGorille de Rostock\u00bb s\u2019est impos\u00e9 \u00e0 onze reprises sur la Grande Boucle.<\/p>\n<p>\n        15:51\n            <\/p>\n<p class=\"fig-live-post__title\" role=\"heading\" aria-level=\"3\">\u00abCe sont des inconscients\u00bb, tacle le directeur de course du Tour de France \u00e0 propos des spectateurs qui utilisent des fumig\u00e8nes<\/p>\n<p class=\"fig-paragraph\">Les images du final de la deuxi\u00e8me \u00e9tape ou l\u2019on voit des gens craquer des fumig\u00e8nes n\u2019ont clairement pas plu \u00e0 Thierry Gouvenou, et il n\u2019a pas tard\u00e9 \u00e0 le faire savoir. 48h apr\u00e8s les \u00e9v\u00e9nements, il s\u2019est exprim\u00e9 \u00e0 ce sujet. Sa r\u00e9action est \u00e0 retrouver\u00a0<a href=\"http:\/\/www.lefigaro.fr\/sports\/cyclisme\/tour-de-france\/tour-de-france-ce-sont-des-inconscients-lance-gouvenou-qui-detruit-les-spectateurs-qui-craquent-des-fumigenes-20250708\" data-fig-type=\"NewsFlash\" data-gtm-custom-categorie=\"navigation\" data-gtm-custom-action=\"crossclick\" data-gtm-custom-label=\"Contextuel\" data-gtm-event=\"customEventSPE\" data-fig-domain=\"LEFIGARO\" target=\"_blank\" rel=\"noopener\">sur notre site<\/a>.<\/p>\n<p>\n        15:41\n            <\/p>\n<p class=\"fig-live-post__title\" role=\"heading\" aria-level=\"3\">Plus que 80km pour le quatuor de t\u00eate<\/p>\n<p class=\"fig-paragraph\">Pour l\u2019instant, le vent ne g\u00eane pas forc\u00e9ment les coureurs, qui se rapprochent doucement mais s\u00fbrement de Rouen, o\u00f9 l\u2019arriv\u00e9e sera jug\u00e9e apr\u00e8s 174,5km parcourus. La formation Alpecin-Deceuninck est toujours aux avant-postes devant les EF Education-Easypost.<\/p>\n<p>\n        15:27\n            <\/p>\n<p class=\"fig-live-post__title\" role=\"heading\" aria-level=\"3\">La surprise de Gaulle, l\u2019appareil photo de Mitterrand, la bi\u00e8re de Chirac&#8230; les savoureuses anecdotes des pr\u00e9sidents sur le Tour de France<\/p>\n<p class=\"fig-paragraph\">Un diaporama \u00e0 retrouver\u00a0<a href=\"https:\/\/photo.lefigaro.fr\/sports\/cyclisme\/tour-de-france\/de-charles-de-gaulle-a-emmanuel-macron-la-petite-histoire-des-presidents-de-la-republique-sur-le-tour-de-france-20250623\" data-fig-type=\"SlideShowResource\" data-gtm-custom-categorie=\"navigation\" data-gtm-custom-action=\"crossclick\" data-gtm-custom-label=\"Contextuel\" data-gtm-event=\"customEventSPE\" data-fig-domain=\"LEFIGARO\" target=\"_blank\" rel=\"noopener\">sur notre site<\/a>.<\/p>\n<p>\n        15:16\n            <\/p>\n<p class=\"fig-live-post__title\" role=\"heading\" aria-level=\"3\">En route pour les 100 derniers kilom\u00e8tres de l\u2019\u00e9tape du jour<\/p>\n<p class=\"fig-paragraph\">Le peloton men\u00e9 par Alpecin-Deceuninck ne semble pas dispos\u00e9 \u00e0 laisser filer l\u2019\u00e9chapp\u00e9e du jour, qui plafonne \u00e0 deux minutes d\u2019avance. Malgr\u00e9 les talents de grimpeur de Lenny Martinez, la victoire d\u2019\u00e9tape risque d\u2019\u00eatre dure \u00e0 aller chercher alors que les 50 derniers kilom\u00e8tres s\u2019annoncent anim\u00e9s.<\/p>\n<p>\n        15:05\n            <\/p>\n<p class=\"fig-live-post__title\" role=\"heading\" aria-level=\"3\">Les coureurs sont entr\u00e9s en Seine-Maritime<\/p>\n<p class=\"fig-paragraph\">Apr\u00e8s 72 km parcourus depuis le d\u00e9part \u00e0 Amiens, les coureurs arrivent enfin en Normandie, o\u00f9 ils resteront jusqu\u2019\u00e0 vendredi.<\/p>\n<p>\n        15:00\n            <\/p>\n<p class=\"fig-live-post__title\" role=\"heading\" aria-level=\"3\">Les \u00e9chapp\u00e9es au c\u0153ur de la campagne nordiste<\/p>\n<p>    Les \u00e9chapp\u00e9es au coeur de la campagne nordiste.<br \/>\n                Sarah Meyssonnier \/ REUTERS<\/p>\n<p>\n        14:48\n            <\/p>\n<p class=\"fig-live-post__title\" role=\"heading\" aria-level=\"3\">Encore 120 km pour les hommes de t\u00eate<\/p>\n<p class=\"fig-paragraph\">L\u2019\u00e9cart s\u2019est stabilis\u00e9 autour des deux minutes entre le quatuor de t\u00eate et le peloton, emmen\u00e9 par la formation Alpecin-Deceuninck. Un groupe de 8 coureurs dont le maillot \u00e0 pois Tim Wellens a pris 30 secondes de retard mais s\u2019appr\u00eate \u00e0 se replacer. La vitesse moyenne est de 45km\/h pour le moment.<\/p>\n<p>\n        14:37\n            <\/p>\n<p class=\"fig-live-post__title\" role=\"heading\" aria-level=\"3\">Tour de France : \u00abManger la luzerne\u00bb, \u00absaler la soupe\u00bb, \u00abfumer la pipe\u00bb, \u00eates-vous incollable sur les expressions du v\u00e9lo ?<\/p>\n<p class=\"fig-paragraph\">QUIZ\u00a0&#8211; Vous pensez conna\u00eetre sur le bout des doigts le jargon du cyclisme avant le Tour de France\u00a0? Le Figaro vous met au d\u00e9fi de faire le score parfait avec ce quiz.<\/p>\n<p class=\"fig-paragraph\"><a href=\"https:\/\/engage.beop.io\/5bc7634c46e0fb0001c30a6c\/648c92301165ad532be90e2c\" target=\"_blank\" rel=\"nofollow noopener\" data-gtm-custom-categorie=\"navigation\" data-gtm-custom-action=\"crossclick\" data-gtm-custom-label=\"Contextuel\" data-gtm-event=\"customEventSPE\">https:\/\/engage.beop.io\/5bc7634c46e0fb0001c30a6c\/648c92301165ad532be90e2c<\/a><\/p>\n<p>\n        14:27\n            <\/p>\n<p class=\"fig-live-post__title\" role=\"heading\" aria-level=\"3\">Le fan-club de Julian Alaphilippe toujours pr\u00e9sent au bord des routes<\/p>\n<p>\n        14:21\n            <\/p>\n<p class=\"fig-live-post__title\" role=\"heading\" aria-level=\"3\">La t\u00eate de la course \u00e0 140 km de l\u2019arriv\u00e9e<\/p>\n<p class=\"fig-paragraph\">Jusque dans les 50 derniers kilom\u00e8tres, aucun col r\u00e9pertori\u00e9 n\u2019est au programme. Les \u00e9chapp\u00e9es vont ainsi pouvoir prendre de l\u2019avance, si les favoris le permettent. Il y aura ensuite 5 cols (3 de quatri\u00e8me cat\u00e9gorie, 2 de troisi\u00e8me cat\u00e9gorie) qui s\u2019encha\u00eeneront avant le final \u00e0 Rouen.<\/p>\n<p>\n        14:10\n            <\/p>\n<p class=\"fig-live-post__title\" role=\"heading\" aria-level=\"3\">L\u2019attaque fulgurante de Lenny Martinez en vid\u00e9o<\/p>\n<p>\n        14:02\n            <\/p>\n<p class=\"fig-live-post__title\" role=\"heading\" aria-level=\"3\">Les trois hommes \u00e0 l\u2019avant sont rejoints par Kasper Asgreen<\/p>\n<p class=\"fig-paragraph\">L\u2019\u00e9chapp\u00e9e du jour est d\u00e9sormais compos\u00e9e de quatre coureurs dont deux Fran\u00e7ais\u00a0: Lenny Martinez et Thomas Gachignard. Toujours deux minutes d\u2019avance pour eux.<\/p>\n<p>\n        13:55\n            <\/p>\n<p class=\"fig-live-post__title\" role=\"heading\" aria-level=\"3\">Jasper Philipsen op\u00e9r\u00e9 avec succ\u00e8s<\/p>\n<p class=\"fig-paragraph\">Le sprinteur de la formation Alpecin-Decuninck a subi une intervention chirurgicale pour r\u00e9parer sa clavicule et son articulation acromio-claviculaire.<\/p>\n<p>\n        13:48\n            <\/p>\n<p class=\"fig-live-post__title\" role=\"heading\" aria-level=\"3\">Kasper Asgreen part en contre<\/p>\n<p class=\"fig-paragraph\">Le rouleur danois de la formation EF Education-Easypost va tenter de rejoindre les trois coureurs \u00e9chapp\u00e9s du jour, dont les deux Fran\u00e7ais Lenny Martinez et Thomas Gachignard. Ce dernier ayant d\u00e9j\u00e0 r\u00e9ussi \u00e0 faire la jonction. Deux minutes d\u2019avance sur le peloton pour eux.<\/p>\n<p>\n        13:45\n            <\/p>\n<p class=\"fig-live-post__title\" role=\"heading\" aria-level=\"3\">Le manager de la Cofidis C\u00e9dric Vasseur r\u00e9agit au carton jaune de Bryan Coquard<\/p>\n<p class=\"fig-paragraph\">Alors que le sprinteur fran\u00e7ais a provoqu\u00e9 malgr\u00e9 lui l\u2019abandon de Jasper Philipsen hier lors de l\u2019\u00e9tape entre Valenciennes et Dunkerque, il a \u00e9cop\u00e9 du premier carton jaune du Tour de France 2025, synonyme d\u2019amende de 534 euros.<\/p>\n<p class=\"fig-paragraph\">La r\u00e9action de son manager C\u00e9dric Vasseur\u00a0<a href=\"http:\/\/www.lefigaro.fr\/sports\/cyclisme\/tour-de-france\/tour-de-france-bryan-n-a-commis-aucune-erreur-lance-cedric-vasseur-apres-l-incident-entre-coquard-et-philipsen-20250708\" data-fig-type=\"NewsFlash\" data-gtm-custom-categorie=\"navigation\" data-gtm-custom-action=\"crossclick\" data-gtm-custom-label=\"Contextuel\" data-gtm-event=\"customEventSPE\" data-fig-domain=\"LEFIGARO\" target=\"_blank\" rel=\"noopener\">sur notre site<\/a>.<\/p>\n<p>\n        13:38\n            <\/p>\n<p class=\"fig-live-post__title\" role=\"heading\" aria-level=\"3\">Le d\u00e9part r\u00e9el est donn\u00e9 par Christian Prudhomme<\/p>\n<p class=\"fig-paragraph\">D\u00e8s le premier kilom\u00e8tre, le Fran\u00e7ais Lenny Martinez place une attaque et se d\u00e9tache du peloton en compagnie de Jonas Abrahamsen. Thomas Gachignard de l\u2019\u00e9quipe Total \u00c9nergies tente de les rejoindre.<\/p>\n<p>\n        13:31\n            <\/p>\n<p class=\"fig-live-post__title\" role=\"heading\" aria-level=\"3\">\u00abLes m\u00e9dias ont d\u00e9tourn\u00e9 l\u2019affaire\u00bb, peste Vingegaard apr\u00e8s les d\u00e9clarations pol\u00e9miques de sa femme<\/p>\n<p class=\"fig-paragraph\">Le leader de la Visma-Lease a Bike\u00a0<a href=\"http:\/\/www.lefigaro.fr\/sports\/cyclisme\/tour-de-france\/tour-de-france-les-medias-ont-detourne-l-affaire-lance-vingegaard-apres-les-declarations-polemiques-de-sa-femme-20250708\" data-fig-type=\"NewsFlash\" data-gtm-custom-categorie=\"navigation\" data-gtm-custom-action=\"crossclick\" data-gtm-custom-label=\"Contextuel\" data-gtm-event=\"customEventSPE\" data-fig-domain=\"LEFIGARO\" target=\"_blank\" rel=\"noopener\">a pris le temps de r\u00e9agir<\/a>\u00a0apr\u00e8s les propos de sa femme, qui avait fustig\u00e9 la surutilisation de son mari par la formation n\u00e9erlandaise dans la presse danoise.<\/p>\n<p>\n        13:27\n            <\/p>\n<p class=\"fig-live-post__title\" role=\"heading\" aria-level=\"3\">Le selfie entre les diff\u00e9rents maillots distinctifs \u00e0 Rouen<\/p>\n<p>\n        13:22\n            <\/p>\n<p class=\"fig-live-post__title\" role=\"heading\" aria-level=\"3\">Un jour, un m\u00e9tier avec le Figaro<\/p>\n<p class=\"fig-paragraph\">Aujourd\u2019hui, nos envoy\u00e9s sp\u00e9ciaux s\u2019int\u00e9ressent \u00e0 un nouveau m\u00e9tier de l\u2019ombre sur la Grande Boucle, celui de kin\u00e9, aux c\u00f4t\u00e9s d\u2019Eric Lasselin, qui officie au sein de l\u2019\u00e9quipe Cofidis.<\/p>\n<p class=\"fig-paragraph\">Un article \u00e0 retrouver\u00a0<a href=\"http:\/\/www.lefigaro.fr\/sports\/cyclisme\/tour-de-france\/quand-je-masse-je-fous-la-paix-aux-coureurs-eric-19-tours-de-france-le-kine-aux-mains-d-or-20250708\" data-fig-type=\"NewsFlash\" data-gtm-custom-categorie=\"navigation\" data-gtm-custom-action=\"crossclick\" data-gtm-custom-label=\"Contextuel\" data-gtm-event=\"customEventSPE\" data-fig-domain=\"LEFIGARO\" target=\"_blank\" rel=\"noopener\">sur notre site<\/a>.<\/p>\n<p>\n        13:17\n            <\/p>\n<p class=\"fig-live-post__title\" role=\"heading\" aria-level=\"3\">C\u2019est parti pour le d\u00e9part fictif !<\/p>\n<p class=\"fig-paragraph\">Les 181 coureurs encore en course viennent de partir d\u2019Amiens et prennent maintenant la direction de la Normandie o\u00f9 l\u2019arriv\u00e9e du jour sera \u00e9tablie \u00e0 Rouen.<\/p>\n<p>\n        13:11\n            <\/p>\n<p class=\"fig-live-post__title\" role=\"heading\" aria-level=\"3\">Parcours, horaires, favoris et curiosit\u00e9s&#8230; Qu\u2019attendre de la quatri\u00e8me \u00e9tape de ce Tour de France 2025 ?<\/p>\n<p class=\"fig-paragraph\">Tout ce qu\u2019il faut savoir sur la course et ses \u00e0-c\u00f4t\u00e9s vous est r\u00e9sum\u00e9 par nos envoy\u00e9s sp\u00e9ciaux sur place \u00e0 Amiens.<\/p>\n<p class=\"fig-paragraph\"><a href=\"http:\/\/www.lefigaro.fr\/sports\/cyclisme\/tour-de-france\/tour-de-france-2025-parcours-horaires-favoris-et-curiosites-de-la-quatrieme-etape-20250708\" data-fig-type=\"NewsFlash\" data-gtm-custom-categorie=\"navigation\" data-gtm-custom-action=\"crossclick\" data-gtm-custom-label=\"Contextuel\" data-gtm-event=\"customEventSPE\" data-fig-domain=\"LEFIGARO\" target=\"_blank\" rel=\"noopener\">Tour de France\u00a0: parcours, horaires, favoris et curiosit\u00e9s de la quatri\u00e8me \u00e9tape<\/a><\/p>\n<p>\n        13:04\n            <\/p>\n<p class=\"fig-live-post__title\" role=\"heading\" aria-level=\"3\">Retour sur l\u2019\u00e9tape pr\u00e9c\u00e9dente<\/p>\n<p class=\"fig-paragraph\">Au terme d\u2019un parcours relativement plat entre Valenciennes et Dunkerque, Tim Merlier s\u2019est impos\u00e9 au sprint \u00e0 la photo finish devant Jonathan Milan. L\u2019\u00e9tape,\u00a0<a href=\"http:\/\/www.lefigaro.fr\/sports\/cyclisme\/tour-de-france\/tour-de-france-ennuyeuse-la-3e-etape-gache-t-elle-le-debut-du-tour-20250707\" data-fig-type=\"NewsFlash\" data-gtm-custom-categorie=\"navigation\" data-gtm-custom-action=\"crossclick\" data-gtm-custom-label=\"Contextuel\" data-gtm-event=\"customEventSPE\" data-fig-domain=\"LEFIGARO\" target=\"_blank\" rel=\"noopener\">tr\u00e8s peu anim\u00e9e,<\/a>\u00a0a \u00e9t\u00e9 marqu\u00e9e par de nombreuses chutes au sein du peloton.<\/p>\n<p class=\"fig-paragraph\">Le r\u00e9sum\u00e9 est \u00e0 lire\u00a0<a href=\"http:\/\/www.lefigaro.fr\/sports\/cyclisme\/tour-de-france\/tour-de-france-le-belge-tim-merlier-s-impose-de-justesse-au-sprint-dans-une-course-sans-spectacle-20250707\" data-fig-type=\"NewsFlash\" data-gtm-custom-categorie=\"navigation\" data-gtm-custom-action=\"crossclick\" data-gtm-custom-label=\"Contextuel\" data-gtm-event=\"customEventSPE\" data-fig-domain=\"LEFIGARO\" target=\"_blank\" rel=\"noopener\">sur notre site<\/a>.<\/p>\n<p>\n        12:52\n            <\/p>\n<p class=\"fig-live-post__title\" role=\"heading\" aria-level=\"3\">Bonjour \u00e0 tous !<\/p>\n<p class=\"fig-paragraph\">Bienvenue sur notre site pour suivre en live comment\u00e9 la quatri\u00e8me \u00e9tape du Tour de France. Au programme ce mardi\u00a0: 174,5 km entre Amiens et Rouen. Un parcours qui pourrait convenir aux puncheurs, \u00e0 l\u2019image du maillot jaune Mathieu Van\u00a0der\u00a0Poel.<\/p>\n<p>    Tim Merlier a remport\u00e9 l\u2019\u00e9tape de la veille au sprint devant Jonathan Milan.<br \/>\n                Sarah Meyssonnier \/ REUTERS<\/p>\n<p>                Les publications appara\u00eetront ici<\/p>\n<p>        Fermer<\/p>\n","protected":false},"excerpt":{"rendered":"18:45 Bonne fin de journ\u00e9e ! Merci d\u2019avoir suivi ce live comment\u00e9 de la quatri\u00e8me \u00e9tape du Tour&hellip;\n","protected":false},"author":2,"featured_media":235600,"comment_status":"","ping_status":"","sticky":false,"template":"","format":"standard","meta":{"footnotes":""},"categories":[1411],"tags":[1154,207,1011,27,27884,60,1138,210],"class_list":{"0":"post-235599","1":"post","2":"type-post","3":"status-publish","4":"format-standard","5":"has-post-thumbnail","7":"category-cyclisme","8":"tag-cycling","9":"tag-cyclisme","10":"tag-fr","11":"tag-france","12":"tag-jonas-vingegaard","13":"tag-sports","14":"tag-tadej-pogacar","15":"tag-tour-de-france"},"share_on_mastodon":{"url":"https:\/\/pubeurope.com\/@fr\/114818686874720333","error":""},"_links":{"self":[{"href":"https:\/\/www.europesays.com\/fr\/wp-json\/wp\/v2\/posts\/235599","targetHints":{"allow":["GET"]}}],"collection":[{"href":"https:\/\/www.europesays.com\/fr\/wp-json\/wp\/v2\/posts"}],"about":[{"href":"https:\/\/www.europesays.com\/fr\/wp-json\/wp\/v2\/types\/post"}],"author":[{"embeddable":true,"href":"https:\/\/www.europesays.com\/fr\/wp-json\/wp\/v2\/users\/2"}],"replies":[{"embeddable":true,"href":"https:\/\/www.europesays.com\/fr\/wp-json\/wp\/v2\/comments?post=235599"}],"version-history":[{"count":0,"href":"https:\/\/www.europesays.com\/fr\/wp-json\/wp\/v2\/posts\/235599\/revisions"}],"wp:featuredmedia":[{"embeddable":true,"href":"https:\/\/www.europesays.com\/fr\/wp-json\/wp\/v2\/media\/235600"}],"wp:attachment":[{"href":"https:\/\/www.europesays.com\/fr\/wp-json\/wp\/v2\/media?parent=235599"}],"wp:term":[{"taxonomy":"category","embeddable":true,"href":"https:\/\/www.europesays.com\/fr\/wp-json\/wp\/v2\/categories?post=235599"},{"taxonomy":"post_tag","embeddable":true,"href":"https:\/\/www.europesays.com\/fr\/wp-json\/wp\/v2\/tags?post=235599"}],"curies":[{"name":"wp","href":"https:\/\/api.w.org\/{rel}","templated":true}]}}