{"id":235601,"date":"2025-07-08T17:01:38","date_gmt":"2025-07-08T17:01:38","guid":{"rendered":"https:\/\/www.europesays.com\/fr\/235601\/"},"modified":"2025-07-08T17:01:38","modified_gmt":"2025-07-08T17:01:38","slug":"ligue-1-la-lfp-a-choisi-son-producteur-pour-sa-plateforme","status":"publish","type":"post","link":"https:\/\/www.europesays.com\/fr\/235601\/","title":{"rendered":"Ligue 1 : la LFP a choisi son producteur pour sa plateforme"},"content":{"rendered":"<p>                            <img width=\"770\" height=\"433\" src=\"https:\/\/www.europesays.com\/fr\/wp-content\/uploads\/2025\/07\/000_33ZH6JG-770x433.jpg\" class=\"attachment-article size-article wp-post-image\" alt=\"Un cam\u00e9raman au V\u00e9lodrome lors d'OM - OL le 29 octobre 2023\" decoding=\"async\" fetchpriority=\"high\"  \/><\/p>\n<p>Un cam\u00e9raman au V\u00e9lodrome lors d\u2019OM \u2013 OL le 29 octobre 2023 (Photo by Christophe SIMON \/ AFP)<\/p>\n<p>Une semaine apr\u00e8s l&rsquo;annonce du lancement de sa plateforme avec 8 matchs sur 9 par journ\u00e9e de Ligue 1, la LFP a d\u00e9voil\u00e9 le nom du producteur. Il s&rsquo;agit de Mediawan Sport.<\/p>\n<p>La saison prochaine, la Ligue 1 sera visible \u00e0 deux endroits. Sur beIN Sports, qui a gard\u00e9 une rencontre par week-end, ainsi que <a href=\"https:\/\/www.olympique-et-lyonnais.com\/ol-ligue-1-la-lfp-lance-officiellement-sa-nouvelle-plateforme,368794.html\" rel=\"nofollow noopener\" target=\"_blank\">sur la plateforme<\/a> diffusant les huit autres parties de chaque journ\u00e9e. Cette derni\u00e8re sera accessible via plusieurs distributeurs, except\u00e9 <a href=\"https:\/\/www.olympique-et-lyonnais.com\/ol-ligue-1-canal-plus-renonce-a-diffuser-la-future-chaine,368162.html\" rel=\"nofollow noopener\" target=\"_blank\">Canal +<\/a>. En attendant de savoir si cette nouvelle mouture portera ses fruits apr\u00e8s plusieurs \u00e9checs successifs, la LFP a officialis\u00e9 le nom du producteur. <\/p>\n<p>Le patron de Mediawan est un ami de Vincent Labrune<\/p>\n<p>Il s&rsquo;agit de Mediawan (C \u00e0 vous&#8230;). L&rsquo;entreprise fut pr\u00e9f\u00e9r\u00e9e \u00e0 la suite de l&rsquo;appel d&rsquo;offres \u00e0 21 Production (filiale du groupe\u00a0L&rsquo;\u00c9quipe). Un comit\u00e9 de supervision a act\u00e9 la d\u00e9cision. Plusieurs dirigeants importants du football ont particip\u00e9 \u00e0 ce comit\u00e9, mais pas Vincent <strong>Labrune<\/strong>. Ce dernier est un proche de Pierre-Antoine <strong>Capton<\/strong>, le patron de la soci\u00e9t\u00e9 retenue.<\/p>\n<p>Rappelons que la future cha\u00eene sera propos\u00e9e moyennant 14,99 euros par mois avec engagement. Pour les jeunes adultes, nous devrions retrouver un tarif pr\u00e9f\u00e9rentiel. Le championnat, lui, reprendra le 15 ao\u00fbt. Reste \u00e0 voir si ce sera avec l&rsquo;Olympique lyonnais, ou sans le septuple champion de France (2002-2008). R\u00e9ponse mercredi, apr\u00e8s l&rsquo;appel aupr\u00e8s de la commission.<\/p>\n","protected":false},"excerpt":{"rendered":"Un cam\u00e9raman au V\u00e9lodrome lors d\u2019OM \u2013 OL le 29 octobre 2023 (Photo by Christophe SIMON \/ AFP)&hellip;\n","protected":false},"author":2,"featured_media":235602,"comment_status":"","ping_status":"","sticky":false,"template":"","format":"standard","meta":{"footnotes":""},"categories":[1410],"tags":[63,1011,27,66,60],"class_list":{"0":"post-235601","1":"post","2":"type-post","3":"status-publish","4":"format-standard","5":"has-post-thumbnail","7":"category-football","8":"tag-football","9":"tag-fr","10":"tag-france","11":"tag-ligue-1","12":"tag-sports"},"share_on_mastodon":{"url":"https:\/\/pubeurope.com\/@fr\/114818691005427686","error":""},"_links":{"self":[{"href":"https:\/\/www.europesays.com\/fr\/wp-json\/wp\/v2\/posts\/235601","targetHints":{"allow":["GET"]}}],"collection":[{"href":"https:\/\/www.europesays.com\/fr\/wp-json\/wp\/v2\/posts"}],"about":[{"href":"https:\/\/www.europesays.com\/fr\/wp-json\/wp\/v2\/types\/post"}],"author":[{"embeddable":true,"href":"https:\/\/www.europesays.com\/fr\/wp-json\/wp\/v2\/users\/2"}],"replies":[{"embeddable":true,"href":"https:\/\/www.europesays.com\/fr\/wp-json\/wp\/v2\/comments?post=235601"}],"version-history":[{"count":0,"href":"https:\/\/www.europesays.com\/fr\/wp-json\/wp\/v2\/posts\/235601\/revisions"}],"wp:featuredmedia":[{"embeddable":true,"href":"https:\/\/www.europesays.com\/fr\/wp-json\/wp\/v2\/media\/235602"}],"wp:attachment":[{"href":"https:\/\/www.europesays.com\/fr\/wp-json\/wp\/v2\/media?parent=235601"}],"wp:term":[{"taxonomy":"category","embeddable":true,"href":"https:\/\/www.europesays.com\/fr\/wp-json\/wp\/v2\/categories?post=235601"},{"taxonomy":"post_tag","embeddable":true,"href":"https:\/\/www.europesays.com\/fr\/wp-json\/wp\/v2\/tags?post=235601"}],"curies":[{"name":"wp","href":"https:\/\/api.w.org\/{rel}","templated":true}]}}