{"id":235605,"date":"2025-07-08T17:03:25","date_gmt":"2025-07-08T17:03:25","guid":{"rendered":"https:\/\/www.europesays.com\/fr\/235605\/"},"modified":"2025-07-08T17:03:25","modified_gmt":"2025-07-08T17:03:25","slug":"le-pied-dhercule-sexpose-a-saint-cere-avec-le-soutien-de-cauvaldor-medialot","status":"publish","type":"post","link":"https:\/\/www.europesays.com\/fr\/235605\/","title":{"rendered":"\u00ab Le pied d\u2019Hercule \u00bb s\u2019expose \u00e0 Saint-C\u00e9r\u00e9 avec le soutien de Cauvaldor \u2013 Medialot"},"content":{"rendered":"<p>\n                          <a href=\"https:\/\/www.ecoutervoir.fr\" rel=\"nofollow noopener\" target=\"_blank\"><img loading=\"lazy\" decoding=\"async\" alt=\"\" width=\"300\" height=\"37\"  src=\"https:\/\/www.europesays.com\/fr\/wp-content\/uploads\/2025\/04\/ecouter-v-300x37.jpeg\" data- class=\"size-medium wp-image-163875 aligncenter lazyload\"\/><\/a><br \/>\nInauguration ce 11 juillet 2025, \u00e0 18 h, en pr\u00e9sence de l\u2019artiste.<br \/>\n<a href=\"https:\/\/www.europesays.com\/fr\/wp-content\/uploads\/2025\/07\/Pub-Medialot-Speedy-2025-300x38-1.gif\"><img loading=\"lazy\" decoding=\"async\" alt=\"\" width=\"300\" height=\"38\" src=\"https:\/\/www.europesays.com\/fr\/wp-content\/uploads\/2025\/07\/Pub-Medialot-Speedy-2025-300x38-1.gif\" class=\"size-full wp-image-170577 aligncenter lazyload\"\/><\/a><\/p>\n<p>Du 11 juillet au 31 ao\u00fbt 2025, le Jardin public de Saint-C\u00e9r\u00e9 accueille l\u2019exposition photographique \u00ab Le pied d\u2019Hercule \u00bb de Claude Pauquet port\u00e9e par Cauvaldor avec le soutien de la mairie de Saint-C\u00e9r\u00e9. L\u2019inauguration accessible \u00e0 tous aura lieu le vendredi 11 juillet, \u00e0 18 h, en pr\u00e9sence de l\u2019artiste.<\/p>\n<p><a href=\"https:\/\/www.europesays.com\/fr\/wp-content\/uploads\/2025\/04\/medialot-300x38-5.jpg\"><img loading=\"lazy\" decoding=\"async\" alt=\"\" width=\"300\" height=\"38\" src=\"https:\/\/www.europesays.com\/fr\/wp-content\/uploads\/2025\/04\/medialot-300x38-5.jpg\" class=\"size-full wp-image-150487 aligncenter lazyload\"\/><\/a><\/p>\n<p>En septembre 2024, l\u2019exposition \u00ab Le pied d\u2019Hercule \u00bb avait fait ses d\u00e9buts \u00e0 Biars-sur-C\u00e8re dans le cadre du festival R\u00e9surgence VIII dont le th\u00e8me \u00e9tait Sportive Attitude. Initi\u00e9e par Cauvaldor, cette s\u00e9rie est n\u00e9e d\u2019une commande artistique m\u00ealant sport, culture et territoire. L\u2019artiste lotois Claude Pauquet, photographe reconnu, a parcouru les structures sportives et les lieux patrimoniaux de Cauvaldor avec son studio mobile, immortalisant trente jeunes athl\u00e8tes \u00e2g\u00e9s de 12 \u00e0 33 ans.<\/p>\n<p><a href=\"https:\/\/mtechalu46.com\" rel=\"nofollow noopener\" target=\"_blank\"><img loading=\"lazy\" decoding=\"async\" alt=\"\" width=\"300\" height=\"38\" src=\"https:\/\/www.europesays.com\/fr\/wp-content\/uploads\/2025\/04\/GIF-MTECH.gif\" class=\"size-full wp-image-163888 aligncenter lazyload\"\/><\/a><\/p>\n<p>Mis en avant par leurs clubs et la commission sport de Cauvaldor, ces sportifs incarnent la vitalit\u00e9 d\u2019un territoire en mouvement. \u00c0 mi-chemin entre photographie documentaire et mise en sc\u00e8ne artistique, chaque portrait raconte une histoire, un engagement, une \u00e9nergie \u2013 dans l\u2019ombre mythique d\u2019Hercule. Le titre m\u00eame de l\u2019exposition fait r\u00e9f\u00e9rence \u00e0 l\u2019unit\u00e9 de mesure antique utilis\u00e9e pour \u00e9tablir le stade d\u2019Olympie : le pied d\u2019Hercule, soit 32 cm, ou l\u2019\u00e9quivalent d\u2019une pointure 47,5.<\/p>\n<p><a href=\"https:\/\/piscinesservices46.fr\" rel=\"nofollow noopener\" target=\"_blank\"><img loading=\"lazy\" decoding=\"async\" alt=\"\" width=\"300\" height=\"38\" src=\"https:\/\/www.europesays.com\/fr\/wp-content\/uploads\/2025\/04\/ps46-bandeau.gif\" class=\"size-full wp-image-146807 aligncenter lazyload\"\/><\/a><\/p>\n<p>L\u2019exposition s\u2019installe au c\u0153ur de Saint-C\u00e9r\u00e9, dans son Jardin public, avec le soutien de la municipalit\u00e9. Un cadre verdoyant pour une immersion artistique et sportive in\u00e9dite.<\/p>\n<p><a href=\"https:\/\/www.lfccourtage.com\/\" rel=\"nofollow noopener\" target=\"_blank\"><img loading=\"lazy\" decoding=\"async\" alt=\"\" width=\"300\" height=\"38\" src=\"https:\/\/www.europesays.com\/fr\/wp-content\/uploads\/2025\/04\/lfc-courtage-bandeau-2.gif\" class=\"size-full wp-image-78799 aligncenter lazyload\"\/><\/a><\/p>\n<p>&gt; Le public pourra aussi d\u00e9couvrir le travail de l\u2019artiste dans l\u2019exposition intitul\u00e9e \u00ab S\u2019engager dans la r\u00e9sistance \u00bb au Ch\u00e2teau des Doyens \u00e0 Carennac, du 1er juillet au 1er novembre 2025. Con\u00e7ue par le Pays d\u2019Art et d\u2019Histoire de Cauvaldor, cette exposition propose deux parcours li\u00e9s \u00e0 la Seconde Guerre mondiale :<\/p>\n<p>\u2013 \u00ab Les enfants de la r\u00e9sistance \u00bb\u00a0;<\/p>\n<p>\u2013 \u00ab Convoi vers l\u2019Est et retour \u00bb, une s\u00e9rie photographique personnelle dans laquelle l\u2019artiste retrace le parcours bouleversant de sa m\u00e8re, r\u00e9sistante et d\u00e9port\u00e9e entre 1943 et 1945.<\/p>\n<p>Cette exposition sera \u00e9galement pr\u00e9sent\u00e9e dans le cadre du Festival R\u00e9surgence IX, intitul\u00e9 \u00ab\u00a0\u00c9ternel Refuge\u00a0\u00bb. Elle enrichit ainsi le dialogue entre l\u2019histoire personnelle, la m\u00e9moire collective et la cr\u00e9ation artistique contemporaine.<\/p>\n<p><a href=\"https:\/\/chambert.com\/fr\/index.html\" rel=\"nofollow noopener\" target=\"_blank\"><img loading=\"lazy\" decoding=\"async\" alt=\"\" width=\"300\" height=\"38\" src=\"https:\/\/www.europesays.com\/fr\/wp-content\/uploads\/2025\/04\/chambert-2024-300x38-1.gif\" class=\"size-full wp-image-160827 aligncenter lazyload\"\/><\/a><\/p>\n<p>&gt; Plus d\u2019informations\u00a0:\u00a0<\/p>\n<p>Inauguration \u00ab Le pied d\u2019Hercule \u00bb vendredi 11 juillet \u00e0 18 h \u2013 Jardin public de Saint-C\u00e9r\u00e9 \u2013 En pr\u00e9sence de l\u2019artiste.\u00a0<\/p>\n<p><a href=\"https:\/\/www.facebook.com\/intermarcheBastieCahors?locale=fr_FR\" target=\"_blank\" rel=\"noopener noreferrer nofollow\"><img loading=\"lazy\" decoding=\"async\" alt=\"\" width=\"300\" height=\"38\" src=\"https:\/\/www.europesays.com\/fr\/wp-content\/uploads\/2025\/04\/intermarche-V2.gif\" class=\"aligncenter wp-image-111517 size-full lazyload\"\/><\/a><\/p>\n<p>&gt; Infos expo Carennac : 05 82 12 00 30<\/p>\n<p><a href=\"https:\/\/www.assureur-cahors.fr\" rel=\"nofollow noopener\" target=\"_blank\"><img loading=\"lazy\" decoding=\"async\" alt=\"\" width=\"300\" height=\"38\" src=\"https:\/\/www.europesays.com\/fr\/wp-content\/uploads\/2025\/04\/300x38.gif\" class=\"size-full wp-image-141871 aligncenter lazyload\"\/><\/a><\/p>\n<p>Photo DR<\/p>\n<p><a href=\"https:\/\/concessions.peugeot.fr\/cahors\" rel=\"nofollow noopener\" target=\"_blank\"><img loading=\"lazy\" decoding=\"async\" alt=\"\" width=\"300\" height=\"38\" src=\"https:\/\/www.europesays.com\/fr\/wp-content\/uploads\/2025\/04\/pub_GGB_s.gif\" class=\"size-full wp-image-128909 aligncenter lazyload\"\/><\/a><\/p>\n<p>\u00a0<\/p>\n","protected":false},"excerpt":{"rendered":"Inauguration ce 11 juillet 2025, \u00e0 18 h, en pr\u00e9sence de l\u2019artiste. Du 11 juillet au 31 ao\u00fbt&hellip;\n","protected":false},"author":2,"featured_media":235606,"comment_status":"","ping_status":"","sticky":false,"template":"","format":"standard","meta":{"footnotes":""},"categories":[1358],"tags":[1348,1384,1385,1386,58,59,1011,27],"class_list":{"0":"post-235605","1":"post","2":"type-post","3":"status-publish","4":"format-standard","5":"has-post-thumbnail","7":"category-arts-et-design","8":"tag-arts","9":"tag-arts-and-design","10":"tag-arts-et-design","11":"tag-design","12":"tag-divertissement","13":"tag-entertainment","14":"tag-fr","15":"tag-france"},"share_on_mastodon":{"url":"https:\/\/pubeurope.com\/@fr\/114818699210788503","error":""},"_links":{"self":[{"href":"https:\/\/www.europesays.com\/fr\/wp-json\/wp\/v2\/posts\/235605","targetHints":{"allow":["GET"]}}],"collection":[{"href":"https:\/\/www.europesays.com\/fr\/wp-json\/wp\/v2\/posts"}],"about":[{"href":"https:\/\/www.europesays.com\/fr\/wp-json\/wp\/v2\/types\/post"}],"author":[{"embeddable":true,"href":"https:\/\/www.europesays.com\/fr\/wp-json\/wp\/v2\/users\/2"}],"replies":[{"embeddable":true,"href":"https:\/\/www.europesays.com\/fr\/wp-json\/wp\/v2\/comments?post=235605"}],"version-history":[{"count":0,"href":"https:\/\/www.europesays.com\/fr\/wp-json\/wp\/v2\/posts\/235605\/revisions"}],"wp:featuredmedia":[{"embeddable":true,"href":"https:\/\/www.europesays.com\/fr\/wp-json\/wp\/v2\/media\/235606"}],"wp:attachment":[{"href":"https:\/\/www.europesays.com\/fr\/wp-json\/wp\/v2\/media?parent=235605"}],"wp:term":[{"taxonomy":"category","embeddable":true,"href":"https:\/\/www.europesays.com\/fr\/wp-json\/wp\/v2\/categories?post=235605"},{"taxonomy":"post_tag","embeddable":true,"href":"https:\/\/www.europesays.com\/fr\/wp-json\/wp\/v2\/tags?post=235605"}],"curies":[{"name":"wp","href":"https:\/\/api.w.org\/{rel}","templated":true}]}}