{"id":235607,"date":"2025-07-08T17:04:17","date_gmt":"2025-07-08T17:04:17","guid":{"rendered":"https:\/\/www.europesays.com\/fr\/235607\/"},"modified":"2025-07-08T17:04:17","modified_gmt":"2025-07-08T17:04:17","slug":"5-livres-pour-sensibiliser-en-douceur-les-enfants-a-la-protection-de-la-planete","status":"publish","type":"post","link":"https:\/\/www.europesays.com\/fr\/235607\/","title":{"rendered":"5 livres pour sensibiliser en douceur les enfants \u00e0 la protection de la plan\u00e8te"},"content":{"rendered":"<p><b>Il n&rsquo;est jamais trop t\u00f4t pour parler aux plus petits de l&rsquo;environnement ! Voici cinq ouvrages pour aborder avec eux la question de la protection de la nature. <\/b><\/p>\n<p>Comment parler aux enfants de la fragilit\u00e9 de ce qui nous entoure et de la n\u00e9cessit\u00e9 de prot\u00e9ger la plan\u00e8te ? Comment parler avec eux de la pollution, des dangers de la d\u00e9forestation, du r\u00e9chauffement climatique, de la gestion des d\u00e9chets ? Autant de questions qui sont de plus en plus abord\u00e9es dans les livres destin\u00e9s aux plus jeunes. Alors voici une s\u00e9lection de cinq ouvrages \u00e0 proposer \u00e0 vos bambins pour parler, avec eux, de l&rsquo;importance de la protection de l&rsquo;environnement.<\/p>\n<p><strong>\u00c0 d\u00e9couvrir \u00e9galement <\/strong>\u00a0:\u00a0<a href=\"https:\/\/www.femina.fr\/article\/comment-soutenir-l-ecologie-au-dela-des-petits-gestes-du-quotidien#xtor=AL-34\" rel=\"nofollow noopener\" target=\"_blank\" data-ylk=\"slk:Comment soutenir l&#039;\u00e9cologie au-del\u00e0 des petits gestes du quotidien ?;elm:context_link;itc:0;sec:content-canvas\" class=\"link \">Comment soutenir l&rsquo;\u00e9cologie au-del\u00e0 des petits gestes du quotidien ?<\/a><\/p>\n<p>\u00ab\u00a0Dans la for\u00eat du paresseux\u00a0\u00bb<\/p>\n<p>Dans ce joli album sorti aux \u00e9ditions Helium, Sophie Strady raconte l&rsquo;histoire d&rsquo;un petit paresseux qui, endormi au sommet d&rsquo;un arbre, ne se rend pas compte que la magnifique jungle dans laquelle il vit est en train de se faire terrasser par des engins de chantier. Alors que tous les animaux s&rsquo;enfuient, le paresseux, lui, poursuit sa sieste, inconscient du danger qui l&rsquo;entoure. Un livre interactif, illustr\u00e9 par Louis Rigaud et Anouck Boisrobert, que votre bambin pourra toucher, manipuler et animer, au message puissant. A partir de 3 ans.<\/p>\n<p><img loading=\"lazy\" decoding=\"async\" class=\"caas-img caas-lazy has-preview has-width\" alt=\"\" src=\"https:\/\/www.europesays.com\/fr\/wp-content\/uploads\/2025\/07\/5d66a9f038a788f3e119cf7a0697d77d.png\" height=\"395\" width=\"200\"\/>\u00ab\u00a0Aupr\u00e8s de mon herbe\u00a0\u00bb<\/p>\n<p>Dans ce conte d&rsquo;Anne Loyer illustr\u00e9 par Albert Arrayas (paru chez Gl\u00e9nat Jeunesse), il est question d&rsquo;un d\u00e9sert aride, d&rsquo;un endroit inhospitalier. Cette plaine d\u00e9sertique, c&rsquo;et aussi le chemin qui m\u00e8ne \u00e0 la ville d&rsquo;or et de paillettes o\u00f9 l&rsquo;on d\u00e9pense son&#8230;<\/p>\n<p><a href=\"https:\/\/www.femina.fr\/article\/5-livres-pour-sensibiliser-en-douceur-les-enfants-a-la-protection-de-la-planete#xtor=AL-34\" rel=\"nofollow noopener\" target=\"_blank\" data-ylk=\"slk:Lire la suite sur Femina.fr;elm:context_link;itc:0;sec:content-canvas\" class=\"link \">Lire la suite sur Femina.fr<\/a><\/p>\n<p>A lire aussi<\/p>\n","protected":false},"excerpt":{"rendered":"Il n&rsquo;est jamais trop t\u00f4t pour parler aux plus petits de l&rsquo;environnement ! Voici cinq ouvrages pour aborder&hellip;\n","protected":false},"author":2,"featured_media":235608,"comment_status":"","ping_status":"","sticky":false,"template":"","format":"standard","meta":{"footnotes":""},"categories":[1357],"tags":[1379,58,59,1011,27,1380,5735,5349,37428],"class_list":{"0":"post-235607","1":"post","2":"type-post","3":"status-publish","4":"format-standard","5":"has-post-thumbnail","7":"category-livres","8":"tag-books","9":"tag-divertissement","10":"tag-entertainment","11":"tag-fr","12":"tag-france","13":"tag-livres","14":"tag-protection-de-lenvironnement","15":"tag-protection-de-la-nature","16":"tag-sophie-strady"},"share_on_mastodon":{"url":"https:\/\/pubeurope.com\/@fr\/114818702660616867","error":""},"_links":{"self":[{"href":"https:\/\/www.europesays.com\/fr\/wp-json\/wp\/v2\/posts\/235607","targetHints":{"allow":["GET"]}}],"collection":[{"href":"https:\/\/www.europesays.com\/fr\/wp-json\/wp\/v2\/posts"}],"about":[{"href":"https:\/\/www.europesays.com\/fr\/wp-json\/wp\/v2\/types\/post"}],"author":[{"embeddable":true,"href":"https:\/\/www.europesays.com\/fr\/wp-json\/wp\/v2\/users\/2"}],"replies":[{"embeddable":true,"href":"https:\/\/www.europesays.com\/fr\/wp-json\/wp\/v2\/comments?post=235607"}],"version-history":[{"count":0,"href":"https:\/\/www.europesays.com\/fr\/wp-json\/wp\/v2\/posts\/235607\/revisions"}],"wp:featuredmedia":[{"embeddable":true,"href":"https:\/\/www.europesays.com\/fr\/wp-json\/wp\/v2\/media\/235608"}],"wp:attachment":[{"href":"https:\/\/www.europesays.com\/fr\/wp-json\/wp\/v2\/media?parent=235607"}],"wp:term":[{"taxonomy":"category","embeddable":true,"href":"https:\/\/www.europesays.com\/fr\/wp-json\/wp\/v2\/categories?post=235607"},{"taxonomy":"post_tag","embeddable":true,"href":"https:\/\/www.europesays.com\/fr\/wp-json\/wp\/v2\/tags?post=235607"}],"curies":[{"name":"wp","href":"https:\/\/api.w.org\/{rel}","templated":true}]}}