{"id":235629,"date":"2025-07-08T17:16:12","date_gmt":"2025-07-08T17:16:12","guid":{"rendered":"https:\/\/www.europesays.com\/fr\/235629\/"},"modified":"2025-07-08T17:16:12","modified_gmt":"2025-07-08T17:16:12","slug":"saint-etienne-un-an-de-plus-pour-le-stationnement-gratuit-et-leclairage-de-nuit-on-se-sent-ecoutes","status":"publish","type":"post","link":"https:\/\/www.europesays.com\/fr\/235629\/","title":{"rendered":"Saint-\u00c9tienne. Un an de plus pour le stationnement gratuit et l\u2019\u00e9clairage de nuit\u00a0: \u00ab\u00a0On se sent \u00e9cout\u00e9s\u00a0\u00bb"},"content":{"rendered":"<p>\u00ab\u00a0On se demandait si c\u2019\u00e9tait un effet d\u2019annonce, avec les \u00e9lections qui arrivent, ou si \u00e7a allait s\u2019inscrire dans la dur\u00e9e.\u00a0\u00bb Le collectif des commer\u00e7ants st\u00e9phanois a eu sa r\u00e9ponse. Les mesures mises en place il y a trois mois par la municipalit\u00e9 en faveur des commerces vont perdurer un an de plus.<\/p>\n<p>\u00ab\u00a0On voit compl\u00e8tement la diff\u00e9rence\u00a0\u00bb<\/p>\n<p>En mars, <a href=\"https:\/\/www.leprogres.fr\/economie\/2025\/03\/18\/commercants-en-colere-la-mairie-est-en-train-de-tuer-le-centre-ville\" target=\"_blank\" rel=\"nofollow noopener\">une trentaine de commer\u00e7ants en col\u00e8re avaient \u00e9t\u00e9 re\u00e7us en mairie<\/a> pour \u00e9voquer les difficult\u00e9s du centre-ville. Ils r\u00e9clamaient plus de s\u00e9curit\u00e9, de propret\u00e9, du stationnement gratuit et ils avaient \u00e9t\u00e9 entendus.<\/p>\n<p>Dans la foul\u00e9e, le maire <a href=\"https:\/\/www.leprogres.fr\/p\/gael-perdriau\" target=\"_blank\" rel=\"nofollow noopener\">Ga\u00ebl Perdriau<\/a> <a href=\"https:\/\/www.leprogres.fr\/economie\/2025\/03\/25\/le-stationnement-gratuit-le-week-end-et-l-eclairage-de-retour-la-nuit\" target=\"_blank\" rel=\"nofollow noopener\">avait annonc\u00e9 plusieurs mesures<\/a> \u00a0: l\u2019\u00e9clairage public rallum\u00e9 la nuit, le stationnement en surface rendu gratuit du vendredi midi jusqu\u2019au lundi matin (soit&#8230;<\/p>\n","protected":false},"excerpt":{"rendered":"\u00ab\u00a0On se demandait si c\u2019\u00e9tait un effet d\u2019annonce, avec les \u00e9lections qui arrivent, ou si \u00e7a allait s\u2019inscrire&hellip;\n","protected":false},"author":2,"featured_media":235630,"comment_status":"","ping_status":"","sticky":false,"template":"","format":"standard","meta":{"footnotes":""},"categories":[9653],"tags":[1111,11,2430,4406,33,7539,1777,674,1011,27,3367,12,25,4001,7538],"class_list":{"0":"post-235629","1":"post","2":"type-post","3":"status-publish","4":"format-standard","5":"has-post-thumbnail","7":"category-saint-etienne","8":"tag-actu","9":"tag-actualites","10":"tag-auvergne-rhone-alpes","11":"tag-commerce-et-services","12":"tag-economie","13":"tag-edition-loire-sud","14":"tag-eu","15":"tag-europe","16":"tag-fr","17":"tag-france","18":"tag-loire","19":"tag-news","20":"tag-republique-francaise","21":"tag-saint-etienne","22":"tag-saint-etienne-ville"},"share_on_mastodon":{"url":"https:\/\/pubeurope.com\/@fr\/114818749828803466","error":""},"_links":{"self":[{"href":"https:\/\/www.europesays.com\/fr\/wp-json\/wp\/v2\/posts\/235629","targetHints":{"allow":["GET"]}}],"collection":[{"href":"https:\/\/www.europesays.com\/fr\/wp-json\/wp\/v2\/posts"}],"about":[{"href":"https:\/\/www.europesays.com\/fr\/wp-json\/wp\/v2\/types\/post"}],"author":[{"embeddable":true,"href":"https:\/\/www.europesays.com\/fr\/wp-json\/wp\/v2\/users\/2"}],"replies":[{"embeddable":true,"href":"https:\/\/www.europesays.com\/fr\/wp-json\/wp\/v2\/comments?post=235629"}],"version-history":[{"count":0,"href":"https:\/\/www.europesays.com\/fr\/wp-json\/wp\/v2\/posts\/235629\/revisions"}],"wp:featuredmedia":[{"embeddable":true,"href":"https:\/\/www.europesays.com\/fr\/wp-json\/wp\/v2\/media\/235630"}],"wp:attachment":[{"href":"https:\/\/www.europesays.com\/fr\/wp-json\/wp\/v2\/media?parent=235629"}],"wp:term":[{"taxonomy":"category","embeddable":true,"href":"https:\/\/www.europesays.com\/fr\/wp-json\/wp\/v2\/categories?post=235629"},{"taxonomy":"post_tag","embeddable":true,"href":"https:\/\/www.europesays.com\/fr\/wp-json\/wp\/v2\/tags?post=235629"}],"curies":[{"name":"wp","href":"https:\/\/api.w.org\/{rel}","templated":true}]}}