{"id":235631,"date":"2025-07-08T17:17:11","date_gmt":"2025-07-08T17:17:11","guid":{"rendered":"https:\/\/www.europesays.com\/fr\/235631\/"},"modified":"2025-07-08T17:17:11","modified_gmt":"2025-07-08T17:17:11","slug":"loire-des-vols-de-donnees-a-lhopital-prive-de-la-loire-a-saint-etienne","status":"publish","type":"post","link":"https:\/\/www.europesays.com\/fr\/235631\/","title":{"rendered":"Loire. Des vols de donn\u00e9es \u00e0 l\u2019H\u00f4pital priv\u00e9 de la Loire \u00e0 Saint-\u00c9tienne"},"content":{"rendered":"<p>Dans un communiqu\u00e9, le groupe Ramsay sant\u00e9 informe qu\u2019un de ses \u00e9tablissements a \u00e9t\u00e9 victime d\u2019une usurpation d\u2019identit\u00e9 et de vol de donn\u00e9es sur le syst\u00e8me d\u2019information. Il s\u2019agit en l\u2019occurrence de l\u2019H\u00f4pital priv\u00e9 de la Loire (HPL).<\/p>\n<p>Le vol d\u2019identit\u00e9 \u00ab\u00a0a permis \u00e0 une personne malveillante d\u2019acc\u00e9der de mani\u00e8re indue \u00e0 une quantit\u00e9 importante de donn\u00e9es personnelles de ses patients\u00a0\u00bb.<\/p>\n<p>Des donn\u00e9es \u00ab essentiellement administratives\u00a0\u00bb<\/p>\n<p>Les investigations de Ramsay \u00ab\u00a0ont permis de constater que les donn\u00e9es concern\u00e9es sont essentiellement de nature administrative\u00a0\u00bb.<\/p>\n<p>Le groupe se veut rassurant\u00a0: \u00ab\u00a0A aucun moment cet \u00e9v\u00e9nement n\u2019a eu d\u2019incidence sur la prise en charge des patients de l\u2019\u00e9tablissement, ni sur l\u2019activit\u00e9 de ce dernier\u00a0\u00bb. Un d\u00e9p\u00f4t de plainte aura lieu et l\u2019h\u00f4pital \u00e9tudie \u00ab les meilleurs moyens d\u2019assurer la communication appropri\u00e9e aupr\u00e8s des personnes concern\u00e9es pour les inviter \u00e0 la plus grande prudence quant au risque d\u2019usurpation d\u2019identit\u00e9 \u00bb.<\/p>\n","protected":false},"excerpt":{"rendered":"Dans un communiqu\u00e9, le groupe Ramsay sant\u00e9 informe qu\u2019un de ses \u00e9tablissements a \u00e9t\u00e9 victime d\u2019une usurpation d\u2019identit\u00e9&hellip;\n","protected":false},"author":2,"featured_media":235632,"comment_status":"","ping_status":"","sticky":false,"template":"","format":"standard","meta":{"footnotes":""},"categories":[9653],"tags":[1111,11,2430,271,272,7539,1777,674,274,107,1011,27,3367,12,25,4001,7538],"class_list":{"0":"post-235631","1":"post","2":"type-post","3":"status-publish","4":"format-standard","5":"has-post-thumbnail","7":"category-saint-etienne","8":"tag-actu","9":"tag-actualites","10":"tag-auvergne-rhone-alpes","11":"tag-crime","12":"tag-delit-et-contravention","13":"tag-edition-loire-sud","14":"tag-eu","15":"tag-europe","16":"tag-faits-divers-justice","17":"tag-fil-info","18":"tag-fr","19":"tag-france","20":"tag-loire","21":"tag-news","22":"tag-republique-francaise","23":"tag-saint-etienne","24":"tag-saint-etienne-ville"},"share_on_mastodon":{"url":"https:\/\/pubeurope.com\/@fr\/114818753851347896","error":""},"_links":{"self":[{"href":"https:\/\/www.europesays.com\/fr\/wp-json\/wp\/v2\/posts\/235631","targetHints":{"allow":["GET"]}}],"collection":[{"href":"https:\/\/www.europesays.com\/fr\/wp-json\/wp\/v2\/posts"}],"about":[{"href":"https:\/\/www.europesays.com\/fr\/wp-json\/wp\/v2\/types\/post"}],"author":[{"embeddable":true,"href":"https:\/\/www.europesays.com\/fr\/wp-json\/wp\/v2\/users\/2"}],"replies":[{"embeddable":true,"href":"https:\/\/www.europesays.com\/fr\/wp-json\/wp\/v2\/comments?post=235631"}],"version-history":[{"count":0,"href":"https:\/\/www.europesays.com\/fr\/wp-json\/wp\/v2\/posts\/235631\/revisions"}],"wp:featuredmedia":[{"embeddable":true,"href":"https:\/\/www.europesays.com\/fr\/wp-json\/wp\/v2\/media\/235632"}],"wp:attachment":[{"href":"https:\/\/www.europesays.com\/fr\/wp-json\/wp\/v2\/media?parent=235631"}],"wp:term":[{"taxonomy":"category","embeddable":true,"href":"https:\/\/www.europesays.com\/fr\/wp-json\/wp\/v2\/categories?post=235631"},{"taxonomy":"post_tag","embeddable":true,"href":"https:\/\/www.europesays.com\/fr\/wp-json\/wp\/v2\/tags?post=235631"}],"curies":[{"name":"wp","href":"https:\/\/api.w.org\/{rel}","templated":true}]}}