{"id":235645,"date":"2025-07-08T17:27:17","date_gmt":"2025-07-08T17:27:17","guid":{"rendered":"https:\/\/www.europesays.com\/fr\/235645\/"},"modified":"2025-07-08T17:27:17","modified_gmt":"2025-07-08T17:27:17","slug":"a-rouen-pogacar-atteint-le-mur-du-cent","status":"publish","type":"post","link":"https:\/\/www.europesays.com\/fr\/235645\/","title":{"rendered":"\u00e0 Rouen, Pogacar atteint le mur du cent"},"content":{"rendered":"<p>Pour immortaliser ce petit moment d&rsquo;histoire, accompli \u00e0 seulement 26 ans, \u00ab\u00a0Pogi\u00a0\u00bb ne pouvait pas r\u00eaver meilleure photo que celle prise au moment o\u00f9 il franchissait la ligne en vainqueur, dans un cri de fauve lib\u00e9rateur.<\/p>\n<p>A sa droite, sprinte son grand rival des classiques Mathieu van der Poel, deuxi\u00e8me de l&rsquo;\u00e9tape avec le maillot jaune sur ses larges \u00e9paules. A sa gauche, Jonas Vingegaard, son principal contradicteur sur la Grande Boucle, s&rsquo;en va conqu\u00e9rir la troisi\u00e8me place.<\/p>\n<p>Et, au milieu, exulte le Slov\u00e8ne, les deux poings brandis, avec le maillot de champion du monde sur le dos&#8230;<\/p>\n<p>\u00ab\u00a0Gagner sur le Tour de France est incroyable, encore plus avec ce maillot. Arriver \u00e0 cent victoires, c&rsquo;est juste fabuleux\u00a0\u00bb, a r\u00e9agi le leader d&rsquo;UAE, qui est all\u00e9 \u00ab\u00a0\u00e0 la limite\u00a0\u00bb pour \u00e9tendre son record de victoires pour un coureur en activit\u00e9.<\/p>\n<p>Pogacar dit souvent pr\u00e9f\u00e9rer l&rsquo;intensit\u00e9 des courses d&rsquo;un jour \u00e0 la longueur parfois monotone des grands Tours. Mardi, il a eu droit au meilleur des deux mondes lors d&rsquo;un final \u00e9lectrique, couru comme une classique au milieu des habitations, avec les meilleurs \u00e0 l&rsquo;avant, dans les raides mont\u00e9es de Rouen.<\/p>\n<p>\u00ab\u00a0Il y avait beaucoup d&rsquo;adr\u00e9naline, c&rsquo;\u00e9tait de la course \u00e0 l&rsquo;\u00e9tat pur, j&rsquo;adore \u00e7a.\u00a0\u00bb<\/p>\n<p>&#8211; Vingegaard dans le match &#8211;<\/p>\n<p><img alt=\"Tadej Pogacar (G) et Jonas Vingegaard \u00e0 la lutte dans la rampe de Saint-Hilaire, \u00e0 l'approche de l'arriv\u00e9e de la 4e \u00e9tape du Tour de France \u00e0 Rouen, le 8 juillet 2025\" loading=\"lazy\" decoding=\"async\" data-nimg=\"fill\" class=\" TwicCore_img__i9TC1 undefined  undefined\" style=\"position:absolute;height:100%;width:100%;left:0;top:0;right:0;bottom:0;color:transparent;background-size:cover;background-position:50% 50%;background-repeat:no-repeat;background-image:url(&quot;data:image\/svg+xml;charset=utf-8,%3Csvg xmlns='http:\/\/www.w3.org\/2000\/svg' %3E%3Cfilter id='b' color-interpolation-filters='sRGB'%3E%3CfeGaussianBlur stdDeviation='20'\/%3E%3CfeColorMatrix values='1 0 0 0 0 0 1 0 0 0 0 0 1 0 0 0 0 0 100 -1' result='s'\/%3E%3CfeFlood x='0' y='0' width='100%25' height='100%25'\/%3E%3CfeComposite operator='out' in='s'\/%3E%3CfeComposite in2='SourceGraphic'\/%3E%3CfeGaussianBlur stdDeviation='20'\/%3E%3C\/filter%3E%3Cimage width='100%25' height='100%25' x='0' y='0' preserveAspectRatio='none' style='filter: url(%23b);' href='https:\/\/pictures.laprovence.com\/cdn-cgi\/image\/blur=250\/media\/afp\/48fc4a3eec527eefffe63caccb59de7acafdcd89.jpg'\/%3E%3C\/svg%3E&quot;)\"   src=\"https:\/\/www.europesays.com\/fr\/wp-content\/uploads\/2025\/07\/48fc4a3eec527eefffe63caccb59de7acafdcd89.jpg\"\/>Tadej Pogacar (G) et Jonas Vingegaard \u00e0 la lutte dans la rampe de Saint-Hilaire, \u00e0 l&rsquo;approche de l&rsquo;arriv\u00e9e de la 4e \u00e9tape du Tour de France \u00e0 Rouen, le 8 juillet 2025 PHOTO AFP \/ Marco BERTORELLO<\/p>\n<p>Et il a \u00e9t\u00e9 oblig\u00e9 de s&#8217;employer pour gagner encore, \u00e0 peine six ans apr\u00e8s les premiers frissons, en f\u00e9vrier 2019, sur le Tour d&rsquo;Algarve.<\/p>\n<p>Apr\u00e8s un gros travail de son \u00e9quipe, le patron d&rsquo;UAE a attaqu\u00e9 \u00e0 cinq bornes de l&rsquo;arriv\u00e9e dans les pourcentages les plus s\u00e9v\u00e8res &#8211; jusqu&rsquo;\u00e0 15% &#8211; de la rampe de Saint-Hilaire, qu&rsquo;il a aval\u00e9e presque enti\u00e8rement en danseuse, contrairement \u00e0 son habitude.<\/p>\n<p>Derri\u00e8re, les d\u00e9g\u00e2ts ont \u00e9t\u00e9 imm\u00e9diats. \u00ab\u00a0Qu&rsquo;est-ce que vous voulez que je vous dise sur Pogacar? Vous \u00eates marrant, je ne l&rsquo;ai pas vu, j&rsquo;\u00e9tais derri\u00e8re moi&#8230;\u00a0\u00bb, expliquera Kevin Vauquelin qui a tout de m\u00eame r\u00e9ussi \u00e0 revenir dans le final pour finir \u00e0 la 10e place \u00e0 dix secondes du vainqueur et conserver ainsi son maillot blanc de meilleur jeune.<\/p>\n<p>Seul Jonas Vingegaard a r\u00e9ussi \u00e0 suivre et on a retrouv\u00e9 la sc\u00e8ne vue et revue depuis cinq ans des deux meilleurs coureurs du Tour. Mais ils ont temporis\u00e9 dans la descente vers le centre-ville de Rouen ce qui a permis \u00e0 un petit groupe de revenir. Parmi eux Remco Evenepoel, Matteo Jorgenson, Romain Gr\u00e9goire, encore au rendez-vous, Oscar Onley et Joao Almeida, le lieutenant de Pogacar qui l&rsquo;a ensuite parfaitement emmen\u00e9 jusqu&rsquo;\u00e0 la ligne.<\/p>\n<p>\u00ab\u00a0Merci mec\u00a0\u00bb, a lanc\u00e9 Pogacar au Portugais.<\/p>\n<p>&#8211; Le chrono, \u00ab\u00a0vrai test\u00a0\u00bb &#8211;<\/p>\n<p><img alt=\"Tadej Pogacar, Jonas Vingegaard et en arri\u00e8re-plan le maillot jaune Mathieu van der Poel ou encore Mateo Jorgenson et Romain Gregoire, tout au fond, \u00e0 l'approche de l'arriv\u00e9e de la 4e \u00e9tape du Tour de France, le 8 juillet 2025 pr\u00e8s de Rouen\" loading=\"lazy\" decoding=\"async\" data-nimg=\"fill\" class=\" TwicCore_img__i9TC1 undefined  undefined\" style=\"position:absolute;height:100%;width:100%;left:0;top:0;right:0;bottom:0;color:transparent;background-size:cover;background-position:50% 50%;background-repeat:no-repeat;background-image:url(&quot;data:image\/svg+xml;charset=utf-8,%3Csvg xmlns='http:\/\/www.w3.org\/2000\/svg' %3E%3Cfilter id='b' color-interpolation-filters='sRGB'%3E%3CfeGaussianBlur stdDeviation='20'\/%3E%3CfeColorMatrix values='1 0 0 0 0 0 1 0 0 0 0 0 1 0 0 0 0 0 100 -1' result='s'\/%3E%3CfeFlood x='0' y='0' width='100%25' height='100%25'\/%3E%3CfeComposite operator='out' in='s'\/%3E%3CfeComposite in2='SourceGraphic'\/%3E%3CfeGaussianBlur stdDeviation='20'\/%3E%3C\/filter%3E%3Cimage width='100%25' height='100%25' x='0' y='0' preserveAspectRatio='none' style='filter: url(%23b);' href='https:\/\/pictures.laprovence.com\/cdn-cgi\/image\/blur=250\/media\/afp\/5f5d6e5fdf94892e2ad18cea73513657f055dfef.jpg'\/%3E%3C\/svg%3E&quot;)\"   src=\"https:\/\/www.europesays.com\/fr\/wp-content\/uploads\/2025\/07\/5f5d6e5fdf94892e2ad18cea73513657f055dfef.jpg\"\/>Tadej Pogacar, Jonas Vingegaard et en arri\u00e8re-plan le maillot jaune Mathieu van der Poel ou encore Mateo Jorgenson et Romain Gregoire, tout au fond, \u00e0 l&rsquo;approche de l&rsquo;arriv\u00e9e de la 4e \u00e9tape du Tour de France, le 8 juillet 2025 pr\u00e8s de Rouen PHOTO AFP \/ Bernard PAPON<\/p>\n<p>Quelques minutes plus tard, le champion du monde, qui avait retrouv\u00e9 tous ses esprits, discutait d\u00e9j\u00e0, dans la zone protocolaire, des mesures de sa combinaison mercredi pour le contre-la-montre \u00e0 Caen (33 km).<\/p>\n<p>Car, malgr\u00e9 tous ses efforts et ceux de son co\u00e9quipier Tim Wellens, il a retrouv\u00e9 le maillot \u00e0 pois de meilleur grimpeur et le portera lors du chrono. Dans un sport millim\u00e9tr\u00e9 o\u00f9 le moindre d\u00e9tail compte, c&rsquo;est souvent consid\u00e9r\u00e9 comme un d\u00e9savantage par les coureurs qui pr\u00e9f\u00e8rent porter la tunique sur mesure de leur \u00e9quipe \u00e0 celle fournie par l&rsquo;organisation.<\/p>\n<p>\u00ab\u00a0Demain sera le vrai test\u00a0\u00bb, s&rsquo;est content\u00e9 de souligner l&rsquo;ogre de Komenda qui a promis d&rsquo;y aller \u00ab\u00a0\u00e0 fond les ballons du d\u00e9but \u00e0 la fin\u00a0\u00bb, tout en collant l&rsquo;\u00e9tiquette de grand favori \u00e0 Remco Evenepoel.<\/p>\n<p>\u00ab\u00a0C&rsquo;est le meilleur sp\u00e9cialiste du monde. Oui, je pense qu&rsquo;il peut prendre le maillot jaune\u00a0\u00bb, a-il estim\u00e9 alors que le Belge pr\u00e9sente tout de m\u00eame un rebours de 58 secondes sur Pogacar, et Van der Poel.<\/p>\n<p>Jonas Vingegaard, troisi\u00e8me \u00e0 huit secondes, peut lui aussi briguer le maillot jaune si on se fie \u00e0 son chrono au r\u00e9cent Dauphin\u00e9, remport\u00e9 par Evenepoel mais lors duquel le Danois avait assez nettement domin\u00e9 Pogacar.<\/p>\n<p><img alt=\"Le coureur belge Remco Evenepoel, au centre, lors de la 4e \u00e9tape du Tour de France entre Amiens et Rouen, le 8 juillet 2025\" loading=\"lazy\" decoding=\"async\" data-nimg=\"fill\" class=\" TwicCore_img__i9TC1 undefined  undefined\" style=\"position:absolute;height:100%;width:100%;left:0;top:0;right:0;bottom:0;color:transparent;background-size:cover;background-position:50% 50%;background-repeat:no-repeat;background-image:url(&quot;data:image\/svg+xml;charset=utf-8,%3Csvg xmlns='http:\/\/www.w3.org\/2000\/svg' %3E%3Cfilter id='b' color-interpolation-filters='sRGB'%3E%3CfeGaussianBlur stdDeviation='20'\/%3E%3CfeColorMatrix values='1 0 0 0 0 0 1 0 0 0 0 0 1 0 0 0 0 0 100 -1' result='s'\/%3E%3CfeFlood x='0' y='0' width='100%25' height='100%25'\/%3E%3CfeComposite operator='out' in='s'\/%3E%3CfeComposite in2='SourceGraphic'\/%3E%3CfeGaussianBlur stdDeviation='20'\/%3E%3C\/filter%3E%3Cimage width='100%25' height='100%25' x='0' y='0' preserveAspectRatio='none' style='filter: url(%23b);' href='https:\/\/pictures.laprovence.com\/cdn-cgi\/image\/blur=250\/media\/afp\/d5b683f1e5f3bf2183de757ce5dbdf7e5477bb1e.jpg'\/%3E%3C\/svg%3E&quot;)\"   src=\"https:\/\/www.europesays.com\/fr\/wp-content\/uploads\/2025\/07\/d5b683f1e5f3bf2183de757ce5dbdf7e5477bb1e.jpg\"\/>Le coureur belge Remco Evenepoel, au centre, lors de la 4e \u00e9tape du Tour de France entre Amiens et Rouen, le 8 juillet 2025 PHOTO AFP \/ Marco BERTORELLO<\/p>\n<p>Ce dernier assurait que sa victoire mardi suffisait \u00e0 son bonheur, pour l&rsquo;instant. C&rsquo;est d\u00e9j\u00e0 sa 18e sur le Tour, \u00e0 une distance respectable du record du n\u00e9o-retrait\u00e9 Mark Cavendish (35).<\/p>\n<p>Mais, au rythme o\u00f9 va le Slov\u00e8ne, beaucoup commenceraient \u00e0 s&rsquo;inqui\u00e9ter \u00e0 la place de l&rsquo;ex sprinteur britannique.<\/p>\n","protected":false},"excerpt":{"rendered":"Pour immortaliser ce petit moment d&rsquo;histoire, accompli \u00e0 seulement 26 ans, \u00ab\u00a0Pogi\u00a0\u00bb ne pouvait pas r\u00eaver meilleure photo&hellip;\n","protected":false},"author":2,"featured_media":235646,"comment_status":"","ping_status":"","sticky":false,"template":"","format":"standard","meta":{"footnotes":""},"categories":[9587],"tags":[17,1111,11,14647,37429,1777,674,1011,27,329,12597,12,5161,4350,25,9590,3584],"class_list":{"0":"post-235645","1":"post","2":"type-post","3":"status-publish","4":"format-standard","5":"has-post-thumbnail","7":"category-rouen","8":"tag-17","9":"tag-actu","10":"tag-actualites","11":"tag-atteint","12":"tag-cent","13":"tag-eu","14":"tag-europe","15":"tag-fr","16":"tag-france","17":"tag-france-monde","18":"tag-mur","19":"tag-news","20":"tag-normandie","21":"tag-pogacar","22":"tag-republique-francaise","23":"tag-rouen","24":"tag-tour"},"share_on_mastodon":{"url":"https:\/\/pubeurope.com\/@fr\/114818793149449012","error":""},"_links":{"self":[{"href":"https:\/\/www.europesays.com\/fr\/wp-json\/wp\/v2\/posts\/235645","targetHints":{"allow":["GET"]}}],"collection":[{"href":"https:\/\/www.europesays.com\/fr\/wp-json\/wp\/v2\/posts"}],"about":[{"href":"https:\/\/www.europesays.com\/fr\/wp-json\/wp\/v2\/types\/post"}],"author":[{"embeddable":true,"href":"https:\/\/www.europesays.com\/fr\/wp-json\/wp\/v2\/users\/2"}],"replies":[{"embeddable":true,"href":"https:\/\/www.europesays.com\/fr\/wp-json\/wp\/v2\/comments?post=235645"}],"version-history":[{"count":0,"href":"https:\/\/www.europesays.com\/fr\/wp-json\/wp\/v2\/posts\/235645\/revisions"}],"wp:featuredmedia":[{"embeddable":true,"href":"https:\/\/www.europesays.com\/fr\/wp-json\/wp\/v2\/media\/235646"}],"wp:attachment":[{"href":"https:\/\/www.europesays.com\/fr\/wp-json\/wp\/v2\/media?parent=235645"}],"wp:term":[{"taxonomy":"category","embeddable":true,"href":"https:\/\/www.europesays.com\/fr\/wp-json\/wp\/v2\/categories?post=235645"},{"taxonomy":"post_tag","embeddable":true,"href":"https:\/\/www.europesays.com\/fr\/wp-json\/wp\/v2\/tags?post=235645"}],"curies":[{"name":"wp","href":"https:\/\/api.w.org\/{rel}","templated":true}]}}