{"id":235647,"date":"2025-07-08T17:28:15","date_gmt":"2025-07-08T17:28:15","guid":{"rendered":"https:\/\/www.europesays.com\/fr\/235647\/"},"modified":"2025-07-08T17:28:15","modified_gmt":"2025-07-08T17:28:15","slug":"grenoble-un-eveil-musical-propose-au-cafe-des-enfants","status":"publish","type":"post","link":"https:\/\/www.europesays.com\/fr\/235647\/","title":{"rendered":"Grenoble. Un \u00e9veil musical propos\u00e9 au caf\u00e9 des enfants"},"content":{"rendered":"<p>Le caf\u00e9 des enfants (9 rue des Champs-\u00c9lys\u00e9es) va proposer un \u00e9veil musical \u00e0 destination des tout-petits (de 0 \u00e0 5\u00a0ans) les mardis 15 et 22\u00a0juillet de 10 heures \u00e0 11 heures.<\/p>\n<p>Cet atelier parents\/enfants sera anim\u00e9 par Marie Bailleur, alias Marie les grandes oreilles, qui viendra \u00e0 la rencontre des enfants au caf\u00e9 des enfants pour chanter, swinguer, siffloter, claquer de la langue ou taper des mains sur des comptines bien connues des tout-petits et des plus grands.<\/p>\n<p class=\"note\">Tarifs\u00a0: 12\u00a0\u20ac\/adh\u00e9rent\u00a0; 15\u00a0\u20ac\/non adh\u00e9rent. Plus d\u2019infos et inscriptions au 04\u00a076\u00a029\u00a057\u00a071.<\/p>\n","protected":false},"excerpt":{"rendered":"Le caf\u00e9 des enfants (9 rue des Champs-\u00c9lys\u00e9es) va proposer un \u00e9veil musical \u00e0 destination des tout-petits (de&hellip;\n","protected":false},"author":2,"featured_media":235648,"comment_status":"","ping_status":"","sticky":false,"template":"","format":"standard","meta":{"footnotes":""},"categories":[9566],"tags":[1111,11,2430,1687,112,1777,674,1011,27,2731,2732,12,25],"class_list":{"0":"post-235647","1":"post","2":"type-post","3":"status-publish","4":"format-standard","5":"has-post-thumbnail","7":"category-grenoble","8":"tag-actu","9":"tag-actualites","10":"tag-auvergne-rhone-alpes","11":"tag-culture-loisirs","12":"tag-edition-grenoble-agglomeration","13":"tag-eu","14":"tag-europe","15":"tag-fr","16":"tag-france","17":"tag-grenoble","18":"tag-grenoble-bassin","19":"tag-news","20":"tag-republique-francaise"},"share_on_mastodon":{"url":"https:\/\/pubeurope.com\/@fr\/114818796977441934","error":""},"_links":{"self":[{"href":"https:\/\/www.europesays.com\/fr\/wp-json\/wp\/v2\/posts\/235647","targetHints":{"allow":["GET"]}}],"collection":[{"href":"https:\/\/www.europesays.com\/fr\/wp-json\/wp\/v2\/posts"}],"about":[{"href":"https:\/\/www.europesays.com\/fr\/wp-json\/wp\/v2\/types\/post"}],"author":[{"embeddable":true,"href":"https:\/\/www.europesays.com\/fr\/wp-json\/wp\/v2\/users\/2"}],"replies":[{"embeddable":true,"href":"https:\/\/www.europesays.com\/fr\/wp-json\/wp\/v2\/comments?post=235647"}],"version-history":[{"count":0,"href":"https:\/\/www.europesays.com\/fr\/wp-json\/wp\/v2\/posts\/235647\/revisions"}],"wp:featuredmedia":[{"embeddable":true,"href":"https:\/\/www.europesays.com\/fr\/wp-json\/wp\/v2\/media\/235648"}],"wp:attachment":[{"href":"https:\/\/www.europesays.com\/fr\/wp-json\/wp\/v2\/media?parent=235647"}],"wp:term":[{"taxonomy":"category","embeddable":true,"href":"https:\/\/www.europesays.com\/fr\/wp-json\/wp\/v2\/categories?post=235647"},{"taxonomy":"post_tag","embeddable":true,"href":"https:\/\/www.europesays.com\/fr\/wp-json\/wp\/v2\/tags?post=235647"}],"curies":[{"name":"wp","href":"https:\/\/api.w.org\/{rel}","templated":true}]}}