{"id":235653,"date":"2025-07-08T17:31:16","date_gmt":"2025-07-08T17:31:16","guid":{"rendered":"https:\/\/www.europesays.com\/fr\/235653\/"},"modified":"2025-07-08T17:31:16","modified_gmt":"2025-07-08T17:31:16","slug":"avec-lui-le-quartier-va-se-metamorphoser","status":"publish","type":"post","link":"https:\/\/www.europesays.com\/fr\/235653\/","title":{"rendered":"avec lui, le quartier va se m\u00e9tamorphoser"},"content":{"rendered":"<p>            Par<br \/>\n        <strong><br \/>\n            <a href=\"https:\/\/actu.fr\/auteur\/brian-legoff\" title=\"Consulter tous les articles de Brian Le Goff\" rel=\"nofollow noopener\" target=\"_blank\">Brian Le Goff<\/a><br \/>\n        <\/strong><\/p>\n<p>        Publi\u00e9 le<\/p>\n<p>            8 juil. 2025 \u00e0 19h04        <\/p>\n<p><strong>\u00ab\u2009On y est enfin\u2009\u00bb<\/strong> \u00e9tait s\u00fbrement la <strong>phrase qui r\u00e9sonnait le plus,<\/strong> mardi 8\u00a0juillet 2025, dans la t\u00eate des \u00e9lus, patrons et parties prenantes au <strong>projet de l\u2019\u00eelot Bleriot-F\u00e9val<\/strong> dans le cadre de l\u2019am\u00e9nagement de la ZAC <strong>EuroRennes, pr\u00e8s de la gare<\/strong>. En fin de matin\u00e9e, tous \u00e9taient r\u00e9unis sur le <strong>chantier du futur si\u00e8ge du groupe Samsic,<\/strong> au bord de la rue de l\u2019Alma entre le pont SNCF surplombant les voies ferroviaires et la prison pour femmes de Rennes. C\u2019est sur ces terrains vagues depuis plusieurs ann\u00e9es que le groupement de promoteurs FOR-BZH, B\u00e2ti Armor et Blot va construire <strong>quatre immeubles<\/strong> pour une surface au sol totale de <strong>27\u2009000 m\u00b2<\/strong> et dont la <strong>livraison<\/strong> compl\u00e8te est pr\u00e9vue <strong>\u00e0 l\u2019horizon 2028<\/strong>.<\/p>\n<p class=\" wall-content\">Ce mardi avait donc lieu la pose de la premi\u00e8re pierre du premier \u00eelot \u00e0 \u00eatre construit\u2009: celui o\u00f9 s\u2019\u00e9rigera bient\u00f4t le <strong>si\u00e8ge du groupe Samsic (3,65\u00a0milliards d\u2019euros de chiffre d\u2019affaires en 2024<\/strong> et plus de 136\u2009000 salari\u00e9s).<\/p>\n<p class=\" wall-content\">Con\u00e7u par l\u2019agence rennaise Mauer et Gilbert Architectes, le b\u00e2timent, qui accueillera<strong> 750 salari\u00e9s,<\/strong> se compose de <strong>deux \u00ab\u2009plots\u2009\u00bb de 8 \u00e9tages avec mezzanine <\/strong>et, au centre, un atrium commun couvert d\u2019un gradin de toitures-terrasses paysag\u00e9es. \u00ab\u2009Cet atrium de 700 m\u00b2 constitue le hall traversant et fait le lien entre le rez-de-chauss\u00e9e de la rue de l\u2019Alma et le rez-de-jardin du niveau de la rue Bl\u00e9riot. C\u2019est \u00e0 la fois le lieu d\u2019accueil des visiteurs et rencontres des employ\u00e9s\u2009\u00bb, apprend-on dans le communiqu\u00e9 de presse fourni aux m\u00e9dias dont <a href=\"https:\/\/actu.fr\/rennes\/\" rel=\"nofollow noopener\" target=\"_blank\">actu Rennes.<\/a><\/p>\n<p>La tour de 80\u00a0m\u00e8tres de haut remplac\u00e9e par un immeuble de 17 \u00e9tages<\/p>\n<p class=\" wall-content\">En face, <strong>de l\u2019autre c\u00f4t\u00e9 de la rue d\u2019Alma<\/strong>, deux immeubles prendront \u00e9galement place. Exit la \u00ab\u2009tour Samsic\u2009\u00bb de 80\u00a0m\u00e8tres \u2013 <strong>renomm\u00e9e de cette mani\u00e8re \u00e0 tort,<\/strong> car il n\u2019a jamais \u00e9t\u00e9 question d\u2019implanter le si\u00e8ge de l\u2019entreprise \u00e0 l\u2019int\u00e9rieur. En effet, si, d\u2019un c\u00f4t\u00e9, il est \u00e9voqu\u00e9 des <strong>raisons li\u00e9es aux \u00e9volutions environnementales,<\/strong> de l\u2019autre, et l\u2019un ne va s\u00fbrement pas sans l\u2019autre, ce sont <strong>aussi des raisons \u00e9conomiques<\/strong> qui ont pouss\u00e9 les parties prenantes au projet \u00e0 revoir totalement la construction de cet immeuble.<\/p>\n<p class=\" wall-content\">En ce mois de juillet\u00a02025, l<strong>\u2019architecture du b\u00e2timent est \u00e0 pr\u00e9sent revue<\/strong> et les nouveaux visuels ont \u00e9t\u00e9 d\u00e9voil\u00e9s.<\/p>\n<p>    <img   decoding=\"async\" loading=\"lazy\" src=\"https:\/\/www.europesays.com\/fr\/wp-content\/uploads\/2025\/07\/projet-immobilier-pres-de-gare-de-rennes-eurorennes-ilot-bleriot-feval-1-960x640.jpg\" alt=\"Perspective sur trois des quatre immeubles du projet Bl\u00e9riot-F\u00e9val, dont la tour rabot\u00e9e au dernier plan \u00e0 gauche.\" width=\"960\" height=\"640\"\/><br \/>\n    Perspective sur trois des quatre immeubles du projet Bl\u00e9riot-F\u00e9val, dont la tour rabot\u00e9e au dernier plan \u00e0 gauche. (\u00a9 HIVE&amp;CO)<\/p>\n<p class=\" wall-content\">Finalement, le futur<strong> immeuble r\u00e9sidentiel de 17 \u00e9tages fera 50\u00a0m\u00e8tres de hauteur et comptera 180 logements<\/strong>. Son style s\u2019appuie sur la superposition de balcons filants permettant \u00e0 chaque appartement de b\u00e9n\u00e9ficier d\u2019un ext\u00e9rieur, obligatoire \u00e0 Rennes.<\/p>\n<p class=\" wall-content\">Tous les habitants de l\u2019immeuble pourront acc\u00e9der \u00e0 <strong>une terrasse collective v\u00e9g\u00e9talis\u00e9e au 9\u1d49 \u00e9tage<\/strong>, orient\u00e9e \u00e0 l\u2019ouest, \u00ab\u2009abrit\u00e9e du vent et des nuisances sonores\u2009\u00bb. La toiture devrait \u00eatre v\u00e9g\u00e9talis\u00e9e.<\/p>\n<p class=\" wall-content\">Un autre<strong> immeuble tertiaire,<\/strong> plus pr\u00e8s des voies ferroviaires, sera construit. Il comportera 5\u2009000 m\u00b2 de surface r\u00e9partis sur <strong>neuf niveaux<\/strong>. Une partie des espaces sera occup\u00e9e par le Family Office Roulleau FOR-BZH.<\/p>\n<p>    <img   decoding=\"async\" loading=\"lazy\" src=\"https:\/\/www.europesays.com\/fr\/wp-content\/uploads\/2025\/07\/projet-immobilier-pres-de-gare-de-rennes-eurorennes-ilot-bleriot-feval-3-960x640.jpg\" alt=\"L'immeuble de 17 \u00e9tages et la b\u00e2timent de bureaux.\" width=\"960\" height=\"640\"\/><br \/>\n    L\u2019immeuble de 17 \u00e9tages et le b\u00e2timent de bureaux. (\u00a9HIVE&amp;CO)<\/p>\n<p class=\" wall-content\">Au <strong>rez-de-chauss\u00e9e<\/strong>, des commerces, dont un<strong> grand restaurant,<\/strong> \u00ab\u2009con\u00e7u comme un futur lieu de destination pour les Rennais et les visiteurs\u2009\u00bb, seront implant\u00e9s.<\/p>\n<p>    <img   decoding=\"async\" loading=\"lazy\" src=\"https:\/\/www.europesays.com\/fr\/wp-content\/uploads\/2025\/07\/projet-immobilier-pres-de-gare-de-rennes-eurorennes-ilot-bleriot-feval-2-960x640.jpg\" alt=\"Perspective depuis le sud de la rue d'Alma sur l'immeuble de 17 \u00e9tages.\" width=\"960\" height=\"640\"\/><br \/>\n    Perspective depuis le sud de la rue d\u2019Alma sur l\u2019immeuble de 17 \u00e9tages. (\u00a9HIVE&amp;CO)Un dernier immeuble de 32 logements<\/p>\n<p class=\" wall-content\">Enfin, derri\u00e8re le si\u00e8ge Samsic, \u00e0 l\u2019angle des rues Louis-Bl\u00e9riot, Paul-F\u00e9val et d\u2019Alma, un <strong>immeuble r\u00e9sidentiel de 32 logements,<\/strong> con\u00e7u par l\u2019agence parisienne Think Thank accessibles en bail r\u00e9el solidaire. Un dispositif qui facilite l\u2019accession sociale \u00e0 la propri\u00e9t\u00e9.<\/p>\n<p class=\" wall-content\">Ce <strong>b\u00e2timent a, lui aussi, \u00e9t\u00e9 pens\u00e9 en gradins<\/strong> avec des retraits progressifs \u00e0 chaque \u00e9tage, permettant d\u2019am\u00e9nager des terrasses. Il s\u2019abaisse au sud et \u00e0 l\u2019ouest afin de s\u2019int\u00e9grer avec les habitations voisines.<\/p>\n<p class=\" wall-content\">Suivez toute l\u2019actualit\u00e9 de vos villes et m\u00e9dias favoris en vous inscrivant \u00e0 <a href=\"https:\/\/moncompte.actu.fr\" title=\"D\u00e9couvez Mon Actu\" rel=\"nofollow noopener\" data-trk=\"{&quot;cta&quot;:{&quot;action&quot;:&quot;https:\\\/\\\/moncompte.actu.fr&quot;,&quot;category&quot;:&quot;mon compte&quot;,&quot;from&quot;:&quot;article footer&quot;,&quot;name&quot;:&quot;Mon actu&quot;,&quot;type&quot;:&quot;cta&quot;}}\" target=\"_blank\">Mon Actu<\/a>.<\/p>\n","protected":false},"excerpt":{"rendered":"Par Brian Le Goff Publi\u00e9 le 8 juil. 2025 \u00e0 19h04 \u00ab\u2009On y est enfin\u2009\u00bb \u00e9tait s\u00fbrement la&hellip;\n","protected":false},"author":2,"featured_media":235654,"comment_status":"","ping_status":"","sticky":false,"template":"","format":"standard","meta":{"footnotes":""},"categories":[2821],"tags":[1111,11,829,33,1777,674,1011,27,12,584,25,1352],"class_list":{"0":"post-235653","1":"post","2":"type-post","3":"status-publish","4":"format-standard","5":"has-post-thumbnail","7":"category-rennes","8":"tag-actu","9":"tag-actualites","10":"tag-bretagne","11":"tag-economie","12":"tag-eu","13":"tag-europe","14":"tag-fr","15":"tag-france","16":"tag-news","17":"tag-rennes","18":"tag-republique-francaise","19":"tag-urbanisme"},"share_on_mastodon":{"url":"https:\/\/pubeurope.com\/@fr\/114818808947639138","error":""},"_links":{"self":[{"href":"https:\/\/www.europesays.com\/fr\/wp-json\/wp\/v2\/posts\/235653","targetHints":{"allow":["GET"]}}],"collection":[{"href":"https:\/\/www.europesays.com\/fr\/wp-json\/wp\/v2\/posts"}],"about":[{"href":"https:\/\/www.europesays.com\/fr\/wp-json\/wp\/v2\/types\/post"}],"author":[{"embeddable":true,"href":"https:\/\/www.europesays.com\/fr\/wp-json\/wp\/v2\/users\/2"}],"replies":[{"embeddable":true,"href":"https:\/\/www.europesays.com\/fr\/wp-json\/wp\/v2\/comments?post=235653"}],"version-history":[{"count":0,"href":"https:\/\/www.europesays.com\/fr\/wp-json\/wp\/v2\/posts\/235653\/revisions"}],"wp:featuredmedia":[{"embeddable":true,"href":"https:\/\/www.europesays.com\/fr\/wp-json\/wp\/v2\/media\/235654"}],"wp:attachment":[{"href":"https:\/\/www.europesays.com\/fr\/wp-json\/wp\/v2\/media?parent=235653"}],"wp:term":[{"taxonomy":"category","embeddable":true,"href":"https:\/\/www.europesays.com\/fr\/wp-json\/wp\/v2\/categories?post=235653"},{"taxonomy":"post_tag","embeddable":true,"href":"https:\/\/www.europesays.com\/fr\/wp-json\/wp\/v2\/tags?post=235653"}],"curies":[{"name":"wp","href":"https:\/\/api.w.org\/{rel}","templated":true}]}}