{"id":235663,"date":"2025-07-08T17:36:09","date_gmt":"2025-07-08T17:36:09","guid":{"rendered":"https:\/\/www.europesays.com\/fr\/235663\/"},"modified":"2025-07-08T17:36:09","modified_gmt":"2025-07-08T17:36:09","slug":"quatre-blesses-dans-une-collision-entre-un-bus-et-un-velo","status":"publish","type":"post","link":"https:\/\/www.europesays.com\/fr\/235663\/","title":{"rendered":"quatre bless\u00e9s dans une collision entre un bus et un v\u00e9lo"},"content":{"rendered":"<p>            Par<br \/>\n        <strong><br \/>\n            <a href=\"https:\/\/actu.fr\/auteur\/thomas-bernard\" title=\"Consulter tous les articles de Thomas Bernard\" rel=\"nofollow noopener\" target=\"_blank\">Thomas Bernard<\/a><br \/>\n        <\/strong><\/p>\n<p>        Publi\u00e9 le<\/p>\n<p>            8 juil. 2025 \u00e0 19h13        <\/p>\n<p>Peu apr\u00e8s 16h, ce mardi 8\u00a0juillet 2025, <strong>les sapeurs-pompiers sont intervenus<\/strong> pour un accident de la voie publique entre un bus Naolib et un cycliste, au boulevard de l\u2019H\u00f4pitau, \u00e0 la Chapelle-sur-Erdre.<\/p>\n<p>    <a href=\"https:\/\/www.google.com\/maps\/embed?pb=!1m18!1m12!1m3!1d2062.1396955122873!2d-1.5542969248010194!3d47.270967611095976!2m3!1f0!2f0!3f0!3m2!1i1024!2i768!4f13.1!3m3!1m2!1s0x4805ee1061e05631%3A0x963e4b50ccc2fb69!2sBd%20de%20l%27H%C3%B4pitau%2C%2044240%20La%20Chapelle-sur-Erdre!5e1!3m2!1sfr!2sfr!4v1751994034937!5m2!1sfr!2sfr\" title=\"Ouvrie le lien\" rel=\"nofollow noopener\" target=\"_blank\">Cliquez ici pour visualiser le contenu<\/a><\/p>\n<p>Quatre bless\u00e9s l\u00e9gers<\/p>\n<p class=\" wall-content\">Selon le centre op\u00e9rationnel d\u00e9partemental d\u2019incendie et de secours (Codis), le bilan fait \u00e9tat de<strong> quatre bless\u00e9s l\u00e9gers<\/strong>\u2009: deux enfants et deux adultes, dont le cycliste.<\/p>\n<p class=\" wall-content\">Les 35 passagers du bus, dont 27\u00a0enfants et 8\u00a0adultes ont pu poursuivre leur trajet \u00e0 bord d\u2019un bus de substitution.<\/p>\n<p class=\" wall-content\">L\u2019op\u00e9ration a n\u00e9cessit\u00e9 l\u2019intervention de dix sapeurs-pompiers et de deux ambulances. La gendarmerie, la police municipale, la Semitan et le Centre de r\u00e9ception des appels institutionnels et organisation de la logistique de Nantes M\u00e9tropole \u00e9taient \u00e9galement pr\u00e9sents.<\/p>\n<p>Vid\u00e9os : en ce moment sur Actu<\/p>\n<p class=\" wall-content\">Suivez toute l\u2019actualit\u00e9 de vos villes et m\u00e9dias favoris en vous inscrivant \u00e0 <a href=\"https:\/\/moncompte.actu.fr\" title=\"D\u00e9couvez Mon Actu\" rel=\"nofollow noopener\" data-trk=\"{&quot;cta&quot;:{&quot;action&quot;:&quot;https:\\\/\\\/moncompte.actu.fr&quot;,&quot;category&quot;:&quot;mon compte&quot;,&quot;from&quot;:&quot;article footer&quot;,&quot;name&quot;:&quot;Mon actu&quot;,&quot;type&quot;:&quot;cta&quot;}}\" target=\"_blank\">Mon Actu<\/a>.<\/p>\n","protected":false},"excerpt":{"rendered":"Par Thomas Bernard Publi\u00e9 le 8 juil. 2025 \u00e0 19h13 Peu apr\u00e8s 16h, ce mardi 8\u00a0juillet 2025, les&hellip;\n","protected":false},"author":2,"featured_media":235664,"comment_status":"","ping_status":"","sticky":false,"template":"","format":"standard","meta":{"footnotes":""},"categories":[2818],"tags":[119,1111,11,1777,674,118,1011,27,766,12,2636,1311,25,2803],"class_list":{"0":"post-235663","1":"post","2":"type-post","3":"status-publish","4":"format-standard","5":"has-post-thumbnail","7":"category-nantes","8":"tag-accident","9":"tag-actu","10":"tag-actualites","11":"tag-eu","12":"tag-europe","13":"tag-faits-divers","14":"tag-fr","15":"tag-france","16":"tag-nantes","17":"tag-news","18":"tag-pays-de-la-loire","19":"tag-pompiers","20":"tag-republique-francaise","21":"tag-transport"},"share_on_mastodon":{"url":"https:\/\/pubeurope.com\/@fr\/114818828478330594","error":""},"_links":{"self":[{"href":"https:\/\/www.europesays.com\/fr\/wp-json\/wp\/v2\/posts\/235663","targetHints":{"allow":["GET"]}}],"collection":[{"href":"https:\/\/www.europesays.com\/fr\/wp-json\/wp\/v2\/posts"}],"about":[{"href":"https:\/\/www.europesays.com\/fr\/wp-json\/wp\/v2\/types\/post"}],"author":[{"embeddable":true,"href":"https:\/\/www.europesays.com\/fr\/wp-json\/wp\/v2\/users\/2"}],"replies":[{"embeddable":true,"href":"https:\/\/www.europesays.com\/fr\/wp-json\/wp\/v2\/comments?post=235663"}],"version-history":[{"count":0,"href":"https:\/\/www.europesays.com\/fr\/wp-json\/wp\/v2\/posts\/235663\/revisions"}],"wp:featuredmedia":[{"embeddable":true,"href":"https:\/\/www.europesays.com\/fr\/wp-json\/wp\/v2\/media\/235664"}],"wp:attachment":[{"href":"https:\/\/www.europesays.com\/fr\/wp-json\/wp\/v2\/media?parent=235663"}],"wp:term":[{"taxonomy":"category","embeddable":true,"href":"https:\/\/www.europesays.com\/fr\/wp-json\/wp\/v2\/categories?post=235663"},{"taxonomy":"post_tag","embeddable":true,"href":"https:\/\/www.europesays.com\/fr\/wp-json\/wp\/v2\/tags?post=235663"}],"curies":[{"name":"wp","href":"https:\/\/api.w.org\/{rel}","templated":true}]}}