{"id":235665,"date":"2025-07-08T17:37:29","date_gmt":"2025-07-08T17:37:29","guid":{"rendered":"https:\/\/www.europesays.com\/fr\/235665\/"},"modified":"2025-07-08T17:37:29","modified_gmt":"2025-07-08T17:37:29","slug":"a-nantes-cette-famille-a-accueilli-un-thailandais-de-17-ans","status":"publish","type":"post","link":"https:\/\/www.europesays.com\/fr\/235665\/","title":{"rendered":"\u00e0 Nantes, cette famille a accueilli un Tha\u00eflandais de 17 ans"},"content":{"rendered":"<p>            Par<br \/>\n        <strong><br \/>\n            <a href=\"https:\/\/actu.fr\/auteur\/thomas-bernard\" title=\"Consulter tous les articles de Thomas Bernard\" target=\"_blank\" rel=\"noopener\">Thomas Bernard<\/a><br \/>\n        <\/strong><\/p>\n<p>        Publi\u00e9 le<\/p>\n<p>            8 juil. 2025 \u00e0 18h32        <\/p>\n<p>Dans une maison au nord-est de Nantes, deux adolescents sont sur l\u2019ordinateur tout en prenant des notes sur une feuille. Rapha\u00ebl, 15\u00a0ans, et Alee, 17\u00a0ans, pr\u00e9parent la sortie familiale du week-end au Puy-du-Fou. Les deux comp\u00e8res ne se connaissaient pas en septembre\u00a02024, mais depuis ils sont devenus des \u00ab\u2009fr\u00e8res\u2009\u00bb. \u00c0 vrai dire, Alee ne parlait pas la langue de Moli\u00e8re \u00e0 la rentr\u00e9e 2024.<\/p>\n<p class=\" wall-content\">Originaire de Tha\u00eflande, <strong>Alee a v\u00e9cu pendant un an chez la famille Bonizec<\/strong>, aux c\u00f4t\u00e9s d\u2019Emilie et Ronan, ses \u00ab\u2009parents d\u2019accueil\u2009\u00bb, et Rapha\u00ebl et Ana\u00eblle, \u00ab\u2009son fr\u00e8re et sa s\u0153ur d\u2019accueil\u2009\u00bb. Un \u00e9change culturel rendu possible par <a href=\"https:\/\/afs.fr\/\" target=\"_blank\" rel=\"noopener\">l\u2019association AFS Vivre Sans Fronti\u00e8re<\/a>.<\/p>\n<p class=\" wall-content\">Quelques jours avant son d\u00e9part pour retourner dans son pays natal, nous avons rencontr\u00e9 Alee, aux c\u00f4t\u00e9s de sa famille d\u2019accueil. Pour <a href=\"https:\/\/actu.fr\/nantes\/\" target=\"_blank\" rel=\"noopener\">actu Nantes<\/a>, ils nous narrent \u00ab\u2009l\u2019exp\u00e9rience d\u2019une vie\u2009\u00bb.<\/p>\n<p>Ski, jeux de soci\u00e9t\u00e9 et souvenirs<\/p>\n<p class=\" wall-content\">L\u2019aventure d\u00e9bute au cours d\u2019une visite au<strong> lyc\u00e9e Honor\u00e9 d\u2019Estienne\u00a0d\u2019Orves<\/strong> de Carquefou o\u00f9 Rapha\u00ebl est scolaris\u00e9. Les parcours AFS sont pr\u00e9sent\u00e9s par des volontaires de l\u2019association, dont <a href=\"https:\/\/actu.fr\/pays-de-la-loire\/nantes_44109\/j-etais-une-curiosite-originaire-de-nantes-louise-a-vecu-un-an-en-thailande_62818585.html\" target=\"_blank\" rel=\"noopener\">Louise qui a racont\u00e9 son exp\u00e9rience en Tha\u00eflande dans nos colonnes<\/a>.<\/p>\n<p class=\" wall-content\">L\u2019a\u00een\u00e9 de la famille \u00ab\u2009accroche\u2009\u00bb au concept mais veut en savoir davantage. De fil en aiguille, les Bonizec d\u00e9cident d\u2019accueillir un jeune. \u00ab\u2009Si on accueille, on accueille une culture que nous ne connaissons pas\u2009\u00bb, se rem\u00e9more \u00c9milie.<\/p>\n<p class=\" wall-content\">Apr\u00e8s des entretiens avec les b\u00e9n\u00e9voles de l\u2019AFS, <strong>la famille s\u00e9lectionne unanimement le dossier d\u2019Alee<\/strong>. \u00ab\u2009On a appr\u00e9ci\u00e9 la franchise et l\u2019honn\u00eatet\u00e9 dans ses courriers\u2009\u00bb, confie Ronan.<\/p>\n<p class=\" wall-content\">Le passionn\u00e9 de shopping d\u00e9barque \u00e0 Nantes \u00e0 la mi-septembre. \u00c0 son arriv\u00e9e en France, Alee sait prononcer quelques mots \u00ab\u2009bonjour\u2009\u00bb, \u00ab\u2009merci\u2009\u00bb et \u00ab\u2009petit-d\u00e9jeuner\u2009\u00bb.<\/p>\n<p class=\" wall-content\">Rapidement, le Tha\u00eflandais parvient \u00e0 comprendre la langue et \u00e0 communiquer avec sa famille d\u2019accueil. Sport, bowling, cin\u00e9ma, jeux de soci\u00e9t\u00e9, patinoire, console, puzzle rythment le quotidien de la troupe.<\/p>\n<p class=\" wall-content\">Alee d\u00e9couvre la France avec sa famille d\u2019accueil, de la ville \u00e0 la mer en passant par la montagne o\u00f9 <strong>le jeune homme appr\u00e9cie son s\u00e9jour au ski<\/strong>. \u00ab\u2009Ce qui est plaisant avec Alee c\u2019est qu\u2019il dit ce qu\u2019il pense. Il dit s\u2019il aime ou pas une activit\u00e9 m\u00eame s\u2019il a majoritairement aim\u00e9 ce qu\u2019il a fait\u2009\u00bb, ajoute Ronan.<\/p>\n<p>    <img   decoding=\"async\" loading=\"lazy\" src=\"https:\/\/www.europesays.com\/fr\/wp-content\/uploads\/2025\/07\/alee-galette-nantes-960x640.png\" alt=\"Sous l'oeil de Ronan, son \" width=\"960\" height=\"640\"\/><br \/>\n    Sous l\u2019\u0153il de Ronan, son \u00ab\u2009p\u00e8re d\u2019accueil\u2009\u00bb, Alee pr\u00e9pare une galette. (\u00a9Famille Bonizec \/ transmis \u00e0 actu Nantes)<\/p>\n<p class=\" wall-content\">Le passionn\u00e9 de badminton fait \u00e9galement d\u00e9couvrir un pan de la culture tha\u00eflandaise, notamment lors des d\u00eeners du vendredi soir o\u00f9 la gastronomie tha\u00efe \u00e9tait reine.<\/p>\n<p class=\" wall-content\">\u00ab\u2009Avec Ronan et Rapha\u00ebl, nous sommes all\u00e9s pr\u00e8s de Paris pour le festival de l\u2019eau Songkran. C\u2019est une f\u00eate o\u00f9 on c\u00e9l\u00e8bre le Nouvel an tha\u00eflandais\u2009\u00bb, ajoute Alee.<\/p>\n<p class=\" wall-content\">Des activit\u00e9s communes qui ont cr\u00e9\u00e9 <strong>des souvenirs inoubliables<\/strong> pour tous les membres de la famille comme le confie Ana\u00eblle, \u00e2g\u00e9e de 12\u00a0ans. \u00ab\u2009J\u2019ai aim\u00e9 les voyages qu\u2019on a pu faire ensemble. Nous avons tous appris des choses et on a v\u00e9cu plein d\u2019\u00e9motions.\u2009\u00bb \u00ab\u2009\u00c9motionnellement, cette exp\u00e9rience est assez riche. \u00c7a nous a tous fait grandir\u2009\u00bb, encha\u00eene \u00c9milie.<\/p>\n<p>Un membre de la famille \u00e0 part enti\u00e8re<\/p>\n<p class=\" wall-content\">Les Nantais ont essay\u00e9 de parler en Tha\u00eflandais pour souhaiter un joyeux anniversaire \u00e0 la maman d\u2019Alee. \u00ab\u2009Nous avons fait une vid\u00e9o o\u00f9 on a tous souhait\u00e9 joyeux anniversaire en Tha\u00eflandais. On s\u2019est entra\u00een\u00e9 avant de faire la vid\u00e9o. Elle a compris donc a d\u00fb r\u00e9ussir \u00e0 se faire comprendre\u2009\u00bb, rigole \u00c9milie.<\/p>\n<p class=\" wall-content\">Au quotidien, la famille Bonizec a appr\u00e9ci\u00e9<strong> la qui\u00e9tude du lyc\u00e9en et son implication dans la vie familiale<\/strong>. \u00ab\u2009Il a apport\u00e9 de la s\u00e9r\u00e9nit\u00e9 dans notre famille\u2009\u00bb, note \u00c9milie. <strong>\u00ab\u2009C\u2019est devenu un fr\u00e8re<\/strong>. C\u2019est une personne avec laquelle on a partag\u00e9 un moment de notre vie\u2009\u00bb, compl\u00e8te Rapha\u00ebl.<\/p>\n<blockquote class=\"ac-article-quote wall-content\">\n<p>C&rsquo;est un membre de la famille. Quand il se mariera, il n&rsquo;aura pas le choix il devra nous inviter. Et inversement si Ana\u00eblle et Rapha\u00ebl se marient de leur c\u00f4t\u00e9. On est ta famille Alee ! <\/p>\n<p>    <strong>\u00c9milie Bonizec<\/strong>\n            <\/p><\/blockquote>\n<p class=\" wall-content\">Cet \u00e9t\u00e9, Rapha\u00ebl va suivre l\u2019exemple de \u00ab\u2009son fr\u00e8re\u2009\u00bb en partant avec l\u2019AFS en mettant le cap sur l\u2019Islande. \u00ab\u2009Je trouve le pays tr\u00e8s beau et je n\u2019aime pas quand il fait trop chaud. Je voulais d\u00e9couvrir le grand froid\u2009\u00bb, explique malicieusement Rapha\u00ebl.<\/p>\n<p class=\" wall-content\">Avant le d\u00e9part d\u2019Alee, la famille Bonizec lui a offert un<strong> album photo<\/strong> retra\u00e7ant toutes \u00ab\u2009ses aventures\u2009\u00bb et ses souvenirs lors de son s\u00e9jour en France. Ce samedi 5\u00a0juillet, Ronan, \u00c9milie, Rapha\u00ebl et Ana\u00eblle ont d\u00fb dire au revoir \u00e0 Alee, mais pas adieu.<\/p>\n<p class=\" wall-content\">La famille nantaise a d\u2019ores et d\u00e9j\u00e0 pr\u00e9vu de faire le chemin inverse pour rendre visite \u00e0 Alee chez lui.<\/p>\n<p class=\" wall-content\">Suivez toute l\u2019actualit\u00e9 de vos villes et m\u00e9dias favoris en vous inscrivant \u00e0 <a href=\"https:\/\/moncompte.actu.fr\" title=\"D\u00e9couvez Mon Actu\" rel=\"nofollow noopener\" data-trk=\"{&quot;cta&quot;:{&quot;action&quot;:&quot;https:\\\/\\\/moncompte.actu.fr&quot;,&quot;category&quot;:&quot;mon compte&quot;,&quot;from&quot;:&quot;article footer&quot;,&quot;name&quot;:&quot;Mon actu&quot;,&quot;type&quot;:&quot;cta&quot;}}\" target=\"_blank\">Mon Actu<\/a>.<\/p>\n","protected":false},"excerpt":{"rendered":"Par Thomas Bernard Publi\u00e9 le 8 juil. 2025 \u00e0 18h32 Dans une maison au nord-est de Nantes, deux&hellip;\n","protected":false},"author":2,"featured_media":235666,"comment_status":"","ping_status":"","sticky":false,"template":"","format":"standard","meta":{"footnotes":""},"categories":[2818],"tags":[1111,11,1064,1777,674,1011,27,766,12,2636,25,104,240,586],"class_list":{"0":"post-235665","1":"post","2":"type-post","3":"status-publish","4":"format-standard","5":"has-post-thumbnail","7":"category-nantes","8":"tag-actu","9":"tag-actualites","10":"tag-etudiantses","11":"tag-eu","12":"tag-europe","13":"tag-fr","14":"tag-france","15":"tag-nantes","16":"tag-news","17":"tag-pays-de-la-loire","18":"tag-republique-francaise","19":"tag-societe","20":"tag-temoignage","21":"tag-voyage"},"share_on_mastodon":{"url":"https:\/\/pubeurope.com\/@fr\/114818832493974197","error":""},"_links":{"self":[{"href":"https:\/\/www.europesays.com\/fr\/wp-json\/wp\/v2\/posts\/235665","targetHints":{"allow":["GET"]}}],"collection":[{"href":"https:\/\/www.europesays.com\/fr\/wp-json\/wp\/v2\/posts"}],"about":[{"href":"https:\/\/www.europesays.com\/fr\/wp-json\/wp\/v2\/types\/post"}],"author":[{"embeddable":true,"href":"https:\/\/www.europesays.com\/fr\/wp-json\/wp\/v2\/users\/2"}],"replies":[{"embeddable":true,"href":"https:\/\/www.europesays.com\/fr\/wp-json\/wp\/v2\/comments?post=235665"}],"version-history":[{"count":0,"href":"https:\/\/www.europesays.com\/fr\/wp-json\/wp\/v2\/posts\/235665\/revisions"}],"wp:featuredmedia":[{"embeddable":true,"href":"https:\/\/www.europesays.com\/fr\/wp-json\/wp\/v2\/media\/235666"}],"wp:attachment":[{"href":"https:\/\/www.europesays.com\/fr\/wp-json\/wp\/v2\/media?parent=235665"}],"wp:term":[{"taxonomy":"category","embeddable":true,"href":"https:\/\/www.europesays.com\/fr\/wp-json\/wp\/v2\/categories?post=235665"},{"taxonomy":"post_tag","embeddable":true,"href":"https:\/\/www.europesays.com\/fr\/wp-json\/wp\/v2\/tags?post=235665"}],"curies":[{"name":"wp","href":"https:\/\/api.w.org\/{rel}","templated":true}]}}