{"id":235669,"date":"2025-07-08T17:39:12","date_gmt":"2025-07-08T17:39:12","guid":{"rendered":"https:\/\/www.europesays.com\/fr\/235669\/"},"modified":"2025-07-08T17:39:12","modified_gmt":"2025-07-08T17:39:12","slug":"girondins-jean-grillot-retenu-par-bordeaux-au-mercato","status":"publish","type":"post","link":"https:\/\/www.europesays.com\/fr\/235669\/","title":{"rendered":"Girondins : Jean Grillot retenu par Bordeaux au mercato"},"content":{"rendered":"<p><img decoding=\"async\" src=\"https:\/\/www.europesays.com\/fr\/wp-content\/uploads\/2025\/07\/671_c8e93fed5ed3cf8890cbab96b35400e4.jpg\" alt=\"Girondins : Jean Grillot retenu par Bordeaux au mercato\" class=\"img-responsive mt-3\"\/><\/p>\n<p class=\"text-center mb-3\" style=\"font-size: 14px\">\u00a9 Iconsport<\/p>\n<p style=\"text-align: justify;\">Sous contrat avec Bordeaux jusqu&rsquo;en juin 2026, Jean Grillot (19 ans, 1,81m) est convoit\u00e9 par Dijon, indique l&rsquo;\u00c9quipe. Le d\u00e9fenseur form\u00e9 aux Girondins aimerait jouer au niveau sup\u00e9rieur.<\/p>\n<p style=\"text-align: justify;\">Pourtant, la direction bordelaise a choisi de s&rsquo;appuyer sur lui pour la saison \u00e0 venir en National 2, et c&rsquo;est G\u00e9rard Lopez en personne qui a refus\u00e9 de le laisser partir, d\u00e9voile <a href=\"https:\/\/www.lequipe.fr\/Football\/Actualites\/Six-recrues-attendues-a-bordeaux-pour-la-reprise-douze-a-treize-signatures-attendues-dans-la-semaine\/1576049\" target=\"_blank\" rel=\"noopener\">L&rsquo;\u00c9quipe<\/a>.<\/p>\n<p>La saison derni\u00e8re Jean Grillot a jou\u00e9 23 matchs de National 2.<\/p>\n<p style=\"text-align: justify;\">\u00c0 date, Bordeaux compte seulement deux d\u00e9fenseurs centraux dans son effectif : Jean Grillot et \u00c9ric Vandenabeele, fra\u00eechement recrut\u00e9 en provenance de Rodez (L2).<\/p>\n<p style=\"text-align: justify;\">Les deux hommes \u00e9taient ce mardi matin \u00e0 l&rsquo;entra\u00eenement, c&rsquo;est \u00e0 lire ici :\u00a0<strong><a href=\"https:\/\/www.webgirondins.com\/actualite-girondins-girondins-lassana-diabate-absent-du-terrain-d-entrainement-12-joueurs-de-champ-seulement-129659\" target=\"_blank\" rel=\"noopener\">Lassana Diabat\u00e9 absent du terrain d&rsquo;entra\u00eenement, 12 joueurs de champ seulement<\/a><\/strong><\/p>\n<p>Notre podcast court :<\/p>\n<p>\u00a0<\/p>\n","protected":false},"excerpt":{"rendered":"\u00a9 Iconsport Sous contrat avec Bordeaux jusqu&rsquo;en juin 2026, Jean Grillot (19 ans, 1,81m) est convoit\u00e9 par Dijon,&hellip;\n","protected":false},"author":2,"featured_media":235670,"comment_status":"","ping_status":"","sticky":false,"template":"","format":"standard","meta":{"footnotes":""},"categories":[2817],"tags":[1111,11,1997,4930,15013,2930,10902,1777,674,1011,27,8294,1987,15011,13392,8295,1434,3238,12,2219,22810,15178,2513,4919,8297,25,25705,37430,3686],"class_list":{"0":"post-235669","1":"post","2":"type-post","3":"status-publish","4":"format-standard","5":"has-post-thumbnail","7":"category-bordeaux","8":"tag-actu","9":"tag-actualites","10":"tag-bordeaux","11":"tag-clubs","12":"tag-defenseur","13":"tag-dijon","14":"tag-dont","15":"tag-eu","16":"tag-europe","17":"tag-fr","18":"tag-france","19":"tag-gerard","20":"tag-girondins","21":"tag-grillot","22":"tag-jean","23":"tag-lopez","24":"tag-mercato","25":"tag-national","26":"tag-news","27":"tag-nouvelle-aquitaine","28":"tag-obtenu","29":"tag-part","30":"tag-plusieurs","31":"tag-president","32":"tag-proprietaire","33":"tag-republique-francaise","34":"tag-retenu","35":"tag-sollicite","36":"tag-sortie"},"share_on_mastodon":{"url":"https:\/\/pubeurope.com\/@fr\/114818840284023264","error":""},"_links":{"self":[{"href":"https:\/\/www.europesays.com\/fr\/wp-json\/wp\/v2\/posts\/235669","targetHints":{"allow":["GET"]}}],"collection":[{"href":"https:\/\/www.europesays.com\/fr\/wp-json\/wp\/v2\/posts"}],"about":[{"href":"https:\/\/www.europesays.com\/fr\/wp-json\/wp\/v2\/types\/post"}],"author":[{"embeddable":true,"href":"https:\/\/www.europesays.com\/fr\/wp-json\/wp\/v2\/users\/2"}],"replies":[{"embeddable":true,"href":"https:\/\/www.europesays.com\/fr\/wp-json\/wp\/v2\/comments?post=235669"}],"version-history":[{"count":0,"href":"https:\/\/www.europesays.com\/fr\/wp-json\/wp\/v2\/posts\/235669\/revisions"}],"wp:featuredmedia":[{"embeddable":true,"href":"https:\/\/www.europesays.com\/fr\/wp-json\/wp\/v2\/media\/235670"}],"wp:attachment":[{"href":"https:\/\/www.europesays.com\/fr\/wp-json\/wp\/v2\/media?parent=235669"}],"wp:term":[{"taxonomy":"category","embeddable":true,"href":"https:\/\/www.europesays.com\/fr\/wp-json\/wp\/v2\/categories?post=235669"},{"taxonomy":"post_tag","embeddable":true,"href":"https:\/\/www.europesays.com\/fr\/wp-json\/wp\/v2\/tags?post=235669"}],"curies":[{"name":"wp","href":"https:\/\/api.w.org\/{rel}","templated":true}]}}