{"id":235675,"date":"2025-07-08T17:42:11","date_gmt":"2025-07-08T17:42:11","guid":{"rendered":"https:\/\/www.europesays.com\/fr\/235675\/"},"modified":"2025-07-08T17:42:11","modified_gmt":"2025-07-08T17:42:11","slug":"lille-le-restaurant-coreen-yena-ne-va-vous-faire-voyager-grace-a-ses-plats-authentiques","status":"publish","type":"post","link":"https:\/\/www.europesays.com\/fr\/235675\/","title":{"rendered":"Lille. Le restaurant cor\u00e9en Yena N\u00e9 va vous faire voyager gr\u00e2ce \u00e0 ses plats authentiques"},"content":{"rendered":"<p>            Par<br \/>\n        <strong><br \/>\n            <a href=\"https:\/\/actu.fr\/auteur\/hervine-mahaud\" title=\"Consulter tous les articles de Hervine Mahaud\" target=\"_blank\" rel=\"noopener\">Hervine Mahaud<\/a><br \/>\n        <\/strong><\/p>\n<p>        Publi\u00e9 le<\/p>\n<p>            8 juil. 2025 \u00e0 18h42        <\/p>\n<p>La <b>gastronomie cor\u00e9enne<\/b> continue de faire de plus en plus adeptes \u00e0 travers le monde. Avec ses plats sains, color\u00e9s, \u00e9pic\u00e9s, mais aussi ses sp\u00e9cialit\u00e9s de <b>street-food<\/b>, chacun peut y trouver son compte. Pourtant, elle est encore assez m\u00e9connue et beaucoup ne connaissent que le <a href=\"https:\/\/actu.fr\/hauts-de-france\/lille_59350\/le-restaurant-sud-coreen-daehan-ouvre-dans-le-centre-de-lille_39296989.html\" target=\"_blank\" rel=\"noopener\">barbecue<\/a> ou le <b>bibimbap<\/b>. Ouvert depuis le 22 mai 2025 \u00e0<b> <a href=\"https:\/\/actu.fr\/hauts-de-france\/lille_59350\" target=\"_blank\" rel=\"noopener\">Lille<\/a><\/b>, le<b> restaurant cor\u00e9en Yena N\u00e9<\/b> va vous prouver que cette <b>cuisine<\/b> est bien plus riche et profonde qu\u2019elle n\u2019y para\u00eet. Micka\u00ebl et sa fianc\u00e9e Yena vont vous faire tomber amoureux de la <b>Cor\u00e9e<\/b> gr\u00e2ce \u00e0 ses <b>plats authentiques et savoureux<\/b>. En quittant leur resto, vous n\u2019aurez qu\u2019une envie : prendre un billet d\u2019avion direction S\u00e9oul !<\/p>\n<p>Une Cor\u00e9enne et un Chti amoureux, aussi, du pays de sa fianc\u00e9e<\/p>\n<p class=\" wall-content\">Cette nouvelle adresse gourmande est n\u00e9e de passions communes : la Cor\u00e9e, bien s\u00fbr, la cuisine mais aussi <b>l\u2019envie d\u2019entreprendre<\/b>. \u00ab\u00a0Avec Yena, on a toujours eu cet esprit d\u2019entrepreneur, on savait qu\u2019on allait cr\u00e9er quelque chose un jour\u00a0\u00bb, raconte Micka\u00ebl.\u00a0<\/p>\n<p>    <img   decoding=\"async\" loading=\"lazy\" class=\"size-large\" src=\"https:\/\/www.europesays.com\/fr\/wp-content\/uploads\/2025\/07\/f2bc2429ec686f6bc2429ec68cabc2v-960x640.jpg\" alt=\"restaurant coreen yena ne lille\" width=\"960\" height=\"640\"\/><br \/>\n    Micka\u00ebl et Yena ont toujours su, qu\u2019un beau jour, ils lanceraient leur affaire. \u00a9Hervine Mahaud<\/p>\n<p class=\" wall-content\">Lui, Nordiste, est tomb\u00e9 amoureux de ce pays d\u2019Asie du Sud-Est durant ses \u00e9tudes. \u00ab\u00a0J\u2019ai pass\u00e9 un an et demi l\u00e0-bas, <b>j\u2019ai appris la langue<\/b> en parall\u00e8le de mes cours d\u2019animation 3D. Puis j\u2019y suis retourn\u00e9 r\u00e9guli\u00e8rement pour voyager, d\u00e9couvrir\u2026\u00a0\u00bb.<\/p>\n<p class=\" wall-content\">Yena, de son c\u00f4t\u00e9 est n\u00e9e et a grandi en Cor\u00e9e. <b>Arriv\u00e9e \u00e0 Lille en 2014 <\/b>pour poursuivre sa formation en communication et marketing, elle commence un stage dans une entreprise, o\u00f9 elle croisera la route de son futur compagnon. Pour financer ses \u00e9tudes, Yena doit cumuler les petits boulots et devient m\u00eame <b>employ\u00e9e dans un estaminet<\/b>. \u00ab\u00a0<b>Carbonade, gratin de chicon, welsh\u2026 J\u2019ai cuisin\u00e9 tous les plats du Nord<\/b>\u00ab\u00a0, plaisante la jeune femme qui se prend de passion pour ce m\u00e9tier.\u00a0<\/p>\n<p class=\" wall-content\">En 2024, alors qu\u2019elle a d\u00e9j\u00e0 entam\u00e9 une belle carri\u00e8re (elle a cr\u00e9\u00e9 d\u2019une agence de marketing et communication digitale et donne des cours de cor\u00e9en et de cuisine \u00e0 l\u2019\u00c9cole Cor\u00e9enne de Lille), Yena remet tout en question.<\/p>\n<p class=\" wall-content\">Elle en discute alors avec Micka\u00ebl. \u00ab\u00a0Quand elle m\u2019a dit qu\u2019<b>elle voulait ouvrir un restaurant<\/b>, j\u2019ai d\u2019abord eu peur mais mon c\u00f4t\u00e9 entrepreneur a vite repris le dessus !\u00a0\u00bb. \u00c9paul\u00e9e par la CCI, la jeune femme est confort\u00e9e dans son id\u00e9e. \u00ab\u00a0Je suis pass\u00e9e devant un jury pour pr\u00e9senter mon projet : <b>ils m\u2019ont dit que \u00e7a allait marcher<\/b>.\u00a0\u00bb Le couple se lance alors \u00e0 100% dans l\u2019aventure Yena N\u00e9, qui signifie tout simplement \u00ab\u00a0<b>Chez Yena<\/b>\u00a0\u00bb en cor\u00e9en.\u00a0<\/p>\n<p>D\u00e9co typique, anecdotes et personnel form\u00e9 \u00e0 parler cor\u00e9en pour une immersion totale<\/p>\n<p class=\" wall-content\">Pour installer leur restaurant cor\u00e9en, Yena et Micka\u00ebl se mettent en qu\u00eate d\u2019un <b>local dans le centre de Lille<\/b>, et \u00ab\u00a0pas dans le Vieux-Lille car on cherchait suffisamment d\u2019espace. On ne vise pas une client\u00e8le de passage : ceux qui entrent au restaurant viennent sp\u00e9cialement pour nous.\u00a0\u00bb C\u2019est donc au <b>27 place S\u00e9bastopol<\/b> que les entrepreneurs trouvent leur bonheur, <b>\u00e0 la place du restaurant marocain Le Souk<\/b>.<\/p>\n<p>    <img   decoding=\"async\" loading=\"lazy\" class=\"size-large\" src=\"https:\/\/www.europesays.com\/fr\/wp-content\/uploads\/2025\/07\/96a23429ec6868aa23429ec68bfa23v-960x640.jpg\" alt=\"restaurant coreen yena ne lille\" width=\"960\" height=\"640\"\/><br \/>\n    L\u2019avant du restaurant rappelle les fa\u00e7ades des maisons traditionnelles. \u00a9Apple Photos Clean Up<\/p>\n<p class=\" wall-content\">Une fois les cl\u00e9s r\u00e9cup\u00e9r\u00e9es fin mars, les travaux ont pu d\u00e9buter. Exit la couleur terracotta rappelant les saveurs m\u00e9diterran\u00e9ennes, <b>place \u00e0 l\u2019ambiance zen d\u2019une hanok, traditionnelle maison cor\u00e9enne<\/b>. \u00ab\u00a0On a deux salles, deux ambiances : au fond, \u00e7a rappelle <b>Itaewon, un quartier festif de S\u00e9oul<\/b>. On aimerait aussi installer une table traditionnelle autour de laquelle on s\u2019assoit au sol.\u00a0\u00bb<\/p>\n<p class=\" wall-content\">Les clins d\u2019\u0153il au pays natal de Yena, et au pays de c\u0153ur de Micka\u00ebl, ne s\u2019arr\u00eatent pas l\u00e0. \u00ab\u00a0Quand les gens rentrent au restaurant, on crie \u2018eoseo oseyo\u2019, \u00e7a veut dire \u2018bienvenue\u2019 en cor\u00e9en. Et pour que l\u2019immersion soit parfaite, <b>on a form\u00e9 notre \u00e9quipe pour qu\u2019elle parle la langue<\/b>.\u00a0\u00bb<\/p>\n<p>    <img   decoding=\"async\" loading=\"lazy\" class=\"size-large\" src=\"https:\/\/www.europesays.com\/fr\/wp-content\/uploads\/2025\/07\/d75c2429ec6864d5c2429ec68316c2v-960x640.jpg\" alt=\"restaurant coreen yena ne lille\" width=\"960\" height=\"640\"\/><br \/>\n    Une ambiance semblable \u00e0 celle des bistrots cor\u00e9ens. \u00a9Hervine Mahaud<\/p>\n<p class=\" wall-content\">Le restaurant prend le parti de sacrifier un service le soir. \u00ab\u00a0<b>On ne fait pas de double service<\/b> car <b>on prend le temps de pr\u00e9senter la carte<\/b>.\u00a0\u00bb Cela va bien au-del\u00e0 de l\u2019explication consciencieuse de chaque mets. \u00c0 chaque repas pass\u00e9 chez Yena, on est s\u00fbr de repartir avec une <b>anecdote sur le pays<\/b>.\u00a0<\/p>\n<p class=\" wall-content\">\u00ab\u00a0On voulait vraiment que <b>les gens voyagent sans quitter leur chaise<\/b>. Le but, c\u2019est de leur donner envie d\u2019aller en Cor\u00e9e. D\u2019ailleurs, on va bient\u00f4t sortir notre guide des bonnes adresses.\u00a0\u00bb<\/p>\n<p>Des mets servis sur un plateau repas, exactement comme en Cor\u00e9e<\/p>\n<p class=\" wall-content\">Le premier voyage, fictif, en Cor\u00e9e du Sud a \u00e9videmment lieu gr\u00e2ce au <b>plateau repas<\/b> servi \u00e0 table. \u00ab\u00a0Chaque plat principal est servi avec un bol de riz, une soupe ou une salade et trois banchan, des accompagnements qui \u00e9quilibrent l\u2019ensemble.\u00a0\u00bb La carte du restaurant propose une <b>dizaine de plats<\/b> comme le <b>boeuf bulgogi<\/b>, des rago\u00fbts, des nouilles ou des plats \u00e0 base de riz. Parmi les entr\u00e9es \u00e0 commander absolument, on retrouve le <b>fameux poulet frit cor\u00e9en<\/b>.<\/p>\n<p class=\" wall-content\"><a href=\"https:\/\/www.instagram.com\/p\/DLDE21qIejy\/embed\" title=\"Ouvrir le lien sur Instagram\" target=\"_blank\" rel=\"noopener\">Visualiser le contenu sur Instagram<\/a><\/p>\n<p class=\" wall-content\">\u00ab\u00a0Ce sont des plats authentiques que les Cor\u00e9ens ont l\u2019habitude de commander quand ils vont au restaurant\u00a0\u00bb, souligne Yena. Pour les pr\u00e9parer, elle est \u00e9paul\u00e9e d\u2019une cuisini\u00e8re cor\u00e9enne et d\u2019une commis. \u00ab\u00a0<b>Tout est fait maison, \u00e0 partir de produits au maximum locaux<\/b>.\u00a0\u00bb Certains ingr\u00e9dients sont toutefois introuvables dans le commerce traditionnel, comme la p\u00e2te de piment, \u00ab\u00a0on passe par un grossiste\u00a0\u00bb.<\/p>\n<p class=\" wall-content\">Pour plaire aux palais europ\u00e9ens, le niveau de piment a \u00e9t\u00e9 adapt\u00e9. Les plus t\u00e9m\u00e9raires peuvent demander \u00ab\u00a0la version cor\u00e9enne, plus piment\u00e9e. On met un peu de lait \u00e0 c\u00f4t\u00e9 pour \u00e9viter le feu\u00a0\u00bb, s\u2019amuse Micka\u00ebl.\u00a0<\/p>\n<p class=\" wall-content\">Bien entendu, les connaisseurs retrouveront l\u2019incontournable <b>kimchi<\/b>, une pr\u00e9paration compos\u00e9e de <b>piment et de l\u00e9gumes lacto-ferment\u00e9s<\/b>. \u00ab\u00a0En Cor\u00e9e, il y a autant de recettes de kimchi que de familles. La mienne, je la tiens de ma m\u00e8re\u00a0\u00bb, raconte Yena qui aimerait pouvoir en proposer plusieurs sortes.<\/p>\n<p class=\" wall-content\"><a href=\"https:\/\/www.instagram.com\/p\/DJZgQYbsaom\/embed\" title=\"Ouvrir le lien sur Instagram\" target=\"_blank\" rel=\"noopener\">Visualiser le contenu sur Instagram<\/a><\/p>\n<p class=\" wall-content\">Pour accompagner ces diff\u00e9rents mets, Yena N\u00e9 compte de nombreuses <b>boissons traditionnelles<\/b> comme le <b>soju<\/b> (alcool de riz), <b>takju<\/b> (vin de riz), <b>gwasilju<\/b> (vin de fruits), et quelques cocktails cor\u00e9ens, la plupart con\u00e7us \u00e0 partir de soju.<\/p>\n<p class=\" wall-content\"><b>Les enfants ont aussi leur menu d\u00e9di\u00e9<\/b>, et pourront m\u00eame s\u2019entra\u00eener \u00e0 manger comme les Cor\u00e9ens, gr\u00e2ce aux baguettes d\u2019apprentissage.\u00a0<\/p>\n<p class=\" wall-content\">Vous l\u2019aurez compris, Yena N\u00e9 est la <b>nouvelle adresse incontournable<\/b> pour tous les amoureux de la Cor\u00e9e du Sud, les gourmets curieux de d\u00e9couvrir de nouvelles recettes.<\/p>\n<p>Infos pratiques : Yena N\u00e9, 27 place S\u00e9bastopol \u00e0 Lille. Ouvert du mardi soir au dimanche midi. Plus d\u2019infos, menu et r\u00e9servations sur <a href=\"https:\/\/yenane.com\/\" target=\"_blank\" rel=\"noopener\">le site du restaurant<\/a>.<\/p>\n<p class=\" wall-content\">Suivez toute l\u2019actualit\u00e9 de vos villes et m\u00e9dias favoris en vous inscrivant \u00e0 <a href=\"https:\/\/moncompte.actu.fr\" title=\"D\u00e9couvez Mon Actu\" rel=\"nofollow noopener\" data-trk=\"{&quot;cta&quot;:{&quot;action&quot;:&quot;https:\\\/\\\/moncompte.actu.fr&quot;,&quot;category&quot;:&quot;mon compte&quot;,&quot;from&quot;:&quot;article footer&quot;,&quot;name&quot;:&quot;Mon actu&quot;,&quot;type&quot;:&quot;cta&quot;}}\" target=\"_blank\">Mon Actu<\/a>.<\/p>\n<ul class=\"ac-article-tag wall-content\">\n<li><a href=\"https:\/\/actu.fr\/tag\/nouveaux-commerces\" data-trk=\"{&quot;cta&quot;:{&quot;action&quot;:&quot;Nouveaux commerces&quot;,&quot;category&quot;:&quot;tag&quot;,&quot;from&quot;:&quot;article footer&quot;,&quot;name&quot;:&quot;Nouveaux commerces&quot;,&quot;type&quot;:&quot;cta&quot;}}\" target=\"_blank\" rel=\"noopener\">#Nouveaux commerces<\/a><\/li>\n<li><a href=\"https:\/\/actu.fr\/tag\/restaurant\" data-trk=\"{&quot;cta&quot;:{&quot;action&quot;:&quot;Restaurant&quot;,&quot;category&quot;:&quot;tag&quot;,&quot;from&quot;:&quot;article footer&quot;,&quot;name&quot;:&quot;Restaurant&quot;,&quot;type&quot;:&quot;cta&quot;}}\" target=\"_blank\" rel=\"noopener\">#Restaurant<\/a><\/li>\n<\/ul>\n<p>                    <script async src=\"\/\/www.instagram.com\/embed.js\"><\/script><\/p>\n","protected":false},"excerpt":{"rendered":"Par Hervine Mahaud Publi\u00e9 le 8 juil. 2025 \u00e0 18h42 La gastronomie cor\u00e9enne continue de faire de plus&hellip;\n","protected":false},"author":2,"featured_media":235676,"comment_status":"","ping_status":"","sticky":false,"template":"","format":"standard","meta":{"footnotes":""},"categories":[2815],"tags":[1111,11,1777,674,1011,27,811,1307,1652,12,3147,25,1340],"class_list":{"0":"post-235675","1":"post","2":"type-post","3":"status-publish","4":"format-standard","5":"has-post-thumbnail","7":"category-lille","8":"tag-actu","9":"tag-actualites","10":"tag-eu","11":"tag-europe","12":"tag-fr","13":"tag-france","14":"tag-hauts-de-france","15":"tag-lille","16":"tag-loisirs-culture","17":"tag-news","18":"tag-nouveaux-commerces","19":"tag-republique-francaise","20":"tag-restaurant"},"share_on_mastodon":{"url":"https:\/\/pubeurope.com\/@fr\/114818852176621024","error":""},"_links":{"self":[{"href":"https:\/\/www.europesays.com\/fr\/wp-json\/wp\/v2\/posts\/235675","targetHints":{"allow":["GET"]}}],"collection":[{"href":"https:\/\/www.europesays.com\/fr\/wp-json\/wp\/v2\/posts"}],"about":[{"href":"https:\/\/www.europesays.com\/fr\/wp-json\/wp\/v2\/types\/post"}],"author":[{"embeddable":true,"href":"https:\/\/www.europesays.com\/fr\/wp-json\/wp\/v2\/users\/2"}],"replies":[{"embeddable":true,"href":"https:\/\/www.europesays.com\/fr\/wp-json\/wp\/v2\/comments?post=235675"}],"version-history":[{"count":0,"href":"https:\/\/www.europesays.com\/fr\/wp-json\/wp\/v2\/posts\/235675\/revisions"}],"wp:featuredmedia":[{"embeddable":true,"href":"https:\/\/www.europesays.com\/fr\/wp-json\/wp\/v2\/media\/235676"}],"wp:attachment":[{"href":"https:\/\/www.europesays.com\/fr\/wp-json\/wp\/v2\/media?parent=235675"}],"wp:term":[{"taxonomy":"category","embeddable":true,"href":"https:\/\/www.europesays.com\/fr\/wp-json\/wp\/v2\/categories?post=235675"},{"taxonomy":"post_tag","embeddable":true,"href":"https:\/\/www.europesays.com\/fr\/wp-json\/wp\/v2\/tags?post=235675"}],"curies":[{"name":"wp","href":"https:\/\/api.w.org\/{rel}","templated":true}]}}