{"id":235677,"date":"2025-07-08T17:43:14","date_gmt":"2025-07-08T17:43:14","guid":{"rendered":"https:\/\/www.europesays.com\/fr\/235677\/"},"modified":"2025-07-08T17:43:14","modified_gmt":"2025-07-08T17:43:14","slug":"lille-un-nouveau-label-decerne-par-les-enfants-pour-les-enfants","status":"publish","type":"post","link":"https:\/\/www.europesays.com\/fr\/235677\/","title":{"rendered":"Lille. Un nouveau label d\u00e9cern\u00e9 par les enfants pour les enfants"},"content":{"rendered":"<p>            Par<br \/>\n        <strong><br \/>\n            <a href=\"https:\/\/actu.fr\/auteur\/bastien-grossin\" title=\"Consulter tous les articles de Bastien Grossin\" target=\"_blank\" rel=\"noopener\">Bastien Grossin<\/a><br \/>\n        <\/strong><\/p>\n<p>        Publi\u00e9 le<\/p>\n<p>            8 juil. 2025 \u00e0 18h34        <\/p>\n<p>On qualifie souvent <a href=\"https:\/\/actu.fr\/tag\/lille\" target=\"_blank\" rel=\"noopener\">Lille<\/a> (Nord), de ville \u00ab\u2009\u00e0 taille humaine\u2009\u00bb. Mais qu\u2019en est-il lorsqu\u2019on a 8 ans et qu\u2019on mesure moins de 1,50m\u2009? L\u2019espace public reste largement pens\u00e9 par et pour les adultes. C\u2019est justement pour \u00e7a qu\u2019est n\u00e9 le label <b>Le Paradis des enfants<\/b>, lanc\u00e9 dans un premier temps \u00e0 Fives, avec l\u2019objectif de s\u2019\u00e9tendre \u00e0 toute la ville d\u00e8s septembre. Encadr\u00e9 par l\u2019association <b>Les Potes en Ciel,<\/b> ce projet vise \u00e0 d\u00e9finir ce qui fait un bon accueil pour les plus jeunes. Pour autant, pas question de laisser les adultes d\u00e9cider \u00e0 leur place. Ce sont les enfants eux-m\u00eames qui fixent les crit\u00e8res, visitent les lieux, \u00e9valuent leur accessibilit\u00e9 et attribuent (ou non) le label. Les \u00e9tablissements labellis\u00e9s sont reconnaissables gr\u00e2ce \u00e0 un sticker bleu avec arc-en-ciel o\u00f9 l\u2019on peut lire\u2009: <b>Paradis des enfants<\/b>.<\/p>\n<p>Labelliser des lieux \u00ab\u00a0amis des enfants\u00a0\u00bb<\/p>\n<p data-end=\"712\" data-is-only-node=\"\" class=\" wall-content\">La gen\u00e8se du projet remonte \u00e0<b> l\u2019automne 2022<\/b>. Cl\u00e9ment Rivi\u00e8re, ma\u00eetre de conf\u00e9rences en sociologie \u00e0 l\u2019Universit\u00e9 de Lille, explique\u2009: \u00ab\u2009Nous avons r\u00e9uni quelques dizaines de personnes issues d\u2019horizons vari\u00e9s, notamment des milieux \u00e9ducatifs et associatifs, mais aussi des chercheurs, psychologues et urbanistes. Ces rencontres, organis\u00e9es une quinzaine de fois en trois ans, avaient un objectif clair\u2009: \u00e9laborer une charte \u00e0 hauteur d\u2019enfant\u2009\u00bb. Une fois la charte r\u00e9dig\u00e9e, apr\u00e8s consultation des enfants sur le temps p\u00e9riscolaire ou lors du conseil municipal des enfants, une liste de propositions a \u00e9t\u00e9 remise \u00e0 la mairie de Lille. Parmi ces propositions figure justement la labellisation de lieux \u00ab\u2009amis des enfants\u2009\u00bb.<\/p>\n<p data-end=\"712\" data-is-only-node=\"\" class=\" wall-content\">\n<p>    <img   decoding=\"async\" loading=\"lazy\" class=\"size-large\" src=\"https:\/\/www.europesays.com\/fr\/wp-content\/uploads\/2025\/07\/126411ee2d686a66411ee2d689a641v-960x640.jpg\" alt=\"Pr\u00e9sentation du label \" paradis=\"\" des=\"\" enfants=\"\" width=\"960\" height=\"640\"\/><br \/>\n    Pr\u00e9sentation du label \u00ab\u00a0Paradis des enfants\u00a0\u00bb \u00a9Bastien Grossin<\/p>\n<p class=\" wall-content\">L\u2019association Les Potes en Ciel qui encadre ce projet rappelle\u2009: \u00ab\u2009Nous d\u00e9fendons quelque chose de tr\u00e8s simple\u2009: <b>les enfants sont des personnes<\/b>. C\u2019est pour \u00e7a qu\u2019on g\u00e8re le caf\u00e9 des enfants, qui est avant tout leur lieu. Leur lieu de libert\u00e9, de d\u00e9cision et d\u2019action. On a aussi tr\u00e8s \u00e0 c\u0153ur de faire valoir leur place dans l\u2019espace public\u2009\u00bb. Ainsi, en travaillant en partenariat avec la ville, l\u2019association a travaill\u00e9 avec les enfants pour recueillir la parole \u00e0 travers des ateliers radio, des balades urbaines pour questionner la place des enfants dans l\u2019espace public.<\/p>\n<p>\u00c9cole primaire Lakanal puis Descartes<\/p>\n<p class=\" wall-content\">C\u2019est d\u2019abord \u00e0 l\u2019\u00e9cole primaire Lakanal que le projet \u00e9merge. \u00ab\u2009On est all\u00e9 dans plein de lieux du quartier de Fives et les enfants se sont pos\u00e9s pleins de questions. Est-ce qu\u2019on est bien accueillis\u2009? Est-ce qu\u2019on nous sourit\u2009? Est-ce qu\u2019on a le droit de marcher tout seul\u2009? \u00ab\u00a0etc\u2026 \u00ab\u00a0.\u00a0\u00a0<\/p>\n<p class=\" wall-content\">Ensuite, c\u2019est \u00e0 l\u2019\u00e9cole Descartes que le projet se concr\u00e9tise. Ilyana et Tala \u00e9taient toutes les deux \u00e9l\u00e8ves dans cette \u00e9cole au moment du projet et sont \u00e9l\u00e8ves en CE2 et CM1. Elles t\u00e9moignent\u2009: \u00ab\u2009On est all\u00e9es sur place, et on a observ\u00e9 si dans les lieux on nous disait bonjour. Si oui on cochait sur le formulaire. On leur a aussi demand\u00e9 si on pouvait utiliser les toilettes, si on pouvait boire ou si on pouvait jouer\u2009\u00bb. Une fois tous ces \u00e9l\u00e9ments recueillis, les enfants d\u00e9cident si un \u00e9tablissement peut \u00eatre labellis\u00e9 ou non. \u00c0 ce jour 18 \u00e9tablissements, lieux et commerces compris, sont labellis\u00e9s \u00ab\u2009Paradis des enfants\u2009\u00bb. Charlotte Brun, premi\u00e8re adjointe au maire, se r\u00e9jouit de ce projet soutenu par la ville de Lille\u2009: \u00ab\u2009C\u2019est le refus de la ville qui cloisonne des g\u00e9n\u00e9rations, qui consid\u00e9rerait que l\u2019espace public r\u00e9serv\u00e9 aux enfants serait uniquement des aires de jeu pens\u00e9es et cr\u00e9\u00e9es par des adultes. On prend les enfants pour des citoyens \u00e0 part enti\u00e8re.\u2009\u00bb<\/p>\n<p>Labellisation du Musical<\/p>\n<p class=\" wall-content\">\u00c0 quelques pas du Caf\u00e9 des Enfants, v\u00e9ritable quartier g\u00e9n\u00e9ral pour le projet, se trouve le Musical, un bar bien connu \u00e0 Fives. \u00c0 l\u2019occasion du lancement du label, l\u2019\u00e9tablissement re\u00e7oit officiellement le titre de \u00ab\u2009Paradis des enfants\u2009\u00bb. En effet, le propri\u00e9taire Macence Cabaye a pens\u00e9 ce lieu pour les adultes mais aussi pour les enfants. On y retrouve une armoire \u00e0 jeux, des consoles r\u00e9tro ou encore un \u00e9tabli, fait de jouets pour s\u2019amuser \u00e0 bricoler comme un adulte. \u00ab\u2009J\u2019ai fait neuf ans d\u2019animation donc \u00e7a me paraissait bien de faire \u00e7a. \u00c7a permet aussi d\u2019avoir une bonne ambiance\u2009\u00bb.<\/p>\n<p class=\" wall-content\">Ce projet a \u00e9t\u00e9 mis en place pour l\u2019instant dans le quartier de Fives. Pour Charlotte Brun, l\u2019objectif est de le g\u00e9n\u00e9raliser d\u00e8s le mois de septembre dans tous les quartiers de Lille.<\/p>\n<p class=\" wall-content\">Suivez toute l\u2019actualit\u00e9 de vos villes et m\u00e9dias favoris en vous inscrivant \u00e0 <a href=\"https:\/\/moncompte.actu.fr\" title=\"D\u00e9couvez Mon Actu\" rel=\"nofollow noopener\" data-trk=\"{&quot;cta&quot;:{&quot;action&quot;:&quot;https:\\\/\\\/moncompte.actu.fr&quot;,&quot;category&quot;:&quot;mon compte&quot;,&quot;from&quot;:&quot;article footer&quot;,&quot;name&quot;:&quot;Mon actu&quot;,&quot;type&quot;:&quot;cta&quot;}}\" target=\"_blank\">Mon Actu<\/a>.<\/p>\n","protected":false},"excerpt":{"rendered":"Par Bastien Grossin Publi\u00e9 le 8 juil. 2025 \u00e0 18h34 On qualifie souvent Lille (Nord), de ville \u00ab\u2009\u00e0&hellip;\n","protected":false},"author":2,"featured_media":235678,"comment_status":"","ping_status":"","sticky":false,"template":"","format":"standard","meta":{"footnotes":""},"categories":[2815],"tags":[1111,11,4019,1777,674,1011,27,811,1307,12,25,104],"class_list":{"0":"post-235677","1":"post","2":"type-post","3":"status-publish","4":"format-standard","5":"has-post-thumbnail","7":"category-lille","8":"tag-actu","9":"tag-actualites","10":"tag-ecoles","11":"tag-eu","12":"tag-europe","13":"tag-fr","14":"tag-france","15":"tag-hauts-de-france","16":"tag-lille","17":"tag-news","18":"tag-republique-francaise","19":"tag-societe"},"share_on_mastodon":{"url":"https:\/\/pubeurope.com\/@fr\/114818855979506224","error":""},"_links":{"self":[{"href":"https:\/\/www.europesays.com\/fr\/wp-json\/wp\/v2\/posts\/235677","targetHints":{"allow":["GET"]}}],"collection":[{"href":"https:\/\/www.europesays.com\/fr\/wp-json\/wp\/v2\/posts"}],"about":[{"href":"https:\/\/www.europesays.com\/fr\/wp-json\/wp\/v2\/types\/post"}],"author":[{"embeddable":true,"href":"https:\/\/www.europesays.com\/fr\/wp-json\/wp\/v2\/users\/2"}],"replies":[{"embeddable":true,"href":"https:\/\/www.europesays.com\/fr\/wp-json\/wp\/v2\/comments?post=235677"}],"version-history":[{"count":0,"href":"https:\/\/www.europesays.com\/fr\/wp-json\/wp\/v2\/posts\/235677\/revisions"}],"wp:featuredmedia":[{"embeddable":true,"href":"https:\/\/www.europesays.com\/fr\/wp-json\/wp\/v2\/media\/235678"}],"wp:attachment":[{"href":"https:\/\/www.europesays.com\/fr\/wp-json\/wp\/v2\/media?parent=235677"}],"wp:term":[{"taxonomy":"category","embeddable":true,"href":"https:\/\/www.europesays.com\/fr\/wp-json\/wp\/v2\/categories?post=235677"},{"taxonomy":"post_tag","embeddable":true,"href":"https:\/\/www.europesays.com\/fr\/wp-json\/wp\/v2\/tags?post=235677"}],"curies":[{"name":"wp","href":"https:\/\/api.w.org\/{rel}","templated":true}]}}