{"id":235681,"date":"2025-07-08T17:45:19","date_gmt":"2025-07-08T17:45:19","guid":{"rendered":"https:\/\/www.europesays.com\/fr\/235681\/"},"modified":"2025-07-08T17:45:19","modified_gmt":"2025-07-08T17:45:19","slug":"incendie-a-marseille-130-pompiers-des-alpes-maritimes-et-du-var-envoyes-en-renfort","status":"publish","type":"post","link":"https:\/\/www.europesays.com\/fr\/235681\/","title":{"rendered":"Incendie \u00e0 Marseille: 130 pompiers des Alpes-Maritimes et du Var envoy\u00e9s en renfort"},"content":{"rendered":"<p>L&rsquo;incendie qui ravage le secteur de Marseille a atteint, ce mardi 8 juillet, les \u00ab\u00a0franges\u00a0\u00bb de la ville, dans les quartiers du Nord de la ville. Parti en fin de matin\u00e9e des Pennes-Mirabeau, il a d&rsquo;ores et d\u00e9j\u00e0 parcouru <strong>750 hectares, selon le dernier point effectu\u00e9 par la pr\u00e9fecture.\u00a0<\/strong><\/p>\n<p>Fort heureusement, aucune victime n&rsquo;est \u00e0 d\u00e9plorer pour le moment mais plus de <strong>720 pompiers appuy\u00e9s par 230 engins sont actuellement \u00e0 l&rsquo;\u0153uvre<\/strong>.<\/p>\n<p>Pour pr\u00eater main forte aux pompiers des Bouches-du-Rh\u00f4ne et aux sapeurs-pompiers de Marseille, des soldats du feu des d\u00e9partements du Gard et du Vaucluse ont \u00e9t\u00e9 envoy\u00e9s en renfort.\u00a0<\/p>\n<p><strong>130 pompiers varois et azur\u00e9ens en renfort\u00a0<\/strong><\/p>\n<p>Dans l&rsquo;apr\u00e8s-midi, <strong>le SDIS du Var a annonc\u00e9 l&rsquo;envoi de 70 personnes<\/strong> pour \u00e9pauler leurs coll\u00e8gues marseillais et ce soir, <strong>le SDIS des Alpes-Maritimes annonce de son c\u00f4t\u00e9, l&rsquo;envoi de 60 sapeurs-pompiers et 20 engins.\u00a0<\/strong><\/p>\n<p>              <img ci-src=\"https:\/\/www.nicematin.com\/environnement\/WhatsApp+Image+2025-07-08+at+18-e6GacK1Q.jpeg?vh=01c729&amp;ci_seal=bfb8dd37b5\" alt=\"\"\/><br \/>\n         <strong>Photo: SDIS06 .<\/strong> <\/p>\n<p>En tout, ce sont donc 130 pompiers soit, deux colonnes de professionnels qui sont ainsi envoy\u00e9s dans les Bouches-du-Rh\u00f4ne.\u00a0<\/p>\n<p>Parmi les 700 pompiers engag\u00e9s depuis le d\u00e9but de la matin\u00e9e, l&rsquo;\u00e9tat-major fait \u00e9tat de neuf pompiers l\u00e9g\u00e8rement intoxiqu\u00e9s, et d&rsquo;un autre bless\u00e9 \u00e0 l&rsquo;\u00e9paule.<\/p>\n<p>On d\u00e9nombre \u00e9galement une \u00ab\u00a0dizaine d&rsquo;habitations atteintes\u00a0\u00bb, selon le pr\u00e9fet. <a href=\"https:\/\/www.nicematin.com\/faits-divers\/incendie-a-marseille-bruno-retailleau-se-rend-sur-place-mardi-soir-993501\" rel=\"nofollow noopener\" target=\"_blank\">Bruno Retailleau est attendu sur place, ce mardi soir.\u00a0<\/a><\/p>\n","protected":false},"excerpt":{"rendered":"L&rsquo;incendie qui ravage le secteur de Marseille a atteint, ce mardi 8 juillet, les \u00ab\u00a0franges\u00a0\u00bb de la ville,&hellip;\n","protected":false},"author":2,"featured_media":235682,"comment_status":"","ping_status":"","sticky":false,"template":"","format":"standard","meta":{"footnotes":""},"categories":[2814],"tags":[1111,11,436,1777,674,118,1011,27,884,12,882,25],"class_list":{"0":"post-235681","1":"post","2":"type-post","3":"status-publish","4":"format-standard","5":"has-post-thumbnail","7":"category-marseille","8":"tag-actu","9":"tag-actualites","10":"tag-environnement","11":"tag-eu","12":"tag-europe","13":"tag-faits-divers","14":"tag-fr","15":"tag-france","16":"tag-marseille","17":"tag-news","18":"tag-provence-alpes-cote-dazur","19":"tag-republique-francaise"},"share_on_mastodon":{"url":"https:\/\/pubeurope.com\/@fr\/114818863868489190","error":""},"_links":{"self":[{"href":"https:\/\/www.europesays.com\/fr\/wp-json\/wp\/v2\/posts\/235681","targetHints":{"allow":["GET"]}}],"collection":[{"href":"https:\/\/www.europesays.com\/fr\/wp-json\/wp\/v2\/posts"}],"about":[{"href":"https:\/\/www.europesays.com\/fr\/wp-json\/wp\/v2\/types\/post"}],"author":[{"embeddable":true,"href":"https:\/\/www.europesays.com\/fr\/wp-json\/wp\/v2\/users\/2"}],"replies":[{"embeddable":true,"href":"https:\/\/www.europesays.com\/fr\/wp-json\/wp\/v2\/comments?post=235681"}],"version-history":[{"count":0,"href":"https:\/\/www.europesays.com\/fr\/wp-json\/wp\/v2\/posts\/235681\/revisions"}],"wp:featuredmedia":[{"embeddable":true,"href":"https:\/\/www.europesays.com\/fr\/wp-json\/wp\/v2\/media\/235682"}],"wp:attachment":[{"href":"https:\/\/www.europesays.com\/fr\/wp-json\/wp\/v2\/media?parent=235681"}],"wp:term":[{"taxonomy":"category","embeddable":true,"href":"https:\/\/www.europesays.com\/fr\/wp-json\/wp\/v2\/categories?post=235681"},{"taxonomy":"post_tag","embeddable":true,"href":"https:\/\/www.europesays.com\/fr\/wp-json\/wp\/v2\/tags?post=235681"}],"curies":[{"name":"wp","href":"https:\/\/api.w.org\/{rel}","templated":true}]}}