{"id":235685,"date":"2025-07-08T17:47:12","date_gmt":"2025-07-08T17:47:12","guid":{"rendered":"https:\/\/www.europesays.com\/fr\/235685\/"},"modified":"2025-07-08T17:47:12","modified_gmt":"2025-07-08T17:47:12","slug":"lyon-8e-en-attendant-ses-nouveaux-courts-tennis-lyon-8e-se-rapproche-de-lyon-sport-metropole","status":"publish","type":"post","link":"https:\/\/www.europesays.com\/fr\/235685\/","title":{"rendered":"Lyon 8e. En attendant ses nouveaux courts, Tennis Lyon 8e se rapproche de Lyon Sport M\u00e9tropole"},"content":{"rendered":"<p>Jeudi 26\u00a0juin, peu apr\u00e8s 19\u00a0heures, Le Progr\u00e8s suit l\u2019actualit\u00e9 du Tennis Lyon 8e , ce \u00ab\u00a0petit club\u00a0\u00bb qui a brill\u00e9 les ann\u00e9es pr\u00e9c\u00e9dentes en invitant tant les professionnels du 8e (ou des alentours) que les jeunes ou les forces f\u00e9minines de Lyon \u00e0 s\u2019amuser. Ce soir, nous ne sommes pas dans le 8e , mais au Parc de Parilly\u00a0!<\/p>\n<p>Ce n\u2019est pas vraiment la \u00ab\u00a0maison\u00a0\u00bb du club, mais ce d\u00e9m\u00e9nagement temporaire repr\u00e9sente de tr\u00e8s bonnes nouvelles\u00a0: la structure historique du club \u00e0 Mermoz (9, rue Professeur-Joseph&#8230;<\/p>\n","protected":false},"excerpt":{"rendered":"Jeudi 26\u00a0juin, peu apr\u00e8s 19\u00a0heures, Le Progr\u00e8s suit l\u2019actualit\u00e9 du Tennis Lyon 8e , ce \u00ab\u00a0petit club\u00a0\u00bb qui&hellip;\n","protected":false},"author":2,"featured_media":235686,"comment_status":"","ping_status":"","sticky":false,"template":"","format":"standard","meta":{"footnotes":""},"categories":[1889],"tags":[1111,11,2430,2757,1777,674,1011,27,2428,9744,9743,12,25,517],"class_list":{"0":"post-235685","1":"post","2":"type-post","3":"status-publish","4":"format-standard","5":"has-post-thumbnail","7":"category-lyon","8":"tag-actu","9":"tag-actualites","10":"tag-auvergne-rhone-alpes","11":"tag-edition-lyon-villeurbanne","12":"tag-eu","13":"tag-europe","14":"tag-fr","15":"tag-france","16":"tag-lyon","17":"tag-lyon-8e","18":"tag-lyon-8e-arrondissement","19":"tag-news","20":"tag-republique-francaise","21":"tag-sport"},"share_on_mastodon":{"url":"https:\/\/pubeurope.com\/@fr\/114818871855887197","error":""},"_links":{"self":[{"href":"https:\/\/www.europesays.com\/fr\/wp-json\/wp\/v2\/posts\/235685","targetHints":{"allow":["GET"]}}],"collection":[{"href":"https:\/\/www.europesays.com\/fr\/wp-json\/wp\/v2\/posts"}],"about":[{"href":"https:\/\/www.europesays.com\/fr\/wp-json\/wp\/v2\/types\/post"}],"author":[{"embeddable":true,"href":"https:\/\/www.europesays.com\/fr\/wp-json\/wp\/v2\/users\/2"}],"replies":[{"embeddable":true,"href":"https:\/\/www.europesays.com\/fr\/wp-json\/wp\/v2\/comments?post=235685"}],"version-history":[{"count":0,"href":"https:\/\/www.europesays.com\/fr\/wp-json\/wp\/v2\/posts\/235685\/revisions"}],"wp:featuredmedia":[{"embeddable":true,"href":"https:\/\/www.europesays.com\/fr\/wp-json\/wp\/v2\/media\/235686"}],"wp:attachment":[{"href":"https:\/\/www.europesays.com\/fr\/wp-json\/wp\/v2\/media?parent=235685"}],"wp:term":[{"taxonomy":"category","embeddable":true,"href":"https:\/\/www.europesays.com\/fr\/wp-json\/wp\/v2\/categories?post=235685"},{"taxonomy":"post_tag","embeddable":true,"href":"https:\/\/www.europesays.com\/fr\/wp-json\/wp\/v2\/tags?post=235685"}],"curies":[{"name":"wp","href":"https:\/\/api.w.org\/{rel}","templated":true}]}}