{"id":235691,"date":"2025-07-08T17:50:09","date_gmt":"2025-07-08T17:50:09","guid":{"rendered":"https:\/\/www.europesays.com\/fr\/235691\/"},"modified":"2025-07-08T17:50:09","modified_gmt":"2025-07-08T17:50:09","slug":"autour-du-tribunal-de-paris-la-polemique-enfle-entre-riverains-et-convois-de-prisonniers","status":"publish","type":"post","link":"https:\/\/www.europesays.com\/fr\/235691\/","title":{"rendered":"autour du tribunal de Paris, la pol\u00e9mique enfle entre riverains et convois de prisonniers"},"content":{"rendered":"<p>            Par<br \/>\n        <strong><br \/>\n            <a href=\"https:\/\/actu.fr\/auteur\/antoine-blanchet\" title=\"Consulter tous les articles de Antoine Blanchet\" target=\"_blank\" rel=\"noopener\">Antoine Blanchet<\/a><br \/>\n        <\/strong><\/p>\n<p>        Publi\u00e9 le<\/p>\n<p>            8 juil. 2025 \u00e0 19h32        <\/p>\n<p>Les sir\u00e8nes aux abords du TJ, chantent encore la m\u00eame m\u00e9lodie. Ces derniers jours, un conflit indirect se joue autour du tribunal de Paris, dans le 17\u1d49 arrondissement. D\u2019un c\u00f4t\u00e9, des riverains exc\u00e9d\u00e9s. De l\u2019autre, des professionnels de la justice scandalis\u00e9s. La cause\u2009: les nuisances sonores <a href=\"https:\/\/actu.fr\/ile-de-france\/paris_75056\/tribunal-de-paris-la-mairie-en-lutte-contre-les-nuisances-sonores-des-convois-penitentiaires_62868719.html\" target=\"_blank\" rel=\"noopener\">que g\u00e9n\u00e9reraient les convois p\u00e9nitentiaires<\/a>. Vendredi 4\u00a0juillet 2025, le ministre de la Justice <a href=\"https:\/\/actu.fr\/tag\/gerald-darmanin\" target=\"_blank\" rel=\"noopener\">G\u00e9rald Darmanin<\/a> s\u2019est engag\u00e9 aupr\u00e8s de la municipalit\u00e9 <strong>\u00e0 privil\u00e9gier la visioconf\u00e9rence<\/strong>. Une annonce qui fait bondir. De joie et de col\u00e8re.<\/p>\n<p>\u00ab\u2009Mon corps restait en alerte\u2009\u00bb<\/p>\n<p class=\" wall-content\">Pour les riverains de la porte de Clichy, le chant des sir\u00e8nes n\u2019a rien d\u2019envo\u00fbtant. De 2018 \u00e0 2024, Amina a v\u00e9cu dans la rue Rostropovitch,<strong> \u00e0 quelques p\u00e2t\u00e9s de maison <\/strong><a href=\"https:\/\/actu.fr\/tag\/tribunal-de-paris\" target=\"_blank\" rel=\"noopener\">de l\u2019usine \u00e0 proc\u00e8s de 38 \u00e9tages<\/a>, inaugur\u00e9e en 2019. \u00ab\u2009Pendant toutes ces ann\u00e9es, j\u2019ai \u00e9t\u00e9 confront\u00e9e \u00e0 un bruit de fond constant\u2009: les sir\u00e8nes. Jour et nuit. M\u00eame \u00e0 une heure du matin. C\u2019\u00e9tait devenu une sorte de normalit\u00e9, un bruit auquel je pensais m\u2019\u00eatre habitu\u00e9e\u2009\u00bb, relate l\u2019ex-riveraine. Cette derni\u00e8re parle m\u00eame de cons\u00e9quences sur sa sant\u00e9\u2009: \u00ab\u2009Je dormais, oui. Mais je ne me reposais pas. Mon corps restait en alerte\u2009\u00bb.<\/p>\n<p class=\" wall-content\">Le voisinage un peu plus lointain est tout aussi concern\u00e9 par le bruit. Comme Alix, qui vit <strong>porte d\u2019Asni\u00e8res<\/strong>\u2009: \u00ab\u2009C\u2019est infernal. Les embouteillages, le bruit des sir\u00e8nes, des ambulances, des convois, des voitures de police, nous n\u2019avons pas de moments de r\u00e9pit. Impossible d\u2019\u00e9couter de la musique, la t\u00e9l\u00e9, de se concentrer sur un travail\u2009\u00bb. M\u00eame chose de l\u2019autre c\u00f4t\u00e9 du p\u00e9riph\u00e9rique. \u00ab\u2009Les convois p\u00e9nitentiaires sont super dangereux outre les sir\u00e8nes. Ils conduisent dangereusement et \u00e7a g\u00e9n\u00e8re des bouchons \u00e9normes\u2009\u00bb, fustige B\u00e9atrice, qui vit de l\u2019autre c\u00f4t\u00e9 du p\u00e9riph\u00e9rique \u00e0 <a href=\"https:\/\/actu.fr\/ile-de-france\/clichy_92024\" target=\"_blank\" rel=\"noopener\">Clichy<\/a> (<a href=\"https:\/\/actu.fr\/ile-de-france\/hauts-de-seine_92\" target=\"_blank\" rel=\"noopener\">Hauts-de-Seine<\/a>).<\/p>\n<p>De r\u00e9els dommages sur la sant\u00e9<\/p>\n<p class=\" wall-content\">En dehors de l\u2019agacement, ces sir\u00e8nes peuvent causer de r\u00e9els probl\u00e8mes sur la sant\u00e9, affirme le maire de l\u2019arrondissement Geoffroy Boulard\u2009: \u00ab\u2009Le rapport Bruitparif est clair sur les cons\u00e9quences graves sur la sant\u00e9 publique. Ils peuvent g\u00e9n\u00e9rer du stress, des troubles du sommeil ou encore des troubles cardiovasculaires. Pr\u00e8s du tribunal, il y a 90 sir\u00e8nes par jour, dont 72\u2009% sont li\u00e9es aux convois p\u00e9nitentiaires\u2009\u00bb. Selon l\u2019\u00e9dile, le renforcement des escortes <a href=\"https:\/\/actu.fr\/normandie\/caen_14118\/attaque-du-fourgon-penitentiaire-qui-sont-les-cinq-victimes-originaires-de-caen_61068310.html\" target=\"_blank\" rel=\"noopener\">apr\u00e8s l\u2019attaque au p\u00e9age d\u2019Incarville<\/a> en mai\u00a02024 aurait augment\u00e9 les nuisances.<\/p>\n<p>Une atteinte aux droits fondamentaux<\/p>\n<p class=\" wall-content\">Face \u00e0 ces plaintes, le maire a sollicit\u00e9 le ministre de la Justice G\u00e9rald Darmanin. L\u2019objectif de la demande\u2009: privil\u00e9gier les entretiens \u00e0 distance entre juges et d\u00e9tenus. \u00ab\u00a0Quand elle est possible, la visioconf\u00e9rence doit devenir la norme. C\u2019est un gain de tranquillit\u00e9 pour les habitants, sans perte d\u2019efficacit\u00e9 pour la justice\u2009\u00bb, a indiqu\u00e9 l\u2019\u00e9dile dans un communiqu\u00e9. Si le ministre s\u2019est engag\u00e9 \u00e0 \u00ab\u00a0rappeler aux procureurs et aux pr\u00e9sidents de tribunaux l\u2019importance de la visioconf\u00e9rence\u00a0\u00bb, aucune mesure concr\u00e8te ne semble avoir \u00e9t\u00e9 mise en place pour le moment.<\/p>\n<p class=\" wall-content\">Apr\u00e8s la publication de ce communiqu\u00e9, on a ri jaune\u00a0chez les toges noires. \u00ab\u2009Nous souhaitons une bonne nuit aux habitants du 17\u1d49 arrondissement, rappelant que la mise en sourdine d\u2019un droit constitutionnellement consacr\u00e9 devrait \u00eatre le cauchemar de tout citoyen..\u00bb, a r\u00e9agi sur X <strong>l\u2019Association des avocats p\u00e9nalistes<\/strong> (ADAP). D\u2019autres membres du barreau parisien ont aussi fustig\u00e9 cette d\u00e9cision. \u00ab\u2009L\u2019exercice des droits fondamentaux n\u2019est pas l\u00e0 pour faciliter la vie des habitants du 17\u1d49 arrondissement. Il n\u2019est pas l\u00e0 pour \u00eatre confortable\u2009\u00bb, a d\u00e9nonc\u00e9 Me Daniel L\u00e9vy sur les r\u00e9seaux sociaux.<\/p>\n<p>\u00ab\u2009Une d\u00e9shumanisation de la Justice\u2009\u00bb<\/p>\n<p class=\" wall-content\">L\u2019id\u00e9e de ranger les gyrophares et d\u00e9gainer les webcams n\u2019est pas nouvelle dans le milieu judiciaire. La question s\u2019\u00e9tait d\u00e9j\u00e0 pos\u00e9e <a href=\"https:\/\/actu.fr\/tag\/coronavirus-covid\" target=\"_blank\" rel=\"noopener\">au moment du covid<\/a>, et plus r\u00e9cemment apr\u00e8s l\u2019attaque d\u2019Incarville. Pourtant, cette pratique est vigoureusement d\u00e9nonc\u00e9e par les professionnels. \u00ab\u2009\u00c7a pose de vrais probl\u00e8mes et entra\u00eene une d\u00e9shumanisation de la Justice\u2009\u00bb, d\u00e9nonce <strong>Jean-Claude Mas, directeur de l\u2019Observatoire international des prisons (OIP).<\/strong><\/p>\n<p class=\" wall-content\">Pour ce dernier, l\u2019utilisation de la visioconf\u00e9rence lors des diff\u00e9rentes \u00e9tapes de la proc\u00e9dure p\u00e9nale<strong> porte atteinte aux droits fondamentaux de la d\u00e9fense<\/strong>\u2009: \u00ab\u2009Il y a un probl\u00e8me important pour la localisation de l\u2019avocat. De quel c\u00f4t\u00e9 de l\u2019\u00e9cran doit-il \u00eatre\u2009? Avec le d\u00e9tenu ou avec le juge\u2009? L\u2019autre enjeu, c\u2019est l\u2019\u00e9coute. Il peut \u00eatre difficile pour un d\u00e9tenu de suivre l\u2019audience depuis la prison. Plusieurs nous ont dit avoir eu l\u2019impression d\u2019\u00eatre simples spectateurs\u2009\u00bb. La sir\u00e8ne d\u2019alarme tir\u00e9e par les professionnels du droit sera-t-elle entendue des riverains ?\u00a0<\/p>\n<p class=\" wall-content\">Suivez toute l\u2019actualit\u00e9 de vos villes et m\u00e9dias favoris en vous inscrivant \u00e0 <a href=\"https:\/\/moncompte.actu.fr\" title=\"D\u00e9couvez Mon Actu\" rel=\"nofollow noopener\" data-trk=\"{&quot;cta&quot;:{&quot;action&quot;:&quot;https:\\\/\\\/moncompte.actu.fr&quot;,&quot;category&quot;:&quot;mon compte&quot;,&quot;from&quot;:&quot;article footer&quot;,&quot;name&quot;:&quot;Mon actu&quot;,&quot;type&quot;:&quot;cta&quot;}}\" target=\"_blank\">Mon Actu<\/a>.<\/p>\n<ul class=\"ac-article-tag wall-content\">\n<li><a href=\"https:\/\/actu.fr\/tag\/justice\" data-trk=\"{&quot;cta&quot;:{&quot;action&quot;:&quot;Justice&quot;,&quot;category&quot;:&quot;tag&quot;,&quot;from&quot;:&quot;article footer&quot;,&quot;name&quot;:&quot;Justice&quot;,&quot;type&quot;:&quot;cta&quot;}}\" target=\"_blank\" rel=\"noopener\">#Justice<\/a><\/li>\n<li><a href=\"https:\/\/actu.fr\/tag\/tribunal-de-paris\" data-trk=\"{&quot;cta&quot;:{&quot;action&quot;:&quot;tribunal de Paris&quot;,&quot;category&quot;:&quot;tag&quot;,&quot;from&quot;:&quot;article footer&quot;,&quot;name&quot;:&quot;tribunal de Paris&quot;,&quot;type&quot;:&quot;cta&quot;}}\" target=\"_blank\" rel=\"noopener\">#tribunal de Paris<\/a><\/li>\n<\/ul>\n","protected":false},"excerpt":{"rendered":"Par Antoine Blanchet Publi\u00e9 le 8 juil. 2025 \u00e0 19h32 Les sir\u00e8nes aux abords du TJ, chantent encore&hellip;\n","protected":false},"author":2,"featured_media":235692,"comment_status":"","ping_status":"","sticky":false,"template":"","format":"standard","meta":{"footnotes":""},"categories":[1888],"tags":[1111,1928,11,1927,1777,674,118,1011,27,303,12,1926,626,1925,25,4595],"class_list":{"0":"post-235691","1":"post","2":"type-post","3":"status-publish","4":"format-standard","5":"has-post-thumbnail","7":"category-paris","8":"tag-actu","9":"tag-actu-paris","10":"tag-actualites","11":"tag-actualites-paris","12":"tag-eu","13":"tag-europe","14":"tag-faits-divers","15":"tag-fr","16":"tag-france","17":"tag-justice","18":"tag-news","19":"tag-news-paris","20":"tag-paris","21":"tag-paris-news","22":"tag-republique-francaise","23":"tag-tribunal-de-paris"},"share_on_mastodon":{"url":"https:\/\/pubeurope.com\/@fr\/114818883575971556","error":""},"_links":{"self":[{"href":"https:\/\/www.europesays.com\/fr\/wp-json\/wp\/v2\/posts\/235691","targetHints":{"allow":["GET"]}}],"collection":[{"href":"https:\/\/www.europesays.com\/fr\/wp-json\/wp\/v2\/posts"}],"about":[{"href":"https:\/\/www.europesays.com\/fr\/wp-json\/wp\/v2\/types\/post"}],"author":[{"embeddable":true,"href":"https:\/\/www.europesays.com\/fr\/wp-json\/wp\/v2\/users\/2"}],"replies":[{"embeddable":true,"href":"https:\/\/www.europesays.com\/fr\/wp-json\/wp\/v2\/comments?post=235691"}],"version-history":[{"count":0,"href":"https:\/\/www.europesays.com\/fr\/wp-json\/wp\/v2\/posts\/235691\/revisions"}],"wp:featuredmedia":[{"embeddable":true,"href":"https:\/\/www.europesays.com\/fr\/wp-json\/wp\/v2\/media\/235692"}],"wp:attachment":[{"href":"https:\/\/www.europesays.com\/fr\/wp-json\/wp\/v2\/media?parent=235691"}],"wp:term":[{"taxonomy":"category","embeddable":true,"href":"https:\/\/www.europesays.com\/fr\/wp-json\/wp\/v2\/categories?post=235691"},{"taxonomy":"post_tag","embeddable":true,"href":"https:\/\/www.europesays.com\/fr\/wp-json\/wp\/v2\/tags?post=235691"}],"curies":[{"name":"wp","href":"https:\/\/api.w.org\/{rel}","templated":true}]}}