{"id":235706,"date":"2025-07-08T17:58:21","date_gmt":"2025-07-08T17:58:21","guid":{"rendered":"https:\/\/www.europesays.com\/fr\/235706\/"},"modified":"2025-07-08T17:58:21","modified_gmt":"2025-07-08T17:58:21","slug":"lallemagne-doit-delivrer-les-visas-aux-requerants-un-tribunal-de-berlin-ordonne-au-gouvernement-de-regulariser-une-famille-afghane-en-danger","status":"publish","type":"post","link":"https:\/\/www.europesays.com\/fr\/235706\/","title":{"rendered":"\u00ab\u00a0L\u2019Allemagne doit d\u00e9livrer les visas aux requ\u00e9rants\u00a0\u00bb\u00a0: un tribunal de Berlin ordonne au gouvernement de r\u00e9gulariser une famille afghane en danger"},"content":{"rendered":"<p>\u00c0 la mani\u00e8re dont les juges f\u00e9d\u00e9raux se sont impos\u00e9s en rempart \u00e0 la <a href=\"https:\/\/www.humanite.fr\/monde\/administration-trump\/la-justice-accorde-un-sursis-aux-immigres-latino-americains-vises-par-trump\" rel=\"nofollow noopener\" target=\"_blank\">r\u00e9pression de l\u2019immigration par l\u2019administration Trump<\/a>, la justice allemande vient de rappeler ses devoirs au gouvernement men\u00e9 par Friedrich Merz. Le tribunal administratif de Berlin a ordonn\u00e9, mardi 8\u00a0juillet, au Chancelier allemand de d\u00e9livrer les visas promis \u00e0 une famille afghane menac\u00e9e dans son pays.<\/p>\n<p>\u00ab\u00a0L\u2019Allemagne doit d\u00e9livrer les visas aux requ\u00e9rants\u00a0\u00bb apr\u00e8s s\u2019\u00eatre \u00ab\u00a0juridiquement engag\u00e9e\u00a0\u00bb, a ainsi estim\u00e9 le tribunal. Environ 2\u00a0500 Afghans, actuellement au Pakistan, figurent encore sur les listes de ces programmes d\u2019accueil, destin\u00e9s aux anciens collaborateurs afghans de l\u2019arm\u00e9e et d\u2019autres institutions allemandes, mais aussi de militants des droits de l\u2019homme ou de journalistes. Le chef de file de l\u2019Union chr\u00e9tienne-d\u00e9mocrate (CDU) allemande avait cependant, suite \u00e0 son arriv\u00e9e au pouvoir le 6\u00a0mai dernier, <a href=\"https:\/\/www.humanite.fr\/monde\/allemagne\/pas-encore-elu-par-le-bundestag-friedrich-merz-annonce-mesures-anti-immigration-deregulations-et-course-a-larmement\" rel=\"nofollow noopener\" target=\"_blank\">gel\u00e9 le programme d\u2019accueil de ces r\u00e9fugi\u00e9s<\/a>.<\/p>\n<p>L\u2019\u00e9mergence de la ligne politique supr\u00e9maciste de l\u2019AfD<\/p>\n<p><a href=\"https:\/\/www.humanite.fr\/monde\/allemagne\/une-premiere-dans-lhistoire-de-la-republique-federale-allemande-friedrich-merz-battu-au-bundestag-rate-son-entree-en-scene\" rel=\"nofollow noopener\" target=\"_blank\">Le chancelier nouvellement \u00e9lu<\/a> souhaitait alors s\u2019inscrire dans un contexte de durcissement de la politique migratoire, aliment\u00e9 par l\u2019\u00e9mergence de la ligne politique supr\u00e9maciste de l\u2019Alternative pour l\u2019Allemagne (AfD). <a href=\"https:\/\/www.humanite.fr\/monde\/allemagne\/sur-x-avec-la-cheffe-de-lextreme-droite-allemande-elon-musk-reecrit-lhistoire-du-nazisme\" rel=\"nofollow noopener\" target=\"_blank\">Ouvertement soutenue par la figure de proue du technofascisme Elon Musk<\/a>, reconnue <a href=\"https:\/\/www.humanite.fr\/monde\/afd\/la-nouvelle-monstruosite-de-lextreme-droite-allemande-lafd-envoie-des-billets-dexpulsion-aux-habitants-dorigine-etrangere\" rel=\"nofollow noopener\" target=\"_blank\">comme \u00e9tant un parti d\u2019extr\u00eame droite<\/a> \u00ab\u00a0dans son ensemble\u00a0\u00bb, qui met donc en cause \u00ab\u00a0l\u2019ordre lib\u00e9ral et d\u00e9mocratique\u00a0\u00bb et la dignit\u00e9 de certains groupes, par l\u2019Office f\u00e9d\u00e9ral de protection de la Constitution, l\u2019AfD multiplie les succ\u00e8s \u00e9lectoraux.<\/p>\n<p>Pr\u00eat \u00e0 tout pour rafler la chancellerie lors des \u00e9lections anticip\u00e9es du 23\u00a0f\u00e9vrier dernier, Friedrich Merz avait d\u00e9j\u00e0 <a href=\"https:\/\/www.humanite.fr\/monde\/allemagne\/2646036-2\" rel=\"nofollow noopener\" target=\"_blank\">initi\u00e9 un s\u00e9isme politique<\/a> en d\u00e9but d\u2019ann\u00e9e. Il n\u2019avait alors pas h\u00e9sit\u00e9, mercredi 29\u00a0janvier, \u00e0 s\u2019appuyer sur le soutien de l\u2019AfD pour qu\u2019une motion qui met au m\u00eame niveau \u00ab\u00a0un besoin de r\u00e9duction et de contr\u00f4le de l\u2019immigration\u00a0\u00bb avec la n\u00e9cessit\u00e9 de \u00ab\u00a0renforcer la s\u00e9curit\u00e9 int\u00e9rieure et aux fronti\u00e8res allemandes\u00a0\u00bb soit adopt\u00e9e.<\/p>\n<p>Un choix qui a sign\u00e9 la fin d\u2019un cordon sanitaire en vigueur depuis plusieurs d\u00e9cennies. Friedrich Merz justifiait son choix par l\u2019\u00e9motion soulev\u00e9e en Allemagne par le double meurtre commis par un jeune r\u00e9fugi\u00e9 afghan, en \u00e9tat de d\u00e9mence av\u00e9r\u00e9e, contre un enfant de 2\u00a0ans et un adulte qui tentait de s\u2019interposer. Les pontes de l\u2019extr\u00eame droite rassembl\u00e9es <a href=\"https:\/\/www.humanite.fr\/monde\/allemagne\/adolf-hitler-etait-communiste-elon-musk-et-alice-weidel-prets-a-tout-pour-que-lextreme-droite-allemande-arrive-au-pouvoir\" rel=\"nofollow noopener\" target=\"_blank\">autour de la cheffe de file de l\u2019AfD, Alice Weidel<\/a>, ont quant \u00e0 elles c\u00e9l\u00e9br\u00e9 l\u2019\u00e9v\u00e9nement en direct des tribunes du Bundestag, estimant \u00eatre \u00e0 l\u2019impulsion d\u2019une \u00ab\u00a0victoire historique\u00a0\u00bb. La justice allemande vient d\u2019y mettre un premier coup d\u2019arr\u00eat\u2026 en attendant qu\u2019une nouvelle offensive raciste n\u2019apparaisse.<\/p>\n<p>Face \u00e0 l\u2019extr\u00eame droite, ne rien l\u00e2cher\u00a0!<\/p>\n<p>C\u2019est pied \u00e0 pied, argument contre argument qu\u2019il faut combattre l\u2019extr\u00eame droite. Et c\u2019est ce que nous faisons chaque jour dans l\u2019Humanit\u00e9.<\/p>\n<p>Face aux attaques incessantes des racistes et des porteurs de haine\u00a0: soutenez-nous\u00a0! Ensemble, faisons entendre une autre voix dans ce d\u00e9bat public toujours plus naus\u00e9abond.<br \/><a href=\"https:\/\/www.humanite.fr\/lhumanite-cest-vous\" rel=\"nofollow noopener\" target=\"_blank\">Je veux en savoir plus.<\/a><\/p>\n","protected":false},"excerpt":{"rendered":"\u00c0 la mani\u00e8re dont les juges f\u00e9d\u00e9raux se sont impos\u00e9s en rempart \u00e0 la r\u00e9pression de l\u2019immigration par&hellip;\n","protected":false},"author":2,"featured_media":235707,"comment_status":"","ping_status":"","sticky":false,"template":"","format":"standard","meta":{"footnotes":""},"categories":[1587],"tags":[11,37440,672,1804,1805,1803,1777,674,4710,1801,12,10162,1802,37441],"class_list":{"0":"post-235706","1":"post","2":"type-post","3":"status-publish","4":"format-standard","5":"has-post-thumbnail","7":"category-allemagne","8":"tag-actualites","9":"tag-afd-alternative-fu00fcr-deutschland","10":"tag-allemagne","11":"tag-bundesrepublik-deutschland","12":"tag-de","13":"tag-deutschland","14":"tag-eu","15":"tag-europe","16":"tag-friedrich-merz","17":"tag-germany","18":"tag-news","19":"tag-racisme","20":"tag-republique-federale-dallemagne","21":"tag-ru00e9fugiu00e9s-afghans"},"share_on_mastodon":{"url":"https:\/\/pubeurope.com\/@fr\/114818915099351610","error":""},"_links":{"self":[{"href":"https:\/\/www.europesays.com\/fr\/wp-json\/wp\/v2\/posts\/235706","targetHints":{"allow":["GET"]}}],"collection":[{"href":"https:\/\/www.europesays.com\/fr\/wp-json\/wp\/v2\/posts"}],"about":[{"href":"https:\/\/www.europesays.com\/fr\/wp-json\/wp\/v2\/types\/post"}],"author":[{"embeddable":true,"href":"https:\/\/www.europesays.com\/fr\/wp-json\/wp\/v2\/users\/2"}],"replies":[{"embeddable":true,"href":"https:\/\/www.europesays.com\/fr\/wp-json\/wp\/v2\/comments?post=235706"}],"version-history":[{"count":0,"href":"https:\/\/www.europesays.com\/fr\/wp-json\/wp\/v2\/posts\/235706\/revisions"}],"wp:featuredmedia":[{"embeddable":true,"href":"https:\/\/www.europesays.com\/fr\/wp-json\/wp\/v2\/media\/235707"}],"wp:attachment":[{"href":"https:\/\/www.europesays.com\/fr\/wp-json\/wp\/v2\/media?parent=235706"}],"wp:term":[{"taxonomy":"category","embeddable":true,"href":"https:\/\/www.europesays.com\/fr\/wp-json\/wp\/v2\/categories?post=235706"},{"taxonomy":"post_tag","embeddable":true,"href":"https:\/\/www.europesays.com\/fr\/wp-json\/wp\/v2\/tags?post=235706"}],"curies":[{"name":"wp","href":"https:\/\/api.w.org\/{rel}","templated":true}]}}