{"id":235710,"date":"2025-07-08T18:00:11","date_gmt":"2025-07-08T18:00:11","guid":{"rendered":"https:\/\/www.europesays.com\/fr\/235710\/"},"modified":"2025-07-08T18:00:11","modified_gmt":"2025-07-08T18:00:11","slug":"pourquoi-la-france-est-le-plus-mauvais-eleve-de-lue-pour-les-investissements","status":"publish","type":"post","link":"https:\/\/www.europesays.com\/fr\/235710\/","title":{"rendered":"pourquoi la France est le plus mauvais \u00e9l\u00e8ve de l&rsquo;UE pour les\u00a0investissements"},"content":{"rendered":"<p>Apr\u00e8s le Haut conseil pour le climat la semaine derni\u00e8re, c&rsquo;est maintenant au tour de la Commission europ\u00e9enne de se montrer s\u00e9v\u00e8re vis-\u00e0-vis de la politique environnementale de la France. Lundi, Bruxelles a en effet sorti la calculette\u00a0en publiant <a href=\"https:\/\/environment.ec.europa.eu\/law-and-governance\/environmental-implementation-review_en?prefLang=fr#country-reports\" rel=\"nofollow noopener\" target=\"_blank\">son \u00e9valuation<\/a>, pays membres par pays membres, de l&rsquo;investissement fl\u00e9ch\u00e9 \u00e0 l&rsquo;atteinte des objectifs \u00e9cologiques de\u00a0l&rsquo;Union europ\u00e9enne (UE).<\/p>\n<p>La l\u00e9gislation europ\u00e9enne en mati\u00e8re environnementale doit en effet \u00eatre retranscrite dans les lois nationales d&rsquo;une part, mais aussi se mat\u00e9rialiser dans un certain niveau de deniers publics fl\u00e9ch\u00e9s \u00e0 la qualit\u00e9 de l&rsquo;air, de l&rsquo;eau, la biodiversit\u00e9, la gestion des d\u00e9chets,\u00a0etc.<\/p>\n<p>La France mauvaise \u00e9coli\u00e8re<\/p>\n<p>Malgr\u00e9 ses efforts, le <a href=\"https:\/\/circabc.europa.eu\/ui\/group\/88a1cb05-9f25-4ef7-9f77-53cfbb27a009\/library\/0ae4b3e3-4a2b-4b1c-9e30-3302402383ed?p=4&amp;n=10&amp;sort=modified_DESC\" rel=\"nofollow noopener\" target=\"_blank\">score de la France<\/a> est, selon Bruxelles insuffisant et fait d&rsquo;elle le plus mauvais \u00e9l\u00e8ve de l&rsquo;UE en la mati\u00e8re. Sur les 63,8\u00a0milliards d&rsquo;euros que le pays est cens\u00e9 investir pour la p\u00e9riode 2021-2027, seuls 42,7\u00a0milliards d&rsquo;euros ont \u00e9t\u00e9 financ\u00e9s. Le\u00a0d\u00e9ficit est donc de 21,1\u00a0milliards d&rsquo;euros, l&rsquo;\u00e9quivalent de 0,8\u00a0% du PIB fran\u00e7ais. Une\u00a0situation qui commande\u00a0donc d&rsquo;augmenter l&rsquo;enveloppe de 50\u00a0% d&rsquo;ici \u00e0 deux\u00a0ans.<\/p>\n<p>Lorsque l&rsquo;on fait un comparatif avec d&rsquo;autres pays proches au niveau \u00e9conomique et g\u00e9ographique, on constate que l&rsquo;Allemagne n&rsquo;est pas loin, avec un creux de 20\u00a0milliards, tandis qu&rsquo;il manque \u00e0 l&rsquo;Espagne 10,75\u00a0milliards. L&rsquo;Italie accuse de son c\u00f4t\u00e9 un d\u00e9ficit de 8,29\u00a0milliards d&rsquo;euros. Le\u00a0Portugal est plut\u00f4t bon \u00e9l\u00e8ve, avec seulement 1,6\u00a0milliard d&rsquo;euros \u00e0 d\u00e9bloquer pour atteindre ses\u00a0objectifs environnementaux.<\/p>\n<p>Un retard important sur la pollution de l&rsquo;air<\/p>\n<p>Quel est le poste de d\u00e9pense environnementale sur lequel Paris doit le plus monter en cadence, selon l&rsquo;ex\u00e9cutif europ\u00e9en\u00a0? Avec 8\u00a0milliards d&rsquo;euros de besoins suppl\u00e9mentaires, la pr\u00e9vention et la r\u00e9duction de la pollution de l&rsquo;air sont les chantiers prioritaires si la France veut \u00eatre en accord avec la l\u00e9gislation verte europ\u00e9enne.<\/p>\n<p>Une recommandation \u00e0 mettre en \u00e9cho avec la suppression r\u00e9cente par les d\u00e9put\u00e9s des zones \u00e0 faible \u00e9mission\u00a0(ZFE), cens\u00e9es \u00eatre un nouvel outil pour amputer les \u00e9missions polluantes des transports, premier secteur \u00e9metteur du pays. Bon point tout de m\u00eame pour Paris, sur la pr\u00e9vention des accidents industriels, qui, selon le bras ex\u00e9cutif de l&rsquo;UE, \u00ab\u00a0s&rsquo;am\u00e9liorent\u00a0\u00bb.<\/p>\n<p>La protection de la biodiversit\u00e9 \u00e0 la peine<\/p>\n<p>\u00ab\u00a0Malgr\u00e9 l&rsquo;ambitieuse strat\u00e9gie nationale pour la biodiversit\u00e9 \u00e0 l&rsquo;horizon 2030\u00a0\u00bb, conc\u00e8de la Commission, les deniers fl\u00e9ch\u00e9s \u00e0 la protection de la biodiversit\u00e9 demeurent \u00e9galement insuffisants. Pour \u00eatre au niveau, le montant doit \u00eatre gonfl\u00e9 de 5,9\u00a0milliards d&rsquo;euros par an. En\u00a0cause, pointe le rapport, une trop forte \u00ab\u00a0artificialisation des terres\u00a0\u00bb et\u00a0\u00ab\u00a0des pratiques agricoles intensives\u00a0\u00bb, qui exercent \u00ab\u00a0une pression sur les \u00e9cosyst\u00e8mes\u00a0\u00bb. Li\u00e9e \u00e0 ce mod\u00e8le agricole, la pollution aux pesticides est aussi montr\u00e9e du doigt par l&rsquo;\u00e9valuation de Bruxelles, de m\u00eame que la \u00ab\u00a0pollution aux nitrates de l&rsquo;eau potable\u00a0\u00bb\u00a0tricolore.<\/p>\n<p>Dans le r\u00e9sum\u00e9 ex\u00e9cutif du rapport, la Commission n&rsquo;h\u00e9site d&rsquo;ailleurs pas \u00e0 rappeler qu&rsquo;elle va saisir la Cours de justice de l&rsquo;UE\u00a0(CJUE) pour un recours \u00e0 ce\u00a0sujet. Les\u00a0\u00e9valuateurs de la Direction g\u00e9n\u00e9rale europ\u00e9enne de l&rsquo;environnement, auteurs de ce travail, rappellent aussi qu&rsquo;ils analyseront \u00e0 partir de 2026 le taux de polluants dits \u00ab\u00a0\u00e9ternels\u00a0\u00bb, les fameux per- et polyfluoroalkyl\u00e9es (PFAS), dans l&rsquo;eau potable de l&rsquo;Hexagone.<\/p>\n<p>Peut mieux faire pour la gestion des\u00a0d\u00e9chets<\/p>\n<p>Enfin, la Commission estime que pour atteindre ses objectifs en mati\u00e8re d&rsquo;\u00e9conomie circulaire, dont une grande partie d\u00e9pend d&rsquo;une gestion des d\u00e9chets performante, la France doit investir 4,6\u00a0milliards d&rsquo;euros suppl\u00e9mentaires par an, soit 0,17\u00a0% de son PIB. Pour rappel, le pays a adopt\u00e9 en 2020 la loi \u00ab\u00a0antigaspillage\u00a0\u00bb\u00a0(Agec), pionni\u00e8re en Europe.<\/p>\n<p>Mais selon un rapport s\u00e9natorial paru le 25\u00a0juin, des insuffisances demeurent, notamment sur les d\u00e9chets plastiques, recycl\u00e9s \u00e0\u00a0seulement 23\u00a0%. Ceci, alors que l&rsquo;objectif fix\u00e9 par l&rsquo;UE est d&rsquo;atteindre au minimum 50\u00a0%. L&rsquo;Autriche et les Pays-Bas font figure de bons \u00e9l\u00e8ves avec 60\u00a0% de recyclage. Ce\u00a0manquement sur le plastique oblige la France \u00e0 payer environ 1,6\u00a0milliard d&rsquo;euros de \u00ab\u00a0taxe plastique\u00a0europ\u00e9enne\u00a0\u00bb, ce qui fait d&rsquo;elle la plus importante contributrice parmi les 27\u00a0pays membres.<\/p>\n<p>Mauvaise s\u00e9quence politique<\/p>\n<p>Cette \u00e9valuation de la Commission vient ponctuer une mauvaise s\u00e9quence politique du gouvernement en mati\u00e8re de climat. Jeudi dernier, le Haut conseil pour le climat\u00a0(HCC) a d\u00e9plor\u00e9 dans son rapport annuel le ralentissement de la d\u00e9carbonation de la France en 2024, avec des \u00e9missions carbon\u00e9es en recul de 1,8\u00a0%, apr\u00e8s 6,7\u00a0% en 2023.<\/p>\n<p>Tendance confirm\u00e9e un jour plus tard par le Citepa, le centre d&rsquo;\u00e9tude mandat\u00e9 par l&rsquo;ex\u00e9cutif pour calculer les \u00e9missions de l&rsquo;Hexagone\u00a0: au premier trimestre de cette ann\u00e9e, les \u00e9missions ont augment\u00e9 de 0,2\u00a0%, ce qui n&rsquo;\u00e9tait pas arriv\u00e9 depuis plusieurs ann\u00e9es, et la pr\u00e9vision pour l&rsquo;ensemble de l&rsquo;ann\u00e9e serait une baisse de seulement 0,8\u00a0%. Suite \u00e0 cette publication, dans une interview accord\u00e9e au\u00a0Monde, la ministre de la Transition \u00e9cologique, Agn\u00e8s Pannier-Runacher, a m\u00eame conc\u00e9d\u00e9\u00a0: \u00ab\u00a0Ces\u00a0chiffres sont tr\u00e8s mauvais, l&rsquo;ann\u00e9e 2025 ne\u00a0sera\u00a0pas bonne.\u00a0\u00bb<\/p>\n<p>En cause dans cette tendance glissante selon le HCC, \u00ab\u00a0le cadre d&rsquo;action publique\u00a0\u00bb qui a pris \u00ab\u00a0un retard important\u00a0\u00bb. Derri\u00e8re ces mots feutr\u00e9s est point\u00e9e l&rsquo;incertitude gouvernementale et budg\u00e9taire de la France, qui depuis un an, ralentit la fabrique des lois, notamment environnementales. Prioritaires, la troisi\u00e8me loi de \u00ab\u00a0programmation pluriannuelle de\u00a0l&rsquo;\u00e9nergie\u00a0\u00bb\u00a0(PPE3) et\u00a0la\u00a0troisi\u00e8me \u00ab\u00a0strat\u00e9gie nationale bas carbone\u00a0\u00bb\u00a0(SNBC3) n&rsquo;ont ainsi toujours pas \u00e9t\u00e9\u00a0publi\u00e9es.<\/p>\n","protected":false},"excerpt":{"rendered":"Apr\u00e8s le Haut conseil pour le climat la semaine derni\u00e8re, c&rsquo;est maintenant au tour de la Commission europ\u00e9enne&hellip;\n","protected":false},"author":2,"featured_media":235711,"comment_status":"","ping_status":"","sticky":false,"template":"","format":"standard","meta":{"footnotes":""},"categories":[1586],"tags":[17,11,1129,17226,436,932,1777,674,1779,1011,27,32332,12,378,7555,25,1778,364],"class_list":{"0":"post-235710","1":"post","2":"type-post","3":"status-publish","4":"format-standard","5":"has-post-thumbnail","7":"category-europe","8":"tag-17","9":"tag-actualites","10":"tag-climat","11":"tag-eleve","12":"tag-environnement","13":"tag-est","14":"tag-eu","15":"tag-europe","16":"tag-european-union","17":"tag-fr","18":"tag-france","19":"tag-mauvais","20":"tag-news","21":"tag-plus","22":"tag-pourquoi","23":"tag-republique-francaise","24":"tag-ue","25":"tag-union-europeenne"},"share_on_mastodon":{"url":"https:\/\/pubeurope.com\/@fr\/114818922787550889","error":""},"_links":{"self":[{"href":"https:\/\/www.europesays.com\/fr\/wp-json\/wp\/v2\/posts\/235710","targetHints":{"allow":["GET"]}}],"collection":[{"href":"https:\/\/www.europesays.com\/fr\/wp-json\/wp\/v2\/posts"}],"about":[{"href":"https:\/\/www.europesays.com\/fr\/wp-json\/wp\/v2\/types\/post"}],"author":[{"embeddable":true,"href":"https:\/\/www.europesays.com\/fr\/wp-json\/wp\/v2\/users\/2"}],"replies":[{"embeddable":true,"href":"https:\/\/www.europesays.com\/fr\/wp-json\/wp\/v2\/comments?post=235710"}],"version-history":[{"count":0,"href":"https:\/\/www.europesays.com\/fr\/wp-json\/wp\/v2\/posts\/235710\/revisions"}],"wp:featuredmedia":[{"embeddable":true,"href":"https:\/\/www.europesays.com\/fr\/wp-json\/wp\/v2\/media\/235711"}],"wp:attachment":[{"href":"https:\/\/www.europesays.com\/fr\/wp-json\/wp\/v2\/media?parent=235710"}],"wp:term":[{"taxonomy":"category","embeddable":true,"href":"https:\/\/www.europesays.com\/fr\/wp-json\/wp\/v2\/categories?post=235710"},{"taxonomy":"post_tag","embeddable":true,"href":"https:\/\/www.europesays.com\/fr\/wp-json\/wp\/v2\/tags?post=235710"}],"curies":[{"name":"wp","href":"https:\/\/api.w.org\/{rel}","templated":true}]}}