{"id":235720,"date":"2025-07-08T18:06:14","date_gmt":"2025-07-08T18:06:14","guid":{"rendered":"https:\/\/www.europesays.com\/fr\/235720\/"},"modified":"2025-07-08T18:06:14","modified_gmt":"2025-07-08T18:06:14","slug":"rugby-nationale-le-racing-club-narbonnais-officialise-larrivee-du-troisieme-ligne-de-lusap-lucas-bachelier","status":"publish","type":"post","link":"https:\/\/www.europesays.com\/fr\/235720\/","title":{"rendered":"Rugby \u2013 Nationale\u00a0: le Racing Club Narbonnais officialise l\u2019arriv\u00e9e du troisi\u00e8me ligne de l\u2019USAP, Lucas Bachelier"},"content":{"rendered":"<p>\n                                                                Ce mardi, Narbonne a annonc\u00e9 la signature d\u2019un joueur d\u2019exp\u00e9rience avec plus de 150 matches professionnels au compteur, pour l\u2019aider dans son objectif la saison prochaine en Nationale.\n                            <\/p>\n<p><a href=\"https:\/\/www.lindependant.fr\/2025\/05\/23\/top-14-duncan-paiaaua-annonce-deux-joueurs-vers-narbonne-les-dernieres-infos-transferts-de-lusap-12713866.php\" target=\"_self\" rel=\"nofollow noopener\">Comme annonc\u00e9 dans nos colonnes, fin mai<\/a>, Lucas Bachelier est un joueur du Racing Club Narbonnais. Apr\u00e8s 15 ann\u00e9es pass\u00e9es sous le maillot de l\u2019USAP, le joueur de 30 ans va d\u00e9couvrir une nouvelle ville et un nouveau championnat\u00a0: la Nationale.<\/p>\n<p>Un leader<\/p>\n<p>Depuis ses d\u00e9buts en Pro D2, il y a dix ans, l\u2019ancien capitaine de l\u2019\u00e9quipe de France U20, a comptabilis\u00e9 127 matches professionnels, \u00e0 cheval entre la Pro D2, la Challenge Cup et le Top 14, sous les couleurs sang et or. C\u2019est un leader, dans la force de l\u2019\u00e2ge qui rejoint le Racing au poste de flanker.\u00a0Lors de la saison 2024-2025, il a disput\u00e9 13 matches, pour deux titularisations.<\/p>\n<p>Il devrait \u00eatre rejoint par le centre Apisai Naqalevu. Le centre de 35 ans, ex usapiste lui aussi devrait apporter toute sa puissance au collectif narbonnais, cette saison en Nationale.<\/p>\n","protected":false},"excerpt":{"rendered":"Ce mardi, Narbonne a annonc\u00e9 la signature d\u2019un joueur d\u2019exp\u00e9rience avec plus de 150 matches professionnels au compteur,&hellip;\n","protected":false},"author":2,"featured_media":235721,"comment_status":"","ping_status":"","sticky":false,"template":"","format":"standard","meta":{"footnotes":""},"categories":[1416],"tags":[1011,27,479,1468,60],"class_list":{"0":"post-235720","1":"post","2":"type-post","3":"status-publish","4":"format-standard","5":"has-post-thumbnail","7":"category-rugby","8":"tag-fr","9":"tag-france","10":"tag-rugby","11":"tag-rugby-football","12":"tag-sports"},"share_on_mastodon":{"url":"https:\/\/pubeurope.com\/@fr\/114818946417355207","error":""},"_links":{"self":[{"href":"https:\/\/www.europesays.com\/fr\/wp-json\/wp\/v2\/posts\/235720","targetHints":{"allow":["GET"]}}],"collection":[{"href":"https:\/\/www.europesays.com\/fr\/wp-json\/wp\/v2\/posts"}],"about":[{"href":"https:\/\/www.europesays.com\/fr\/wp-json\/wp\/v2\/types\/post"}],"author":[{"embeddable":true,"href":"https:\/\/www.europesays.com\/fr\/wp-json\/wp\/v2\/users\/2"}],"replies":[{"embeddable":true,"href":"https:\/\/www.europesays.com\/fr\/wp-json\/wp\/v2\/comments?post=235720"}],"version-history":[{"count":0,"href":"https:\/\/www.europesays.com\/fr\/wp-json\/wp\/v2\/posts\/235720\/revisions"}],"wp:featuredmedia":[{"embeddable":true,"href":"https:\/\/www.europesays.com\/fr\/wp-json\/wp\/v2\/media\/235721"}],"wp:attachment":[{"href":"https:\/\/www.europesays.com\/fr\/wp-json\/wp\/v2\/media?parent=235720"}],"wp:term":[{"taxonomy":"category","embeddable":true,"href":"https:\/\/www.europesays.com\/fr\/wp-json\/wp\/v2\/categories?post=235720"},{"taxonomy":"post_tag","embeddable":true,"href":"https:\/\/www.europesays.com\/fr\/wp-json\/wp\/v2\/tags?post=235720"}],"curies":[{"name":"wp","href":"https:\/\/api.w.org\/{rel}","templated":true}]}}