{"id":235722,"date":"2025-07-08T18:07:12","date_gmt":"2025-07-08T18:07:12","guid":{"rendered":"https:\/\/www.europesays.com\/fr\/235722\/"},"modified":"2025-07-08T18:07:12","modified_gmt":"2025-07-08T18:07:12","slug":"jannik-sinner-ne-sest-pas-entraine-mardi-a-wimbledon-a-la-veille-de-son-quart-de-finale-contre-ben-shelton-lequipe","status":"publish","type":"post","link":"https:\/\/www.europesays.com\/fr\/235722\/","title":{"rendered":"Jannik Sinner ne s&#039;est pas entra\u00een\u00e9 mardi \u00e0 Wimbledon, \u00e0 la veille de son quart de finale contre Ben Shelton &#8211; L&#039;\u00c9quipe"},"content":{"rendered":"<ol>\n<li><a href=\"https:\/\/news.google.com\/rss\/articles\/CBMi7AFBVV95cUxNNVgxNW1rOF9kSXNTdkdBUk1EU0haU0J1Umtaay1EQ0N0VE1kOFAwSFlqQS1JQ21CX25vcUdyWnFvaHNiMlFlUFRhWE5jMGM1bG5sWnFfbUJfX0RmZEhFUUF6SWsxenQyWVh1SDBwZmh3Ynl1WDdkbEYySWZLRnBRQ3IwVEpoQUxqay1ETnhoMGhYQmlyRVBYQ3Nxd2RNdFprZFBHcUdJQnpxTGlGcFY0d3pzMjJwLXZGel9VRE1Ob3l2Qmc5QTVGVEowNWdQcmQwTVY0NXdGdi0wVHUtZy1pNnNaS1c0QUx3RmhIRg?oc=5\" target=\"_blank\" rel=\"nofollow noopener\">Jannik Sinner ne s&rsquo;est pas entra\u00een\u00e9 mardi \u00e0 Wimbledon, \u00e0 la veille de son quart de finale contre Ben Shelton<\/a>&nbsp;&nbsp;L&rsquo;\u00c9quipe<\/li>\n<li><a href=\"https:\/\/news.google.com\/rss\/articles\/CBMi8gFBVV95cUxNUnJvNUkyMG1HcEJwMnh1NVRPLUVHOGE4NWh4emUwSlVlU3pWWnpLVllUUlRtUGk4U0JyUEVadXV1aDNNNWhwcDlfWmN2ZFBZU2c0UXZ6UGRHZ3dfYzRITHo2Q3dvS3poSUJxZW1UYTNUNjNvT25SbGw0Ym5GNnhKdXg2OVdFVl9MNFFyZkc4MmdSaDBqbUNjZFdNUkV0VHN2OUdZcVdvZWMwMERHRzFoSkktZlVrM1hnSjZXR2E0SThNb0hIb3lvclJNMkdjVG5oNlBNeDgxeEcxN04yT2RaMzJOZVV1c2ZzR2dTWnh4YmZ0QQ?oc=5\" target=\"_blank\" rel=\"nofollow noopener\">Sinner devrait pouvoir tenir sa place contre Shelton en quarts de finale<\/a>&nbsp;&nbsp;Eurosport<\/li>\n<li><a href=\"https:\/\/news.google.com\/rss\/articles\/CBMikAJBVV95cUxOTFFsb0F3STJfQnl6S2xKbnRYYWNUOWJVNi02WmFXT0dmbW5VZkZ0b1pIQjVZMjZ3TjRwQ1pCUjZ3a3ZrZGhuQWd5TnBNaGhQRjZ2VkRpVlNQWGFuRENfZV8yc3JrZTNDZ2x3enNiWW1WbXBTaGIwa19sVk95a3Exb3NXX3lWREs0aWxoVzFWa2tLTTQtN1EzNmxoWVdVV25VMWtmZjZGZEZlVFhUdWNEb2NuVHZocTNVWVJtMXdTWXhFU25rQUUzc0dXeTFkRE1oYXI1azlONVhiZVBMR2pXTncyMllLSFZPX1NNcjB5aG83TE42X29YZzlZMlFYVkVlZGhHeURHdGt0MUR6TkZTUw?oc=5\" target=\"_blank\" rel=\"nofollow noopener\">Wimbledon. Jannik Sinner annule son entra\u00eenement avant d\u2019affronter Ben Shelton en quart de finale<\/a>&nbsp;&nbsp;Ouest-France<\/li>\n<li><a href=\"https:\/\/news.google.com\/rss\/articles\/CBMi6gFBVV95cUxPc0VoSVhoT1BVOFZHS2NhMnhENl93TFJ2YlU0UjBDOGpTUzVnb2hJSFhYSXp6eHFlSVUwcTVGZGJUNjVyT2kzZEtjREJGWXRObmhTRExWY3c4eDZDZE40c2IyN3hfeXk2VWhodEM3T0Z3M2dkdXVsSXNLR0d2R3M1RXo2N1ZBS2M4UkVCLXBuV2M0ZV83TmFKTC1jbVNUZUFpMnJzYlduS3R3eGdhR1lVQWVSblN3NE9nNC0ycXJtNWE1OGh5cklhbE4yUHJqWGphVG92RkFXYlVNZ2MzNTZnU001YVhWMEdKV0E?oc=5\" target=\"_blank\" rel=\"nofollow noopener\">Wimbledon : Grigor Dimitrov, le maudit des Grands Chelems avec un cinqui\u00e8me abandon d&rsquo;affil\u00e9e<\/a>&nbsp;&nbsp;20 Minutes<\/li>\n<li><a href=\"https:\/\/news.google.com\/rss\/articles\/CBMihAJBVV95cUxOczdjeVoxY2NrQ3JtZGNUWXRRZ1puM2J6NDNpa1hkaHdpYWdIVjNHUHhZUmRLb25lbUlSci1ZcWxNZkl6VGpDbFBBdmJlOF9JQ1VUUzRsRjFJMkFnUWF5bm5pUGoyMjhRc3ZlSTBoUUw0RkJHcThvazdPbDNFTDJobW1rTzVPQnktd3NQTlhMQVBJR181T1N4RTVSVFdCRFVyVFVNUU0wWWVsOEJpUkpYM2lzUU9WV0l2SXAtaEhBU0R6ZE5OajZOS2RNLXpWMUVFNGd2bDJzNVhjSzl0NDEtX1A5c0lkRWZfSVBBOER2SHdPVnEyTnlkejc1bHBzaVZ3RURycA?oc=5\" target=\"_blank\" rel=\"nofollow noopener\">Wimbledon 2025 \u2013 Inqui\u00e9tude autour de Jannik Sinner : l&rsquo;Italien a annul\u00e9 sa session d&rsquo;entra\u00eenement du jour<\/a>&nbsp;&nbsp;DHnet<\/li>\n<\/ol>\n","protected":false},"excerpt":{"rendered":"Jannik Sinner ne s&rsquo;est pas entra\u00een\u00e9 mardi \u00e0 Wimbledon, \u00e0 la veille de son quart de finale contre&hellip;\n","protected":false},"author":2,"featured_media":235723,"comment_status":"","ping_status":"","sticky":false,"template":"","format":"standard","meta":{"footnotes":""},"categories":[1415],"tags":[1011,27,60,1467],"class_list":{"0":"post-235722","1":"post","2":"type-post","3":"status-publish","4":"format-standard","5":"has-post-thumbnail","7":"category-tennis","8":"tag-fr","9":"tag-france","10":"tag-sports","11":"tag-tennis"},"share_on_mastodon":{"url":"https:\/\/pubeurope.com\/@fr\/114818950294879111","error":""},"_links":{"self":[{"href":"https:\/\/www.europesays.com\/fr\/wp-json\/wp\/v2\/posts\/235722","targetHints":{"allow":["GET"]}}],"collection":[{"href":"https:\/\/www.europesays.com\/fr\/wp-json\/wp\/v2\/posts"}],"about":[{"href":"https:\/\/www.europesays.com\/fr\/wp-json\/wp\/v2\/types\/post"}],"author":[{"embeddable":true,"href":"https:\/\/www.europesays.com\/fr\/wp-json\/wp\/v2\/users\/2"}],"replies":[{"embeddable":true,"href":"https:\/\/www.europesays.com\/fr\/wp-json\/wp\/v2\/comments?post=235722"}],"version-history":[{"count":0,"href":"https:\/\/www.europesays.com\/fr\/wp-json\/wp\/v2\/posts\/235722\/revisions"}],"wp:featuredmedia":[{"embeddable":true,"href":"https:\/\/www.europesays.com\/fr\/wp-json\/wp\/v2\/media\/235723"}],"wp:attachment":[{"href":"https:\/\/www.europesays.com\/fr\/wp-json\/wp\/v2\/media?parent=235722"}],"wp:term":[{"taxonomy":"category","embeddable":true,"href":"https:\/\/www.europesays.com\/fr\/wp-json\/wp\/v2\/categories?post=235722"},{"taxonomy":"post_tag","embeddable":true,"href":"https:\/\/www.europesays.com\/fr\/wp-json\/wp\/v2\/tags?post=235722"}],"curies":[{"name":"wp","href":"https:\/\/api.w.org\/{rel}","templated":true}]}}