{"id":235724,"date":"2025-07-08T18:08:27","date_gmt":"2025-07-08T18:08:27","guid":{"rendered":"https:\/\/www.europesays.com\/fr\/235724\/"},"modified":"2025-07-08T18:08:27","modified_gmt":"2025-07-08T18:08:27","slug":"basket-vincent-collet-nomme-conseiller-special-aupres-de-la-dtn","status":"publish","type":"post","link":"https:\/\/www.europesays.com\/fr\/235724\/","title":{"rendered":"BASKET : Vincent Collet nomm\u00e9 conseiller sp\u00e9cial aupr\u00e8s de la DTN"},"content":{"rendered":"<p><img decoding=\"async\" class=\"newsFullImg  \" src=\"https:\/\/www.europesays.com\/fr\/wp-content\/uploads\/2025\/07\/79202_1_full.jpg\"\/><\/p>\n<p>Il est l&rsquo;entra\u00eeneur de l&rsquo;\u00e9quipe de France de tous les records.<\/p>\n<p>Apr\u00e8s 15 ann\u00e9es pass\u00e9es \u00e0 la t\u00eate de l\u2019\u00c9quipe de France masculine de<br \/>\nbasket, Vincent COLLET a \u00e9t\u00e9 nomm\u00e9 Conseiller Sp\u00e9cial aupr\u00e8s de la<br \/>\nDirection Technique Nationale de la FFBB. Depuis sa prise de fonction, le 4 mars 2009, Vincent Collet a r\u00e9\u00e9crit les livres d\u2019histoire de la s\u00e9lection nationale. Long\u00e9vit\u00e9, matches dirig\u00e9s, matches gagn\u00e9s, m\u00e9dailles remport\u00e9es, pas un record ne lui aura \u00e9chapp\u00e9 lors de son aventure avec les Bleus, qu\u2019il aura guid\u00e9s lors de 6 EuroBasket, 4 Coupes du Monde et 4 Jeux Olympiques.<br \/>Dans le cadre des deux projets olympiques Los Angeles 2028 et Brisbane 2032, il occupera d\u00e9sormais, au sein de la FFBB, la fonction de Conseiller Sp\u00e9cial aupr\u00e8s de la Direction Technique Nationale. Plac\u00e9 sous l\u2019autorit\u00e9 du Directeur Technique National, Alain Contensoux et en relation avec le Directeur de la Performance et des \u00c9quipes de France, Jacques Comm\u00e8res, Vincent Collet, aura plusieurs missions directement li\u00e9es \u00e0 son expertise de coach dans les dimensions techniques, p\u00e9dagogiques et manag\u00e9riales.<br \/>Ses comp\u00e9tences et son exp\u00e9rience constitueront une plus-value indiscutable au sein de la Direction Technique Nationale de la FFBB.<\/p>\n<p>Vincent Collet sera sollicit\u00e9 dans les domaines suivants :<br \/>Conseil dans la formation des joueurs et des techniciens ;<br \/>Contribution \u00e0 l\u2019\u00e9volution du Projet de Performance F\u00e9d\u00e9ral masculin, sur 2 olympiades, en conseillant la DTN :<br \/>&#8211; Dans le projet technique des structures f\u00e9d\u00e9rales (P\u00f4les espoirs, P\u00f4le France, \u00c9quipes de France jeunes),<br \/>&#8211; Dans la formation continue des cadres techniques,<br \/>&#8211; Dans l\u2019accompagnement des entra\u00eeneurs \u00e0 fort potentiel vers les s\u00e9lections nationales,<br \/>&#8211;\u00a0Aupr\u00e8s de la Commission Haut Niveau des Techniciens,<br \/>&#8211; Dans les \u00e9changes avec le secteur professionnel et la formation continue des entra\u00eeneurs des Centres de Formation.<br \/>\u00a0<br \/>D\u2019un commun accord, il a \u00e9t\u00e9 clairement indiqu\u00e9 que ces missions pourraient \u00eatre interrompues si Vincent Collet \u00e9tait amen\u00e9 \u00e0 r\u00e9pondre positivement \u00e0 des sollicitations de franchises NBA (poste d\u2019assistant coach) ou d\u2019\u00e9quipes participant \u00e0 l\u2019Euroleague (poste de coach). <br \/>\u00a0<\/p>\n<p>Vincent Collet en quelques chiffres :Le plus de matchs \u00e0 la t\u00eate de l\u2019\u00c9quipe de France :Vincent Collet 253<br \/>Pierre Dao 176<br \/>Jo\u00eb Jaunay 152<br \/>Robert Busnel 150<br \/>Andr\u00e9 Buffi\u00e8re 117Le plus de victoires en \u00c9quipe de France :<\/p>\n<ul>\n<li>Vincent Collet 179<\/li>\n<li>Robert Busnel 98<\/li>\n<li>Jo\u00eb Jaunay 92<\/li>\n<li>Pierre Dao 90<\/li>\n<li>Andr\u00e9 Buffi\u00e8re 68<\/li>\n<\/ul>\n<p>De 1926, date de son premier match historique, \u00e0 2008, l\u2019\u00c9quipe de France a remport\u00e9 7 m\u00e9dailles internationales.<br \/>Sous l\u2019\u00e8re Vincent Collet, elle a remport\u00e9 8 m\u00e9dailles internationales :<\/p>\n<ul>\n<li>2011 EuroBasket argent<\/li>\n<li>2013 EuroBasket or<\/li>\n<li>2014 Coupe du Monde bronze<\/li>\n<li>2015 EuroBasket bronze<\/li>\n<li>2019 Coupe du Monde bronze<\/li>\n<li>2021 Jeux Olympiques argent<\/li>\n<li>2022 EuroBasket argent<\/li>\n<li>2024 Jeux Olympiques argent<\/li>\n<\/ul>\n<p>\u00a0<\/p>\n","protected":false},"excerpt":{"rendered":"Il est l&rsquo;entra\u00eeneur de l&rsquo;\u00e9quipe de France de tous les records. Apr\u00e8s 15 ann\u00e9es pass\u00e9es \u00e0 la t\u00eate&hellip;\n","protected":false},"author":2,"featured_media":235725,"comment_status":"","ping_status":"","sticky":false,"template":"","format":"standard","meta":{"footnotes":""},"categories":[1414],"tags":[1465,1464,1011,27,60],"class_list":{"0":"post-235724","1":"post","2":"type-post","3":"status-publish","4":"format-standard","5":"has-post-thumbnail","7":"category-basket","8":"tag-basket","9":"tag-basketball","10":"tag-fr","11":"tag-france","12":"tag-sports"},"share_on_mastodon":{"url":"https:\/\/pubeurope.com\/@fr\/114818954665798199","error":""},"_links":{"self":[{"href":"https:\/\/www.europesays.com\/fr\/wp-json\/wp\/v2\/posts\/235724","targetHints":{"allow":["GET"]}}],"collection":[{"href":"https:\/\/www.europesays.com\/fr\/wp-json\/wp\/v2\/posts"}],"about":[{"href":"https:\/\/www.europesays.com\/fr\/wp-json\/wp\/v2\/types\/post"}],"author":[{"embeddable":true,"href":"https:\/\/www.europesays.com\/fr\/wp-json\/wp\/v2\/users\/2"}],"replies":[{"embeddable":true,"href":"https:\/\/www.europesays.com\/fr\/wp-json\/wp\/v2\/comments?post=235724"}],"version-history":[{"count":0,"href":"https:\/\/www.europesays.com\/fr\/wp-json\/wp\/v2\/posts\/235724\/revisions"}],"wp:featuredmedia":[{"embeddable":true,"href":"https:\/\/www.europesays.com\/fr\/wp-json\/wp\/v2\/media\/235725"}],"wp:attachment":[{"href":"https:\/\/www.europesays.com\/fr\/wp-json\/wp\/v2\/media?parent=235724"}],"wp:term":[{"taxonomy":"category","embeddable":true,"href":"https:\/\/www.europesays.com\/fr\/wp-json\/wp\/v2\/categories?post=235724"},{"taxonomy":"post_tag","embeddable":true,"href":"https:\/\/www.europesays.com\/fr\/wp-json\/wp\/v2\/tags?post=235724"}],"curies":[{"name":"wp","href":"https:\/\/api.w.org\/{rel}","templated":true}]}}