{"id":235726,"date":"2025-07-08T18:09:10","date_gmt":"2025-07-08T18:09:10","guid":{"rendered":"https:\/\/www.europesays.com\/fr\/235726\/"},"modified":"2025-07-08T18:09:10","modified_gmt":"2025-07-08T18:09:10","slug":"motogp-allemagne-somkiat-chantra-opere-et-pas-remplace","status":"publish","type":"post","link":"https:\/\/www.europesays.com\/fr\/235726\/","title":{"rendered":"MotoGP Allemagne, Somkiat Chantra : Op\u00e9r\u00e9 et pas remplac\u00e9 !"},"content":{"rendered":"<p><strong>Le <a href=\"https:\/\/www.motogp.com\/\" target=\"_blank\" rel=\"noopener nofollow\">MotoGP<\/a> n\u2019est jamais un long fleuve tranquille,<br \/>\net cela se v\u00e9rifie encore avec <a href=\"https:\/\/www.paddock-gp.com\/?s=chantra\" target=\"_blank\" rel=\"noopener nofollow\">Somkiat Chantra<\/a>, aux anges aux Pays-Bas puis forfait<br \/>\nau Sachsenring en Allemagne.<\/strong><\/p>\n<p>Le pilote Somkiat Chantra avait en effet r\u00e9alis\u00e9 une solide<br \/>\nperformance lors de la course de dimanche sur le circuit TT<br \/>\nd\u2019Assen, apr\u00e8s \u00eatre parti en 22e position sur la grille. Reste<br \/>\nconcentr\u00e9 tout au long de la course, le rookie tha\u00eflandais a bien<br \/>\ng\u00e9r\u00e9 son rythme et, dans les derniers tours, a d\u00e9pass\u00e9<br \/>\n<strong>Aleix Espargaro<\/strong> pour s\u2019assurer la 15e place,<br \/>\nmarquant ainsi son premier point dans la cat\u00e9gorie reine des Grands<br \/>\nPrix.<\/p>\n<p>\u00ab Obtenir mon premier point au championnat MotoGP est tr\u00e8s<br \/>\nsp\u00e9cial. Je tiens \u00e0 remercier Aleix Espargar\u00f3, rouler derri\u00e8re lui<br \/>\nm\u2019a aid\u00e9 \u00e0 comprendre beaucoup de choses et j\u2019ai beaucoup appris.<br \/>\nJ\u2019ai tout donn\u00e9 pour marquer des points et nous y sommes enfin<br \/>\nparvenus. Un grand merci \u00e0 l\u2019\u00e9quipe et \u00e0 Takaaki Nakagami pour leur<br \/>\ntravail et leur soutien ce week-end ! \u00bb<\/p>\n<p>Malheureusement, seulement deux jours plus tard, le co\u00e9quipier<br \/>\nde <strong>Johann Zarco<\/strong> chutait alors qu\u2019il s\u2019entra\u00eenait<br \/>\nsur une moto tout-terrain. Apr\u00e8s avoir \u00e9t\u00e9 examin\u00e9 par un<br \/>\nsp\u00e9cialiste, il a \u00e9t\u00e9 confirm\u00e9 qu\u2019il souffrait d\u2019une blessure au<br \/>\nligament collat\u00e9ral lat\u00e9ral du genou droit et qu\u2019il devait subir<br \/>\nune intervention chirurgicale, pr\u00e9vue le mardi suivant \u00e0 l\u2019h\u00f4pital<br \/>\nUniversitari Dexeus de Barcelone. D\u2019ors et d\u00e9j\u00e0, il \u00e9tait clair que<br \/>\nle num\u00e9ro 35 manquerait les prochains Grands Prix, au moins en<br \/>\nAllemagne et en R\u00e9publique tch\u00e8que.<\/p>\n<p><strong>Somkiat Chantra<\/strong> a effectivement \u00e9t\u00e9 op\u00e9r\u00e9 avec<br \/>\nsucc\u00e8s le jour dit \u00e0 l\u2019h\u00f4pital Universitari Dexeus de Barcelone par<br \/>\nle Dr Joan Carles Monllau, et le r\u00e9sultat est satisfaisant.<\/p>\n<p>Conform\u00e9ment au r\u00e8glement du MotoGP, une unique absence pour<br \/>\nblessure est autoris\u00e9e avant un remplacement obligatoire. L\u2019\u00e9quipe<br \/>\nIdemitsu LCR Honda a donc d\u00e9cid\u00e9 de ne pas remplacer<br \/>\n<strong>Somkiat Chantra<\/strong> en Allemagne, avant que<br \/>\n<strong>Takaaki Nakagami<\/strong> ne prenne le guidon de sa RC213V<br \/>\n\u00e0 Brno, en R\u00e9publique Tch\u00e8que.<\/p>\n<p>L\u2019\u00e9quipe de <strong>Lucio Cecchinello<\/strong> a tenu\u00a0\u00e0<br \/>\nremercier le Dr Monllau et l\u2019ensemble du personnel m\u00e9dical pour<br \/>\nleurs excellents soins, et souhaite \u00e0 <strong>Somkiat<br \/>\nChantra<\/strong> un r\u00e9tablissement rapide et sans complication<br \/>\npendant la pause estivale.<\/p>\n<p><img loading=\"lazy\" decoding=\"async\" class=\"aligncenter size-full wp-image-1307452\" src=\"https:\/\/www.europesays.com\/fr\/wp-content\/uploads\/2025\/07\/chantra.jpg\" alt=\"\" width=\"1000\" height=\"667\"  \/><\/p>\n<p>MotoGP Somkiat Chantra Allemagne<br \/>\nMotoGP Somkiat Chantra Allemagne<\/p>\n","protected":false},"excerpt":{"rendered":"Le MotoGP n\u2019est jamais un long fleuve tranquille, et cela se v\u00e9rifie encore avec Somkiat Chantra, aux anges&hellip;\n","protected":false},"author":2,"featured_media":235727,"comment_status":"","ping_status":"","sticky":false,"template":"","format":"standard","meta":{"footnotes":""},"categories":[1413],"tags":[1011,27,1457,1456,60],"class_list":{"0":"post-235726","1":"post","2":"type-post","3":"status-publish","4":"format-standard","5":"has-post-thumbnail","7":"category-moto","8":"tag-fr","9":"tag-france","10":"tag-moto","11":"tag-motocycle","12":"tag-sports"},"share_on_mastodon":{"url":"https:\/\/pubeurope.com\/@fr\/114818958487925368","error":""},"_links":{"self":[{"href":"https:\/\/www.europesays.com\/fr\/wp-json\/wp\/v2\/posts\/235726","targetHints":{"allow":["GET"]}}],"collection":[{"href":"https:\/\/www.europesays.com\/fr\/wp-json\/wp\/v2\/posts"}],"about":[{"href":"https:\/\/www.europesays.com\/fr\/wp-json\/wp\/v2\/types\/post"}],"author":[{"embeddable":true,"href":"https:\/\/www.europesays.com\/fr\/wp-json\/wp\/v2\/users\/2"}],"replies":[{"embeddable":true,"href":"https:\/\/www.europesays.com\/fr\/wp-json\/wp\/v2\/comments?post=235726"}],"version-history":[{"count":0,"href":"https:\/\/www.europesays.com\/fr\/wp-json\/wp\/v2\/posts\/235726\/revisions"}],"wp:featuredmedia":[{"embeddable":true,"href":"https:\/\/www.europesays.com\/fr\/wp-json\/wp\/v2\/media\/235727"}],"wp:attachment":[{"href":"https:\/\/www.europesays.com\/fr\/wp-json\/wp\/v2\/media?parent=235726"}],"wp:term":[{"taxonomy":"category","embeddable":true,"href":"https:\/\/www.europesays.com\/fr\/wp-json\/wp\/v2\/categories?post=235726"},{"taxonomy":"post_tag","embeddable":true,"href":"https:\/\/www.europesays.com\/fr\/wp-json\/wp\/v2\/tags?post=235726"}],"curies":[{"name":"wp","href":"https:\/\/api.w.org\/{rel}","templated":true}]}}