{"id":235732,"date":"2025-07-08T18:12:11","date_gmt":"2025-07-08T18:12:11","guid":{"rendered":"https:\/\/www.europesays.com\/fr\/235732\/"},"modified":"2025-07-08T18:12:11","modified_gmt":"2025-07-08T18:12:11","slug":"om-famille-padel-voyage-quont-fait-les-olympiens-pendant-leurs-vacances","status":"publish","type":"post","link":"https:\/\/www.europesays.com\/fr\/235732\/","title":{"rendered":"OM. Famille, padel, voyage&#8230; qu&rsquo;ont fait les Olympiens pendant leurs vacances ?"},"content":{"rendered":"<p>Mais qu&rsquo;ont fait les Phoc\u00e9ens durant leurs vacances ? Comme la grande majorit\u00e9 des footballeurs durant leur coupure, ils ont voyag\u00e9 : Sardaigne et Turquie pour Valentin Rongier, Tanzanie, Zanzibar et Ibiza pour Pol Lirola, ou encore Madrid et Tahiti pour le 3e gardien Th\u00e9o Vermot. Les destinations les plus insolites pour Bilal Nadir ? \u00ab\u00a0La Belle de Mai, F\u00e9lix Piat&#8230; non je rigole, je suis parti au Maroc\u00a0\u00bb, se marre le joueur de 21 ans.<\/p>\n<p>Les Olympiens ont \u00e9galement pass\u00e9 du temps en famille, certains avec leurs enfants (\u00ab\u00a0J\u2019ai fait tous les jeux imaginables d&rsquo;enfant\u00a0\u00bb, Neal Maupay), ou avec leurs amis. Mais ils n&rsquo;ont pas non plus oubli\u00e9 de s&rsquo;entretenir. Rongier a, par exemple, encha\u00een\u00e9 les parties de padel et les s\u00e9ances de musculation entre deux barbecues (\u00ab\u00a0avec un peu de vin rouge\u00a0\u00bb). Les tests m\u00e9dicaux, durant lesquels les corps des Marseillais sont scrut\u00e9s, en diront plus sur les possibles exc\u00e8s des vacances&#8230;<\/p>\n","protected":false},"excerpt":{"rendered":"Mais qu&rsquo;ont fait les Phoc\u00e9ens durant leurs vacances ? Comme la grande majorit\u00e9 des footballeurs durant leur coupure,&hellip;\n","protected":false},"author":2,"featured_media":235733,"comment_status":"","ping_status":"","sticky":false,"template":"","format":"standard","meta":{"footnotes":""},"categories":[1410],"tags":[17,21,652,63,1011,27,151,149,37443,37444,60,586],"class_list":{"0":"post-235732","1":"post","2":"type-post","3":"status-publish","4":"format-standard","5":"has-post-thumbnail","7":"category-football","8":"tag-17","9":"tag-fait","10":"tag-famille","11":"tag-football","12":"tag-fr","13":"tag-france","14":"tag-les","15":"tag-om","16":"tag-padel","17":"tag-quont","18":"tag-sports","19":"tag-voyage"},"share_on_mastodon":{"url":"https:\/\/pubeurope.com\/@fr\/114818969986289347","error":""},"_links":{"self":[{"href":"https:\/\/www.europesays.com\/fr\/wp-json\/wp\/v2\/posts\/235732","targetHints":{"allow":["GET"]}}],"collection":[{"href":"https:\/\/www.europesays.com\/fr\/wp-json\/wp\/v2\/posts"}],"about":[{"href":"https:\/\/www.europesays.com\/fr\/wp-json\/wp\/v2\/types\/post"}],"author":[{"embeddable":true,"href":"https:\/\/www.europesays.com\/fr\/wp-json\/wp\/v2\/users\/2"}],"replies":[{"embeddable":true,"href":"https:\/\/www.europesays.com\/fr\/wp-json\/wp\/v2\/comments?post=235732"}],"version-history":[{"count":0,"href":"https:\/\/www.europesays.com\/fr\/wp-json\/wp\/v2\/posts\/235732\/revisions"}],"wp:featuredmedia":[{"embeddable":true,"href":"https:\/\/www.europesays.com\/fr\/wp-json\/wp\/v2\/media\/235733"}],"wp:attachment":[{"href":"https:\/\/www.europesays.com\/fr\/wp-json\/wp\/v2\/media?parent=235732"}],"wp:term":[{"taxonomy":"category","embeddable":true,"href":"https:\/\/www.europesays.com\/fr\/wp-json\/wp\/v2\/categories?post=235732"},{"taxonomy":"post_tag","embeddable":true,"href":"https:\/\/www.europesays.com\/fr\/wp-json\/wp\/v2\/tags?post=235732"}],"curies":[{"name":"wp","href":"https:\/\/api.w.org\/{rel}","templated":true}]}}