{"id":235736,"date":"2025-07-08T18:14:31","date_gmt":"2025-07-08T18:14:31","guid":{"rendered":"https:\/\/www.europesays.com\/fr\/235736\/"},"modified":"2025-07-08T18:14:31","modified_gmt":"2025-07-08T18:14:31","slug":"a-arles-ces-expos-musees-et-adresses-a-ne-pas-manquer-cet-ete","status":"publish","type":"post","link":"https:\/\/www.europesays.com\/fr\/235736\/","title":{"rendered":"\u00c0 Arles, ces expos, mus\u00e9es et adresses \u00e0 ne pas manquer cet \u00e9t\u00e9"},"content":{"rendered":"<p class=\"editor-content__paragraph\">\u00ab\u00a0Image indociles\u00a0\u00bb\u00a0: voil\u00e0 le th\u00e8me prometteur de cette <a href=\"https:\/\/www.beauxarts.com\/expos\/a-arles-8-expositions-photos-d-images-indociles-et-jouissives\/\" target=\"_blank\" rel=\"noopener nofollow\"><strong>56e \u00e9dition des Rencontres d\u2019Arles<\/strong><\/a>, qui ouvriront leurs portes \u00e0 partir du 7\u00a0juillet. Pour ne rien rater de cet <strong>\u00e9v\u00e9nement incontournable de l\u2019\u00e9t\u00e9<\/strong>, consultez notre guide des expos qui vont marquer ce cru 2025\u00a0!<\/p>\n<p class=\"editor-content__paragraph\">Mais Arles, ce n\u2019est pas seulement la photo\u00a0: c\u2019est <strong>tout un tissu de mus\u00e9es, de fondations et de bonnes adresses<\/strong> qui bouillonne, ne cessant jamais de s\u2019\u00e9tendre et de se r\u00e9inventer. Pour vous y retrouver parmi la myriade d\u2019\u00e9v\u00e9nements culturels qui agiteront la cit\u00e9 ces prochaines semaines, voici <strong>10\u00a0rendez-vous<\/strong> \u00e0 ne surtout pas manquer.<\/p>\n<p>        \u00c0 lire aussi :<br \/>\n        <a class=\"renvoi-explicite__link\" href=\"https:\/\/www.beauxarts.com\/expos\/a-arles-8-expositions-photos-d-images-indociles-et-jouissives\/\" rel=\"nofollow noopener\" target=\"_blank\">\u00c0 Arles, 8 expositions photos d\u2019\u00ab images indociles \u00bb et jouissives<\/a><\/p>\n<p>Les incontournables Rencontres de la photographie<\/p>\n<p>    <img loading=\"lazy\" decoding=\"async\" class=\"image__img\" src=\"https:\/\/www.europesays.com\/fr\/wp-content\/uploads\/2025\/07\/gp2025-roy-04-964x644.jpg\" alt=\"Kourtney Roy, Cocktail, s\u00e9rie \u00ab\u00a0La Touriste\u00a0\u00bb\" width=\"964\" height=\"644\"\/><\/p>\n<p>Kourtney Roy, Cocktail, s\u00e9rie \u00ab\u00a0La Touriste\u00a0\u00bb, 2019\u20132020<\/p>\n<p>    i<\/p>\n<p class=\"legende__cartel\">Courtesy Kourtney Roy \/ Galerie Les filles du calvaire, Paris<\/p>\n<p class=\"editor-content__paragraph\">C\u2019est l\u2019\u00e9v\u00e9nement incontournable de l\u2019\u00e9t\u00e9\u00a0: comme chaque ann\u00e9e depuis 1970, Arles c\u00e9l\u00e8bre <strong>la photographie sous toutes ses formes<\/strong>\u00a0! Consacr\u00e9e aux<strong> \u00ab\u00a0images indociles\u00a0\u00bb<\/strong>, cette 56e \u00e9dition entend mettre l\u2019accent sur l\u2019engagement et envisage la photographie comme un <strong>outil de r\u00e9sistance<\/strong> face aux turbulences du monde. De l\u2019Australie aux \u00c9tats-Unis, en passant par le Br\u00e9sil, le festival fait se croiser les regards d\u2019<strong>artistes du monde entier<\/strong> parmi lesquels figurent, bien s\u00fbr, de<strong> grands noms<\/strong> (Nan Goldin, <a href=\"https:\/\/www.beauxarts.com\/grand-format\/berenice-abbott-en-2-minutes\/\" target=\"_blank\" rel=\"noopener nofollow\">Berenice Abbott<\/a>, Louis Stettner, David Armstrong\u2026) comme des <strong>jeunes talents prometteurs<\/strong> et de belles red\u00e9couvertes. \u00c0 ne pas manquer \u00e9galement, un r\u00e9jouissant <strong>panorama de la photographie d\u2019Australie<\/strong> \u00e0 l\u2019\u00e9glise Sainte-Anne ainsi qu\u2019une fascinante plong\u00e9e dans la photographie amateur des ann\u00e9es 1850 \u00e0 1970\u00a0au clo\u00eetre Saint-Trophime. Sans oublier les \u00e9v\u00e9nements \u00ab\u00a0Arles associ\u00e9 \u00bb et le Off\u00a0!<\/p>\n<p>  Arrow<\/p>\n<p>Les Rencontres de la photographie d\u2019Arles 2025<\/p>\n<p class=\"annexe-content__subtitle\">Du 7 juillet au 5 octobre 2025<\/p>\n<p>Plus d\u2019informations <a href=\"https:\/\/www.rencontres-arles.com\/fr\" target=\"_blank\" rel=\"noopener nofollow\">sur le site des Rencontres de la photographie d\u2019Arles<\/a><\/p>\n<p>        \u00c0 lire aussi :<br \/>\n        <a class=\"renvoi-explicite__link\" href=\"https:\/\/www.beauxarts.com\/expos\/a-arles-8-expositions-photos-d-images-indociles-et-jouissives\/\" rel=\"nofollow noopener\" target=\"_blank\">\u00c0 Arles, 8 expositions photos d\u2019\u00ab images indociles \u00bb et jouissives<\/a><\/p>\n<p>Le mus\u00e9e de la Mode et du Costume \u2013 Fragonard ouvre ses portes<\/p>\n<p>    <img loading=\"lazy\" decoding=\"async\" class=\"image__img\" src=\"https:\/\/www.europesays.com\/fr\/wp-content\/uploads\/2025\/07\/une08_silhouettes-fanny-terno-964x723.jpg\" alt=\"Six tenues arl\u00e9siennes entre 1850 et 1875\" width=\"964\" height=\"723\"\/><\/p>\n<p>Six tenues arl\u00e9siennes entre 1850\u00a0et 1875<\/p>\n<p>    i<\/p>\n<p class=\"editor-content__paragraph\">Arles s\u2019enrichit d\u2019un <strong>nouveau mus\u00e9e<\/strong>\u00a0! Apr\u00e8s cinq ann\u00e9es d\u2019importants travaux, <a href=\"https:\/\/www.beauxarts.com\/grand-format\/un-nouveau-musee-fragonard-tisse-lhistoire-de-la-mode-et-du-costume-a-arles\/\" target=\"_blank\" rel=\"noopener nofollow\">le mus\u00e9e de la Mode et du Costume \u2013 Fragonard vient d\u2019ouvrir ses portes<\/a><strong> dans l\u2019h\u00f4tel Bouchaud de Bussy<\/strong> enti\u00e8rement restaur\u00e9 et am\u00e9nag\u00e9. Ce sublime \u00e9crin des XVIIe et XVIIIe si\u00e8cles accueillera <strong>deux expositions th\u00e9matiques par an<\/strong> mettant particuli\u00e8rement \u00e0 l\u2019honneur le <strong>costume proven\u00e7al<\/strong>, rev\u00eatu par les Arl\u00e9siennes depuis le XVIIe si\u00e8cle. S\u2019il a peu \u00e0 peu disparu apr\u00e8s la Premi\u00e8re Guerre mondiale, il n\u2019en demeure pas moins un symbole fort de la culture locale, comme le d\u00e9montre <strong>l\u2019exposition inaugurale \u00ab\u00a0Collections-Collection\u00a0\u00bb<\/strong>, \u00e0 voir jusqu\u2019en janvier 2026.<\/p>\n<p>  Arrow<\/p>\n<p>Collections-Collection<\/p>\n<p>Du 6 juillet 2025 au 5 janvier 2026<\/p>\n<p class=\"url-expo\"><a href=\"https:\/\/www.fragonard.com\/fr-int\/exposition-collections-collection-2025?srsltid=AfmBOopxkigwdYKsV9ug8rWw7KtTPrczzZhYAMNA2jAGTZHeTnLtNNH7\" rel=\"nofollow noopener\" target=\"_blank\">www.fragonard.com<\/a><\/p>\n<p class=\"annexe-content__infos\">Mus\u00e9e de la Mode et du Costume &#8211; Fragonard \u2022 16 Rue de la Calade \u2022 13200 Arles<br \/><a href=\"https:\/\/provence-alpes-cotedazur.com\/que-faire\/culture-et-patrimoine\/lieux\/musee-de-la-mode-et-du-costume-fragonard-arles-fr-5374168\/\" rel=\"nofollow noopener\" target=\"_blank\">provence-alpes-cotedazur.com<\/a><\/p>\n<p>        \u00c0 lire aussi :<br \/>\n        <a class=\"renvoi-explicite__link\" href=\"https:\/\/www.beauxarts.com\/grand-format\/un-nouveau-musee-fragonard-tisse-lhistoire-de-la-mode-et-du-costume-a-arles\/\" rel=\"nofollow noopener\" target=\"_blank\">Un nouveau mus\u00e9e Fragonard tisse l\u2019histoire de la mode et du costume \u00e0 Arles<\/a><\/p>\n<p>Une vague d\u2019expos \u00e0 Luma<\/p>\n<p>    <img loading=\"lazy\" decoding=\"async\" class=\"image__img\" src=\"https:\/\/www.europesays.com\/fr\/wp-content\/uploads\/2025\/07\/moddba_00372_p01_20x24-large-964x958.jpg\" alt=\"David Armstrong, Stephen at Home, New York City\" width=\"964\" height=\"958\"\/><\/p>\n<p>David Armstrong, Stephen at Home, New York City, 1983<\/p>\n<p>    i<\/p>\n<p class=\"legende__cartel\">\u00a9 David Armstrong Archive \/ Courtesy Estate David Armstrong<\/p>\n<p class=\"editor-content__paragraph\">V\u00e9ritable phare dans le paysage culturel arl\u00e9sien, <strong>Luma<\/strong> vient de d\u00e9voiler une <strong>nouvelle moisson d\u2019expositions<\/strong>, qui s\u2019ajoutent \u00e0 celles inaugur\u00e9es au printemps dernier (\u00ab\u00a0Sensing the Future: Experiments in Art and Technology (E.A.T.)\u00a0\u00bb, \u00ab\u00a0Fl\u00e8ches embrum\u00e9es\u00a0\u00bb, \u00ab\u00a0Archives Hans Ulrich Obrist Chapitre 5\u00a0\u00bb). Sa rutilante tour sign\u00e9e Frank Gehry accueille ainsi, en \u00e9cho aux Rencontres de la photographie, une <strong>r\u00e9trospective consacr\u00e9e au mythique David Armstrong<\/strong>, mais aussi une <strong>monographie de l\u2019artiste cor\u00e9enne Koo Jeong-A<\/strong> m\u00ealant sculptures, installation olfactive, peintures phosphorescentes et dessins \u00e0 l\u2019encre. L\u2019architecte <strong>Bas Smets<\/strong> s\u2019empare quant \u00e0 lui du Magasin \u00e9lectrique, tandis que Tony Oursler, en collaboration avec le studio EBB fond\u00e9 par Ne\u00efl Beloufa, pr\u00e9sentera, au parc des Ateliers et dans la tour, \u00ab\u00a0Sybil\u00a0\u00bb, un<strong> projet combinant pr\u00e9dictions loufoques et nouvelles technologies<\/strong>.<\/p>\n<p class=\"annexe-content__infos\">33 Avenue Victor Hugo \u2022 13200 Arles<br \/><a href=\"http:\/\/www.luma-arles.org\/\" rel=\"nofollow noopener\" target=\"_blank\">www.luma-arles.org<\/a><\/p>\n<p>Michelangelo Pistoletto en dialogue chez Lee Ufan Arles<\/p>\n<p>    <img loading=\"lazy\" decoding=\"async\" class=\"image__img\" src=\"https:\/\/www.europesays.com\/fr\/wp-content\/uploads\/2025\/07\/gpart_lee_ufan_pistolettojuin25_0221-964x542.jpg\" alt=\"Michelangelo Pistoletto, \u00ab\u00a0Color and Light\u00a0\u00bb, 2024 et \u00ab\u00a0Attesa n.1\u00a0\u00bb, 1973\" width=\"964\" height=\"542\"\/><\/p>\n<p>Michelangelo Pistoletto, \u00ab\u00a0Color and Light\u00a0\u00bb, 2024\u00a0et \u00ab\u00a0Attesa n.1\u00a0\u00bb, 1973<\/p>\n<p>    i<\/p>\n<p class=\"legende__cartel\">Courtesy Michelangelo Pistoletto et Galleria Continua<\/p>\n<p class=\"editor-content__paragraph\">Deux autres g\u00e9ants de l\u2019art contemporain vous donnent rendez-vous \u00e0 Arles cet \u00e9t\u00e9\u00a0: il s\u2019agit de <strong>Michelangelo Pistoletto<\/strong> et de <strong>Lee Ufan<\/strong>, qui se retrouvent tout l\u2019\u00e9t\u00e9 dans <a href=\"https:\/\/www.beauxarts.com\/expos\/lee-ufan-sous-le-ciel-arlesien\/\" target=\"_blank\" rel=\"noopener nofollow\">le lieu ouvert par l\u2019artiste cor\u00e9en en 2022<\/a>. Ainsi rassembl\u00e9es entre les murs de ce sublime h\u00f4tel particulier du XVIIe si\u00e8cle redessin\u00e9 par Tadao Ando (qui vaut \u00e0 lui seul la visite\u00a0!), leurs \u0153uvres offrent au visiteur <strong>une r\u00e9flexion sur l\u2019infini<\/strong>, mais aussi <strong>sur l\u2019\u00e9pure<\/strong> \u2013 des notions qui trouvent un \u00e9cho particulier chez ces repr\u00e9sentants de l\u2019<a href=\"https:\/\/www.beauxarts.com\/grand-format\/larte-povera-en-2-minutes\/\" target=\"_blank\" rel=\"noopener nofollow\">arte povera<\/a>, pour le premier, et du mouvement Mono-ha, pour le second. \u00c0 ne pas manquer \u00e9galement dans l\u2019atelier MA de l\u2019h\u00f4tel de Vernon\u00a0: <strong>\u00ab\u00a0Something Moves\u00a0\u00bb, l\u2019exposition de Caroline Corbasson<\/strong>, laur\u00e9ate du prix Art &amp; Environnement initi\u00e9 par Lee Ufan Arles et la Maison Guerlain.<\/p>\n<p>  Arrow<\/p>\n<p>A conversation piece, Michelangelo Pistoletto et Lee Ufan en dialogue<\/p>\n<p>Du 25 juin 2025 au 5 octobre 2025<\/p>\n<p class=\"url-expo\"><a href=\"https:\/\/www.leeufan-arles.org\/expositions\/a-conversation-piece-michelangelo-pistoletto-et-lee-ufan-en-dialogue\" rel=\"nofollow noopener\" target=\"_blank\">www.leeufan-arles.org<\/a><\/p>\n<p class=\"annexe-content__infos\">Lee Ufan Arles \u2022 5 Rue de Vernon \u2022 13200 Arles<br \/><a href=\"https:\/\/www.leeufan-arles.org\/\" rel=\"nofollow noopener\" target=\"_blank\">www.leeufan-arles.org<\/a><\/p>\n<p>  Arrow<\/p>\n<p>Caroline Corbasson. Something Moves<\/p>\n<p>Du 7 juillet 2025 au 5 octobre 2025<\/p>\n<p class=\"url-expo\"><a href=\"https:\/\/www.leeufan-arles.org\/expositions\/something-moves-caroline-corbasson\" rel=\"nofollow noopener\" target=\"_blank\">www.leeufan-arles.org<\/a><\/p>\n<p class=\"annexe-content__infos\">Lee Ufan Arles \u2022 5 Rue de Vernon \u2022 13200 Arles<br \/><a href=\"https:\/\/www.leeufan-arles.org\/\" rel=\"nofollow noopener\" target=\"_blank\">www.leeufan-arles.org<\/a><\/p>\n<p>        \u00c0 lire aussi :<br \/>\n        <a class=\"renvoi-explicite__link\" href=\"https:\/\/www.beauxarts.com\/expos\/lee-ufan-sous-le-ciel-arlesien\/\" rel=\"nofollow noopener\" target=\"_blank\">Lee Ufan sous le ciel arl\u00e9sien<\/a><\/p>\n<p>Print\u00a0: un resto \u00e9ph\u00e9m\u00e8re festif et des expos<\/p>\n<p>    <img loading=\"lazy\" decoding=\"async\" class=\"image__img\" src=\"https:\/\/www.europesays.com\/fr\/wp-content\/uploads\/2025\/07\/webprint5-964x1205.jpg\" alt=\"Affiche \u00ab\u00a0Print\u00a0\u00bb\" width=\"964\" height=\"1205\"\/><\/p>\n<p>Affiche \u00ab\u00a0Print\u00a0\u00bb, 2025<\/p>\n<p class=\"editor-content__paragraph\">Ouvert pendant trois petites semaines seulement, cette adresse s\u2019annonce comme le spot arl\u00e9sien le plus bouillant de l\u2019\u00e9t\u00e9\u00a0! Initi\u00e9 par le chef Alexis Bijaoui et Donatien Cras de Belleval, fondateur du label Cracki Records, Print mitonne une programmation aux petits oignons qui ravira les mordus de food, comme de musique et, bien s\u00fbr, de photo. Toute la journ\u00e9e, on vient profiter des <strong>expos avec un petit caf\u00e9<\/strong> (Alice Moiti\u00e9, Marine Billet, Valentin Fougeray, Laura Pelissier sont annonc\u00e9s), tandis qu\u2019\u00e0 partir de 18h, un<strong> bar cach\u00e9<\/strong> et la cuisine s\u2019activent pour envoyer <strong>des petits plats \u00e0 partager<\/strong>, arros\u00e9s de <strong>cocktails signature<\/strong>. \u00c0 la tomb\u00e9e de la nuit, place \u00e0 la f\u00eate avec des <strong>DJ sets<\/strong> ou des <strong>concerts intimistes<\/strong> \u2013 Pedro Winter et Myd lanceront les festivit\u00e9s le 9\u00a0juillet\u00a0!<\/p>\n<p class=\"annexe-content__subtitle\">Du 7 au 27 juillet 2025<\/p>\n<p>2 avenue Lafayette, 13200 Arles<\/p>\n<p>L\u2019immense Sigmar Polke \u00e0 la fondation Van Gogh<\/p>\n<p>    <img loading=\"lazy\" decoding=\"async\" class=\"image__img\" src=\"https:\/\/www.europesays.com\/fr\/wp-content\/uploads\/2025\/07\/webcf102164_web-964x724.jpg\" alt=\"Vue de l\u2019exposition \u00ab\u00a0Sigmar Polke Sous les pav\u00e9s, la terre\u00a0\u00bb\" width=\"964\" height=\"724\"\/><\/p>\n<p>Vue de l\u2019exposition \u00ab\u00a0Sigmar Polke Sous les pav\u00e9s, la terre\u00a0\u00bb, 2025<\/p>\n<p>    i<\/p>\n<p class=\"legende__cartel\">Photo Fran\u00e7ois Deladerri\u00e8re 2025<\/p>\n<p class=\"editor-content__paragraph\">Figure majeure de l\u2019art du XXe si\u00e8cle, Sigmar Polke est c\u00e9l\u00e9br\u00e9 \u00e0 la fondation Van Gogh, qui lui consacre une <strong>importante r\u00e9trospective<\/strong> \u2013 la premi\u00e8re en France depuis 2014. Orchestr\u00e9e par Bice Curiger, dont il fut l\u2019ami, l\u2019exposition plonge le visiteur <strong>dans l\u2019univers d\u00e9tonnant de cet artiste inclassable<\/strong>. Peintures, mais aussi photographies, estampes et films retracent ainsi sa carri\u00e8re, caract\u00e9ris\u00e9e par un go\u00fbt certain pour<strong> l\u2019exp\u00e9rimentation sous toutes ses formes<\/strong>. Deux \u0153uvres de <a href=\"https:\/\/www.beauxarts.com\/grand-format\/vincent-van-gogh-en-2-minutes\/\" target=\"_blank\" rel=\"noopener nofollow\">Vincent van Gogh<\/a> ouvrent le parcours (Paysan et paysanne plantant des pommes de terre et Panier de pommes de terre), mettant non seulement en lumi\u00e8re l\u2019attachement de ces deux artistes pour le <strong>motif de la pomme de terre<\/strong>, mais aussi <strong>l\u2019humour grin\u00e7ant<\/strong> de Polke, qui n\u2019a eu de cesse de porter sur son \u00e9poque (et la soci\u00e9t\u00e9 de consommation) un regard attentif non d\u00e9nu\u00e9 d\u2019ironie.<\/p>\n<p>  Arrow<\/p>\n<p>Sigmar Polke. Sous les pav\u00e9s, la terre<\/p>\n<p>Du 1 mars 2025 au 26 octobre 2025<\/p>\n<p class=\"url-expo\"><a href=\"https:\/\/www.fondation-vincentvangogh-arles.org\/exposition\/sigmar-polke-sous-les-paves-la-terre\/\" rel=\"nofollow noopener\" target=\"_blank\">www.fondation-vincentvangogh-arles.org<\/a><\/p>\n<p class=\"annexe-content__infos\">Fondation Vincent Van Gogh \u2022 35 Rue du Docteur Fanton \u2022 13200 Arles<br \/><a href=\"http:\/\/www.fondation-vincentvangogh-arles.org\/\" rel=\"nofollow noopener\" target=\"_blank\">www.fondation-vincentvangogh-arles.org<\/a><\/p>\n<p>Jean-Pierre Formica s\u2019invite aux Alyscamps<\/p>\n<p>    <img loading=\"lazy\" decoding=\"async\" class=\"image__img\" src=\"https:\/\/www.europesays.com\/fr\/wp-content\/uploads\/2025\/07\/web02-07-2025-alyscamps-formica--herve-hote-20-964x643.jpg\" alt=\"Vue de l\u2019exposition \u00ab\u00a0Jean-Pierre Formica. Panta Rhei\u00a0\u00bb\" width=\"964\" height=\"643\"\/><\/p>\n<p>Vue de l\u2019exposition \u00ab\u00a0Jean-Pierre Formica. Panta Rhei\u00a0\u00bb, 2025<\/p>\n<p>    i<\/p>\n<p class=\"editor-content__paragraph\">Ceux qui ont d\u00e9j\u00e0 arpent\u00e9 les Alyscamps savent combien <strong>ce lieu magique<\/strong> se pr\u00eate admirablement aux rendez-vous artistiques. Apr\u00e8s Lee Ufan l\u2019an pass\u00e9, <strong>l\u2019artiste Jean-Pierre Formica<\/strong> s\u2019invite dans cette <strong>ancienne n\u00e9cropole<\/strong> datant de l\u2019\u00e9poque romaine. <strong>Sculpt\u00e9es dans le sel, le bronze et la terre<\/strong>, ses \u0153uvres surgissent tel un r\u00eave parmi la v\u00e9g\u00e9tation et les vestiges de sarcophages dans une atmosph\u00e8re paisible, propice \u00e0 la d\u00e9ambulation et \u00e0 la m\u00e9ditation. Ce natif du sud, qui puise son inspiration dans la culture m\u00e9diterran\u00e9enne, invite ainsi les visiteurs \u00e0 prendre part \u00e0 une <strong>\u00ab\u00a0arch\u00e9ologie du pr\u00e9sent\u00a0\u00bb<\/strong>, qu\u2019il d\u00e9veloppe aussi au m\u00eame moment entre les murs de <strong>galerie Regala<\/strong>.<\/p>\n<p>  Arrow<\/p>\n<p>Jean-Pierre Formica. Panta Rhei<\/p>\n<p>Du 5 juillet 2025 au 30 septembre 2025<\/p>\n<p class=\"annexe-content__infos\">Alyscamps \u2022 Avenue des Alyscamps \u2022 13200 Arles<br \/><a href=\"https:\/\/www.arlestourisme.com\/fr\/monument-detail.html\" rel=\"nofollow noopener\" target=\"_blank\">www.arlestourisme.com<\/a><\/p>\n<p>  Arrow<\/p>\n<p>Jean-Pierre Formica. Rituels<\/p>\n<p>Du 5 juillet 2025 au 5 octobre 2025<\/p>\n<p class=\"url-expo\"><a href=\"https:\/\/www.galerieregala.com\/copie-de-l-atelier-des-tissus-4\" rel=\"nofollow noopener\" target=\"_blank\">www.galerieregala.com<\/a><\/p>\n<p class=\"annexe-content__infos\">Galerie Regala \u2022 12 Plan de la Cour \u2022 13200 Arles<br \/><a href=\"https:\/\/www.galerieregala.com\/\" rel=\"nofollow noopener\" target=\"_blank\">www.galerieregala.com<\/a><\/p>\n<p>L\u2019h\u00f4tel de la Lauzi\u00e8re se d\u00e9voile<\/p>\n<p>    <img loading=\"lazy\" decoding=\"async\" class=\"image__img\" src=\"https:\/\/www.europesays.com\/fr\/wp-content\/uploads\/2025\/07\/modhotel-de-la-lauziere-prefiguration-c-hotel-de-la-lauziere-photo-herve-hote-5-964x643.jpg\" alt=\"Ho\u0302tel de la Lauzie\u0300re, Pre\u0301figuration\" width=\"964\" height=\"643\"\/><\/p>\n<p>Ho\u0302tel de la Lauzie\u0300re, Pre\u0301figuration, 2025<\/p>\n<p>    i<\/p>\n<p class=\"legende__cartel\">\u00a9 Ho\u0302tel De La Lauzie\u0300re \/ Photo Herve\u0301<\/p>\n<p class=\"editor-content__paragraph\">De passage \u00e0 Arles, vous vous \u00eates sans doute d\u00e9j\u00e0 arr\u00eat\u00e9 devant cette <strong>myst\u00e9rieuse porte<\/strong> entour\u00e9e de colonnes torsad\u00e9es, en vous demandant ce qui se cachait derri\u00e8re\u2026 Bonne nouvelle pour les curieux\u00a0: l\u2019h\u00f4tel de la Lauzi\u00e8re pr\u00e9ouvre cet \u00e9t\u00e9 ses portes, <strong>donnant un avant-gout<\/strong> de ce \u00e0 quoi ressemblera <strong>ce nouveau lieu culturel<\/strong>. Initi\u00e9 par un collectif r\u00e9unissant la galeriste Anne-Laure Buffard, Nathaly Capelle, Fran\u00e7ois Gagey et Jean-Florent Mandelbaum, il <strong>ne sera officiellement inaugur\u00e9 que l\u2019an prochain<\/strong>, apr\u00e8s travaux. En attendant, on pourra y d\u00e9couvrir, en \u00e9cho aux Rencontres, une exposition de l\u2019artiste franco-vietnamienne <strong>Nhu Xuan Hua<\/strong> invit\u00e9e pour l\u2019occasion \u00e0 s\u2019emparer de ces espaces laiss\u00e9s \u00ab\u00a0dans leur jus\u00a0\u00bb, lesquels n\u2019avaient pas vu \u00e2me qui vive depuis 60\u00a0ans.<\/p>\n<p>  Arrow<\/p>\n<p>Nhu Xuan Hua. Let the Horses Ride<\/p>\n<p class=\"url-expo\"><a href=\"https:\/\/www.instagram.com\/p\/DLfmrCCtlBt\/\" rel=\"nofollow noopener\" target=\"_blank\">www.instagram.com<\/a><\/p>\n<p class=\"annexe-content__infos\">H\u00f4tel de la Lauzi\u00e8re \u2022 42 Rue de la R\u00e9publique \u2022 13200 Arles<br \/><a href=\"http:\/\/www.patrimoine.ville-arles.fr\/index.php?obj=edifice&amp;idx=86&amp;quartier=15&amp;site=0\" rel=\"nofollow noopener\" target=\"_blank\">www.patrimoine.ville-arles.fr<\/a><\/p>\n<p>Un nouvel accrochage \u00e0 la fondation Thalie<\/p>\n<p>    <img loading=\"lazy\" decoding=\"async\" class=\"image__img\" src=\"https:\/\/www.europesays.com\/fr\/wp-content\/uploads\/2025\/07\/sine-iv-melbourne-australia-2000-964x1446.jpg\" alt=\"Zanele Muholi, Sine IV, Melbourne\" width=\"964\" height=\"1446\"\/><\/p>\n<p>Zanele Muholi, Sine IV, Melbourne, 2000<\/p>\n<p class=\"editor-content__paragraph\">Voil\u00e0 deux ans que la fondation Thalie, pilot\u00e9e par Nathalie Guiot a pos\u00e9 ses valises \u00e0 l\u2019ombre des majestueuses ar\u00e8nes, <strong>dans une superbe maison de drapiers du XVIIe si\u00e8cle<\/strong>, qui fut aussi la demeure du peintre Gabriel Delprat. C\u2019est entre ces murs charg\u00e9s d\u2019histoire que se d\u00e9ploie un <strong>nouvel accrochage de la collection<\/strong> en dialogue avec un <strong>ensemble de photographies<\/strong> et des commissions d\u2019artistes in situ. Au fil des \u0153uvres d\u2019Albarran Cabrera, de No\u00e9mie Goudal, de Karine Rougier ou encore d\u2019Ana\u00efs Tondeur, <strong>\u00ab\u00a0G\u00e9ologie des \u00e2mes\u00a0\u00bb<\/strong> invite \u00e0 <strong>repenser l\u2019humain<\/strong> \u00e0 travers le prisme des r\u00e9cits post-coloniaux et des identit\u00e9s de genre, dont l\u2019empreinte marque l\u2019\u00e2me des communaut\u00e9s comme les strates g\u00e9ologiques de la terre.<\/p>\n<p>  Arrow<\/p>\n<p>G\u00e9ologie des \u00e2mes<\/p>\n<p>Du 8 juillet 2025 au 25 juillet 2025<br \/>Du 08 au 12 Juillet : entr\u00e9e libre pendant les Rencontres professionnelles de la Photographie, de 14h \u00e0 18h<br \/>Du 15 au 25 Juillet : La maison est accessible sur r\u00e9servation uniquement<br \/>Fondation Thalie (Arles)<\/p>\n<p class=\"url-expo\"><a href=\"https:\/\/fondationthalie.org\/fr\/expositions\/geologie-des-ames\" rel=\"nofollow noopener\" target=\"_blank\">fondationthalie.org<\/a><\/p>\n<p class=\"annexe-content__infos\">Fondation Thalie &#8211; Arles \u2022 34 Rue de l&rsquo;Amphith\u00e9\u00e2tre \u2022 13200 Arles<br \/><a href=\"https:\/\/fondationthalie.org\/fr\/\" rel=\"nofollow noopener\" target=\"_blank\">fondationthalie.org<\/a><\/p>\n<p>Une expo envo\u00fbtante \u00e0 la fondation Manuel Rivera-Ortiz<\/p>\n<p>    <img loading=\"lazy\" decoding=\"async\" class=\"image__img\" src=\"https:\/\/www.europesays.com\/fr\/wp-content\/uploads\/2025\/07\/web5_mro-foundationgypsy-witches-silvia-prio-964x643.jpg\" alt=\"Silvia Pri\u00f3, Gypsy Witches\" width=\"964\" height=\"643\"\/><\/p>\n<p>Silvia Pri\u00f3, Gypsy Witches<\/p>\n<p>    i<\/p>\n<p class=\"editor-content__paragraph\">Voil\u00e0 dix ans que la fondation Manuel Rivera-Ortiz, <strong>nich\u00e9e au c\u0153ur de l\u2019h\u00f4tel Blain<\/strong>, nous envo\u00fbte\u2026 Celle-ci ne compte pas s\u2019arr\u00eater en si bon chemin puisqu\u2019elle pr\u00e9sente tout l\u2019\u00e9t\u00e9 <strong>\u00ab\u00a0Sortil\u00e8ges\u00a0\u00bb<\/strong>, une exposition qui s\u2019inscrit <strong>dans le programme associ\u00e9 des Rencontres d\u2019Arles<\/strong>. Rassemblant une dizaine de photographes internationaux, le parcours <strong>sonde les mondes occultes<\/strong> pour mieux r\u00e9v\u00e9ler la beaut\u00e9 de leurs myst\u00e8res et de leur magie. On y retrouve notamment de grandes figures des croyances populaires telles que <strong>la Vierge noire, sainte Sara et la divinit\u00e9 tao\u00efste Mazu<\/strong>. Une expo qui ouvre grand les portes de l\u2019imaginaire\u00a0!<\/p>\n<p>Du 7 juillet 2025 au 5 octobre 2025<\/p>\n<p class=\"url-expo\"><a href=\"https:\/\/mrofoundation.org\/EXPOSITIONS-A-VENIR\" rel=\"nofollow noopener\" target=\"_blank\">mrofoundation.org<\/a><\/p>\n<p class=\"annexe-content__infos\">Fondation Manuel Rivera-Ortiz \u2022 18 Rue de la Calade \u2022 13200 Arles<br \/><a href=\"https:\/\/mrofoundation.org\/\" rel=\"nofollow noopener\" target=\"_blank\">mrofoundation.org<\/a><\/p>\n<p>        \u00c0 lire aussi :<br \/>\n        <a class=\"renvoi-explicite__link\" href=\"https:\/\/www.beauxarts.com\/grand-format\/la-fondation-bustamante-un-nouveau-centre-dart-a-arles-annonce-pour-2026\/\" rel=\"nofollow noopener\" target=\"_blank\">La Fondation Bustamante, un nouveau centre d&rsquo;art \u00e0 Arles annonc\u00e9 pour 2026<\/a><\/p>\n<p><script async src=\"\/\/www.instagram.com\/embed.js\"><\/script><\/p>\n","protected":false},"excerpt":{"rendered":"\u00ab\u00a0Image indociles\u00a0\u00bb\u00a0: voil\u00e0 le th\u00e8me prometteur de cette 56e \u00e9dition des Rencontres d\u2019Arles, qui ouvriront leurs portes \u00e0&hellip;\n","protected":false},"author":2,"featured_media":235737,"comment_status":"","ping_status":"","sticky":false,"template":"","format":"standard","meta":{"footnotes":""},"categories":[1358],"tags":[37450,1348,1384,1385,1386,58,59,37447,37453,37449,37448,1011,27,37451,37452,37446,37000,37445],"class_list":{"0":"post-235736","1":"post","2":"type-post","3":"status-publish","4":"format-standard","5":"has-post-thumbnail","7":"category-arts-et-design","8":"tag-alyscamps","9":"tag-arts","10":"tag-arts-and-design","11":"tag-arts-et-design","12":"tag-design","13":"tag-divertissement","14":"tag-entertainment","15":"tag-fondation-luma","16":"tag-fondation-manuel-rivera-ortiz","17":"tag-fondation-thalie","18":"tag-fondation-vincent-van-gogh","19":"tag-fr","20":"tag-france","21":"tag-galerie-regala","22":"tag-hotel-de-la-lauziere","23":"tag-lee-ufan-arles","24":"tag-musee-de-la-mode-et-du-costume-fragonard","25":"tag-rencontres-arles"},"share_on_mastodon":{"url":"https:\/\/pubeurope.com\/@fr\/114818978345728767","error":""},"_links":{"self":[{"href":"https:\/\/www.europesays.com\/fr\/wp-json\/wp\/v2\/posts\/235736","targetHints":{"allow":["GET"]}}],"collection":[{"href":"https:\/\/www.europesays.com\/fr\/wp-json\/wp\/v2\/posts"}],"about":[{"href":"https:\/\/www.europesays.com\/fr\/wp-json\/wp\/v2\/types\/post"}],"author":[{"embeddable":true,"href":"https:\/\/www.europesays.com\/fr\/wp-json\/wp\/v2\/users\/2"}],"replies":[{"embeddable":true,"href":"https:\/\/www.europesays.com\/fr\/wp-json\/wp\/v2\/comments?post=235736"}],"version-history":[{"count":0,"href":"https:\/\/www.europesays.com\/fr\/wp-json\/wp\/v2\/posts\/235736\/revisions"}],"wp:featuredmedia":[{"embeddable":true,"href":"https:\/\/www.europesays.com\/fr\/wp-json\/wp\/v2\/media\/235737"}],"wp:attachment":[{"href":"https:\/\/www.europesays.com\/fr\/wp-json\/wp\/v2\/media?parent=235736"}],"wp:term":[{"taxonomy":"category","embeddable":true,"href":"https:\/\/www.europesays.com\/fr\/wp-json\/wp\/v2\/categories?post=235736"},{"taxonomy":"post_tag","embeddable":true,"href":"https:\/\/www.europesays.com\/fr\/wp-json\/wp\/v2\/tags?post=235736"}],"curies":[{"name":"wp","href":"https:\/\/api.w.org\/{rel}","templated":true}]}}