{"id":235754,"date":"2025-07-08T18:25:10","date_gmt":"2025-07-08T18:25:10","guid":{"rendered":"https:\/\/www.europesays.com\/fr\/235754\/"},"modified":"2025-07-08T18:25:10","modified_gmt":"2025-07-08T18:25:10","slug":"lula-tient-tete-a-trump-sur-les-droits-de-douane-liran-et-le-dollar-liberation","status":"publish","type":"post","link":"https:\/\/www.europesays.com\/fr\/235754\/","title":{"rendered":"Lula tient t\u00eate \u00e0 Trump sur les droits de douane, l\u2019Iran et le dollar \u2013 Lib\u00e9ration"},"content":{"rendered":"<p class=\"sc-ksZaOG ehjQrN text-element\">Comme quoi, la prudence ne paie pas. <a href=\"https:\/\/www.liberation.fr\/international\/sans-xi-ni-poutine-a-rio-les-brics-cherchent-leur-cap-20250706_AQRYBWYMNJEL7GHIZZRV5G3TR4\/\" target=\"_blank\" rel=\"noreferrer noopener\" title=\"https:\/\/www.liberation.fr\/international\/sans-xi-ni-poutine-a-rio-les-brics-cherchent-leur-cap-20250706_AQRYBWYMNJEL7GHIZZRV5G3TR4\/\">Les pays membres des Brics<\/a> \u2013 forum de coop\u00e9ration entre pays \u00e9mergents &#8211; avaient cru s\u2019\u00e9viter des foudres suppl\u00e9mentaires de <a href=\"https:\/\/www.liberation.fr\/tags\/donald-trump\/\" target=\"_blank\" rel=\"noreferrer noopener\" title=\"https:\/\/www.liberation.fr\/tags\/donald-trump\/\">Donald Trump<\/a> en ne critiquant pas directement les Etats-Unis dans le communiqu\u00e9 final de leur sommet, qui s\u2019est tenu du dimanche 6 au lundi 7 juillet \u00e0 Rio.<\/p>\n<p class=\"sc-ksZaOG ehjQrN text-element\">Si elle ne mentionne pas nomm\u00e9ment Washington, cette d\u00e9claration commune de 38 pages fait \u00e9tat de \u00abs\u00e9rieuses pr\u00e9occupations face \u00e0 l\u2019augmentation de mesures douani\u00e8res et non-douani\u00e8res qui faussent le commerce\u00bb, ainsi que <a href=\"https:\/\/www.liberation.fr\/international\/moyen-orient\/bombardement-des-installations-nucleaires-iraniennes-quels-sont-les-risques-de-retombees-radioactives-20250622_FZVF6R2YIVAHNETVR2GNHR422U\/\" target=\"_blank\" rel=\"noreferrer noopener\" title=\"https:\/\/www.liberation.fr\/international\/moyen-orient\/bombardement-des-installations-nucleaires-iraniennes-quels-sont-les-risques-de-retombees-radioactives-20250622_FZVF6R2YIVAHNETVR2GNHR422U\/\">les attaques contre les sites nucl\u00e9aires<\/a> d\u2019un de l<\/p>\n","protected":false},"excerpt":{"rendered":"Comme quoi, la prudence ne paie pas. Les pays membres des Brics \u2013 forum de coop\u00e9ration entre pays&hellip;\n","protected":false},"author":2,"featured_media":235755,"comment_status":"","ping_status":"","sticky":false,"template":"","format":"standard","meta":{"footnotes":""},"categories":[5],"tags":[11,2548,75,73,1011,27,1074,14,19363,12,28],"class_list":{"0":"post-235754","1":"post","2":"type-post","3":"status-publish","4":"format-standard","5":"has-post-thumbnail","7":"category-international","8":"tag-actualites","9":"tag-bresil","10":"tag-donald-trump","11":"tag-etats-unis","12":"tag-fr","13":"tag-france","14":"tag-guerre-commerciale","15":"tag-international","16":"tag-lula","17":"tag-news","18":"tag-world"},"share_on_mastodon":{"url":"https:\/\/pubeurope.com\/@fr\/114819021147195543","error":""},"_links":{"self":[{"href":"https:\/\/www.europesays.com\/fr\/wp-json\/wp\/v2\/posts\/235754","targetHints":{"allow":["GET"]}}],"collection":[{"href":"https:\/\/www.europesays.com\/fr\/wp-json\/wp\/v2\/posts"}],"about":[{"href":"https:\/\/www.europesays.com\/fr\/wp-json\/wp\/v2\/types\/post"}],"author":[{"embeddable":true,"href":"https:\/\/www.europesays.com\/fr\/wp-json\/wp\/v2\/users\/2"}],"replies":[{"embeddable":true,"href":"https:\/\/www.europesays.com\/fr\/wp-json\/wp\/v2\/comments?post=235754"}],"version-history":[{"count":0,"href":"https:\/\/www.europesays.com\/fr\/wp-json\/wp\/v2\/posts\/235754\/revisions"}],"wp:featuredmedia":[{"embeddable":true,"href":"https:\/\/www.europesays.com\/fr\/wp-json\/wp\/v2\/media\/235755"}],"wp:attachment":[{"href":"https:\/\/www.europesays.com\/fr\/wp-json\/wp\/v2\/media?parent=235754"}],"wp:term":[{"taxonomy":"category","embeddable":true,"href":"https:\/\/www.europesays.com\/fr\/wp-json\/wp\/v2\/categories?post=235754"},{"taxonomy":"post_tag","embeddable":true,"href":"https:\/\/www.europesays.com\/fr\/wp-json\/wp\/v2\/tags?post=235754"}],"curies":[{"name":"wp","href":"https:\/\/api.w.org\/{rel}","templated":true}]}}