{"id":235756,"date":"2025-07-08T18:26:11","date_gmt":"2025-07-08T18:26:11","guid":{"rendered":"https:\/\/www.europesays.com\/fr\/235756\/"},"modified":"2025-07-08T18:26:11","modified_gmt":"2025-07-08T18:26:11","slug":"apres-la-mort-dolivier-marleix-lassemblee-nationale-en-deuil","status":"publish","type":"post","link":"https:\/\/www.europesays.com\/fr\/235756\/","title":{"rendered":"apr\u00e8s la mort d\u2019Olivier Marleix, l\u2019Assembl\u00e9e nationale en deuil"},"content":{"rendered":"<p><strong>R\u00c9CIT <\/strong>&#8211; Ce mardi, une vive \u00e9motion a travers\u00e9 les bancs du Palais Bourbon alors qu\u2019un vibrant hommage a \u00e9t\u00e9 rendu au d\u00e9put\u00e9 LR Olivier Marleix, qui a mis fin \u00e0 ses jours hier.<\/p>\n<p class=\"fig-paragraph\">L\u2019Assembl\u00e9e nationale perd l\u2019un des siens. Dans cette journ\u00e9e d\u2019\u00e9t\u00e9 lumineuse, sous la vo\u00fbte de l\u2019H\u00e9micycle, les d\u00e9put\u00e9s disent adieu \u00e0 l\u2019un des membres les plus \u00e9minents et respect\u00e9s de leur famille. L\u2019\u00e9lu LR et ancien patron de la droite \u00e0 l\u2019Assembl\u00e9e,\u00a0<a href=\"http:\/\/www.lefigaro.fr\/politique\/le-depute-lr-olivier-marleix-a-mis-fin-a-ses-jours-20250707\" data-fig-type=\"NewsFlash\" data-gtm-custom-categorie=\"navigation\" data-gtm-custom-action=\"crossclick\" data-gtm-custom-label=\"Contextuel\" data-gtm-event=\"customEventSPE\" data-fig-domain=\"LEFIGARO\" target=\"_blank\" rel=\"noopener\">Olivier Marleix<\/a>, a mis fin \u00e0 ses jours lundi 7\u00a0juillet. Depuis 24\u00a0heures,\u00a0<a href=\"http:\/\/www.lefigaro.fr\/politique\/homme-de-convictions-defenseur-de-l-interet-general-la-classe-politique-rend-un-hommage-unanime-a-olivier-marleix-20250707\" data-fig-type=\"Article\" data-gtm-custom-categorie=\"navigation\" data-gtm-custom-action=\"crossclick\" data-gtm-custom-label=\"Contextuel\" data-gtm-event=\"customEventSPE\" data-fig-domain=\"LEFIGARO\" target=\"_blank\" rel=\"noopener\">l\u2019hommage de la classe politique est unanime<\/a>. Ce mardi, sur tous les bancs de l\u2019H\u00e9micycle, l\u2019\u00e9motion submerge les d\u00e9put\u00e9s. Dans les couloirs, dans l\u2019enceinte parlementaire, \u00e0 la buvette, le d\u00e9put\u00e9 d\u2019Eure-et-Loir est dans chacun des c\u0153urs qu\u2019il a connus, et m\u00eame juste crois\u00e9s. S\u2019entrem\u00ealent une lourde tristesse, une franche stup\u00e9faction et une grande incompr\u00e9hension. La semaine derni\u00e8re, Olivier Marleix \u00e9tait encore l\u00e0, au milieu de ses coll\u00e8gues, \u00e0 d\u00e9fendre, comme toujours, avec sinc\u00e9rit\u00e9, ses convictions. Aujourd\u2019hui, son si\u00e8ge est vide. \u00ab\u00a0Je n\u2019arrive toujours pas \u00e0 r\u00e9aliser\u00a0\u00bb, chuchote, d\u2019une voix sourde, sa coll\u00e8gue LR Virginie Duby-Muller.<\/p>\n<p class=\"fig-paragraph\">Dans une enceinte\u2026<\/p>\n<p class=\"fig-premium-paywall__infos\">\n        Cet article est r\u00e9serv\u00e9 aux abonn\u00e9s.        Il vous reste 83% \u00e0 d\u00e9couvrir.\n    <\/p>\n<p>                <img  data- alt=\"Le Figaro\" class=\"fig-img--complete fig-img\"\/><\/p>\n<p class=\"fig-premium-paywall__title\">Vous avez envie de lire la suite ?<\/p>\n<p class=\"fig-premium-paywall__subtitle\">D\u00e9bloquez tous les articles imm\u00e9diatement.<\/p>\n<p class=\"fig-premium-paywall__connect\">\n                D\u00e9j\u00e0 abonn\u00e9\u00a0?                <a class=\"fig-premium-paywall__connect-link\" href=\"https:\/\/connect.lefigaro.fr\/login?client=horizon_web&amp;type=main&amp;redirect_uri=https%3A%2F%2Fwww.lefigaro.fr%2Fpolitique%2Fapres-la-mort-d-olivier-marleix-l-assemblee-nationale-en-deuil-20250708\" data-js-gtm=\"{&quot;customCategorie&quot;: &quot;conversion&quot;, &quot;customAction&quot;: &quot;before_Landing_Connexion_paywall_auto&quot;, &quot;customLabel&quot;: &quot;bGVmaWdhcm8uZnJfXzFmMDViZmVjLTFkZWQtNmJhYS1iZjQ0LTk5MjU2ODUwOGMxOV9fQXJ0aWNsZQ==_\u00abOn est tous en \u00e9tat de choc, on est sid\u00e9r\u00e9s\u00bb\u00a0: apr\u00e8s la mort d\u2019Olivier Marleix, l\u2019Assembl\u00e9e nationale en deuil_15&quot;, &quot;customIDSPE&quot;: &quot;bGVmaWdhcm8uZnJfXzFmMDViZmVjLTFkZWQtNmJhYS1iZjQ0LTk5MjU2ODUwOGMxOV9fQXJ0aWNsZQ==&quot;, &quot;event&quot;: &quot;customEventSPE&quot;}\" target=\"_blank\" rel=\"noopener\"><br \/>\n                    Connectez-vous<br \/>\n                <\/a>\n            <\/p>\n","protected":false},"excerpt":{"rendered":"R\u00c9CIT &#8211; Ce mardi, une vive \u00e9motion a travers\u00e9 les bancs du Palais Bourbon alors qu\u2019un vibrant hommage&hellip;\n","protected":false},"author":2,"featured_media":235757,"comment_status":"","ping_status":"","sticky":false,"template":"","format":"standard","meta":{"footnotes":""},"categories":[4],"tags":[11,416,1011,27,6319,12,37458,25],"class_list":{"0":"post-235756","1":"post","2":"type-post","3":"status-publish","4":"format-standard","5":"has-post-thumbnail","7":"category-france","8":"tag-actualites","9":"tag-assemblee-nationale","10":"tag-fr","11":"tag-france","12":"tag-les-republicains","13":"tag-news","14":"tag-olivier-marleix","15":"tag-republique-francaise"},"share_on_mastodon":{"url":"https:\/\/pubeurope.com\/@fr\/114819025022040525","error":""},"_links":{"self":[{"href":"https:\/\/www.europesays.com\/fr\/wp-json\/wp\/v2\/posts\/235756","targetHints":{"allow":["GET"]}}],"collection":[{"href":"https:\/\/www.europesays.com\/fr\/wp-json\/wp\/v2\/posts"}],"about":[{"href":"https:\/\/www.europesays.com\/fr\/wp-json\/wp\/v2\/types\/post"}],"author":[{"embeddable":true,"href":"https:\/\/www.europesays.com\/fr\/wp-json\/wp\/v2\/users\/2"}],"replies":[{"embeddable":true,"href":"https:\/\/www.europesays.com\/fr\/wp-json\/wp\/v2\/comments?post=235756"}],"version-history":[{"count":0,"href":"https:\/\/www.europesays.com\/fr\/wp-json\/wp\/v2\/posts\/235756\/revisions"}],"wp:featuredmedia":[{"embeddable":true,"href":"https:\/\/www.europesays.com\/fr\/wp-json\/wp\/v2\/media\/235757"}],"wp:attachment":[{"href":"https:\/\/www.europesays.com\/fr\/wp-json\/wp\/v2\/media?parent=235756"}],"wp:term":[{"taxonomy":"category","embeddable":true,"href":"https:\/\/www.europesays.com\/fr\/wp-json\/wp\/v2\/categories?post=235756"},{"taxonomy":"post_tag","embeddable":true,"href":"https:\/\/www.europesays.com\/fr\/wp-json\/wp\/v2\/tags?post=235756"}],"curies":[{"name":"wp","href":"https:\/\/api.w.org\/{rel}","templated":true}]}}