{"id":235764,"date":"2025-07-08T18:30:14","date_gmt":"2025-07-08T18:30:14","guid":{"rendered":"https:\/\/www.europesays.com\/fr\/235764\/"},"modified":"2025-07-08T18:30:14","modified_gmt":"2025-07-08T18:30:14","slug":"les-horaires-des-guinguettes-modifies-le-week-end-du-14-juillet","status":"publish","type":"post","link":"https:\/\/www.europesays.com\/fr\/235764\/","title":{"rendered":"Les horaires des guinguettes modifi\u00e9s le week-end du 14\u00a0juillet"},"content":{"rendered":"<p><strong>Guinguette du parc Blondlot<\/strong> \u00a0: samedi 12\u00a0juillet\u00a0: concert Nina Davi de 19\u00a0h \u00e0 20\u00a0h\u00a030. Fermeture \u00e0 minuit le 13\u00a0juillet. <strong>Guinguette Carnot<\/strong> \u00a0: ouverture de 17\u00a0h \u00e0 minuit le dimanche 13\u00a0juillet, concert style bal musette avec Jonathan Crooner. <strong>Guinguette de la Cure d\u2019Air<\/strong> \u00a0: fermeture \u00e0 minuit le 13\u00a0juillet. Samedi\u00a012\u00a0: 19\u00a0h Marcel Van Dam. Dimanche\u00a013\u00a0: 19\u00a0h ambiance dansante. <strong>Guinguette parc Charles III<\/strong> \u00a0: fermeture \u00e0 minuit le 13\u00a0juillet\u00a0; vendredi\u00a011\u00a0: 19\u00a0h Chili Spoon dimanche\u00a013\u00a0: La Folie des Bruncheurs (11\u00a0h-15\u00a0h) &#8211; Sunday By SunDave sp\u00e9cial 14\u00a0juillet\u00a0: \u00ab\u00a0Lib\u00e9r\u00e9, D\u00e9livr\u00e9\u00a0\u00bb (\u00e0 partir de 15\u00a0h)\u00a0: animation\/quiz\u00a0etc. <strong>Guinguette de la porte de la Craffe<\/strong> \u00a0: fermeture \u00e0 minuit le 13\u00a0juillet. <strong>Guinguette de la plage de la M\u00e9chelle<\/strong> \u00a0: fermeture \u00e0 minuit le 14\u00a0juillet.<\/p>\n","protected":false},"excerpt":{"rendered":"Guinguette du parc Blondlot \u00a0: samedi 12\u00a0juillet\u00a0: concert Nina Davi de 19\u00a0h \u00e0 20\u00a0h\u00a030. Fermeture \u00e0 minuit le&hellip;\n","protected":false},"author":2,"featured_media":235765,"comment_status":"","ping_status":"","sticky":false,"template":"","format":"standard","meta":{"footnotes":""},"categories":[9635],"tags":[1111,11,1687,1704,1777,674,1011,27,775,873,1702,1703,12,25],"class_list":{"0":"post-235764","1":"post","2":"type-post","3":"status-publish","4":"format-standard","5":"has-post-thumbnail","7":"category-nancy","8":"tag-actu","9":"tag-actualites","10":"tag-culture-loisirs","11":"tag-edition-nancy-et-agglomeration","12":"tag-eu","13":"tag-europe","14":"tag-fr","15":"tag-france","16":"tag-grand-est","17":"tag-musique","18":"tag-nancy","19":"tag-nancy-ville-54b","20":"tag-news","21":"tag-republique-francaise"},"share_on_mastodon":{"url":"https:\/\/pubeurope.com\/@fr\/114819040839805622","error":""},"_links":{"self":[{"href":"https:\/\/www.europesays.com\/fr\/wp-json\/wp\/v2\/posts\/235764","targetHints":{"allow":["GET"]}}],"collection":[{"href":"https:\/\/www.europesays.com\/fr\/wp-json\/wp\/v2\/posts"}],"about":[{"href":"https:\/\/www.europesays.com\/fr\/wp-json\/wp\/v2\/types\/post"}],"author":[{"embeddable":true,"href":"https:\/\/www.europesays.com\/fr\/wp-json\/wp\/v2\/users\/2"}],"replies":[{"embeddable":true,"href":"https:\/\/www.europesays.com\/fr\/wp-json\/wp\/v2\/comments?post=235764"}],"version-history":[{"count":0,"href":"https:\/\/www.europesays.com\/fr\/wp-json\/wp\/v2\/posts\/235764\/revisions"}],"wp:featuredmedia":[{"embeddable":true,"href":"https:\/\/www.europesays.com\/fr\/wp-json\/wp\/v2\/media\/235765"}],"wp:attachment":[{"href":"https:\/\/www.europesays.com\/fr\/wp-json\/wp\/v2\/media?parent=235764"}],"wp:term":[{"taxonomy":"category","embeddable":true,"href":"https:\/\/www.europesays.com\/fr\/wp-json\/wp\/v2\/categories?post=235764"},{"taxonomy":"post_tag","embeddable":true,"href":"https:\/\/www.europesays.com\/fr\/wp-json\/wp\/v2\/tags?post=235764"}],"curies":[{"name":"wp","href":"https:\/\/api.w.org\/{rel}","templated":true}]}}