{"id":235772,"date":"2025-07-08T18:34:10","date_gmt":"2025-07-08T18:34:10","guid":{"rendered":"https:\/\/www.europesays.com\/fr\/235772\/"},"modified":"2025-07-08T18:34:10","modified_gmt":"2025-07-08T18:34:10","slug":"des-vacances-et-beaucoup-de-questions-avant-les-municipales","status":"publish","type":"post","link":"https:\/\/www.europesays.com\/fr\/235772\/","title":{"rendered":"des vacances et beaucoup de questions avant les municipales"},"content":{"rendered":"<p>            Par<br \/>\n        <strong><br \/>\n            <a href=\"https:\/\/actu.fr\/auteur\/c-nithard\" title=\"Consulter tous les articles de C\u00e9dric Nithard\" rel=\"nofollow noopener\" target=\"_blank\">C\u00e9dric Nithard<\/a><br \/>\n        <\/strong><\/p>\n<p>        Publi\u00e9 le<\/p>\n<p>            8 juil. 2025 \u00e0 20h15        <\/p>\n<p><strong>La Petite humeur de la semaine<\/strong> pose <strong>un autre regard<\/strong> sur <strong>un \u00e9l\u00e9ment d\u2019actualit\u00e9<\/strong>, un fait de soci\u00e9t\u00e9, une personnalit\u00e9 marquante\u2026 Avec <strong>mordant<\/strong>, <strong>ironie<\/strong>, sympathie, tendresse ou humour, en \u00e9vitant tant que possible la m\u00e9chancet\u00e9 gratuite, l\u2019id\u00e9e est de vous amuser et, \u00e0 l\u2019occasion, apporter une r\u00e9flexion avec <strong>une pointe d\u2019irr\u00e9v\u00e9rence<\/strong> et de malice sans se prendre au s\u00e9rieux.<\/p>\n<p>La Petite Humeur de la Semaine : des vacances et beaucoup de questions avant les municipales<\/p>\n<p class=\" wall-content\">Enfin ! Les choses se sont un peu acc\u00e9l\u00e9r\u00e9es \u00e0 Montpellier dans la perspective des municipales. Il le fallait bien avant l\u2019\u00e9t\u00e9. Non pas parce que tout le monde part en vacances, mais parce qu\u2019il vaudra mieux \u00eatre pr\u00eat \u00e0 la rentr\u00e9e. Et pour beaucoup ce sera un \u00e9t\u00e9 studieux, o\u00f9 les t\u00e9l\u00e9phones devraient chauffer. Car si certains sont d\u00e9j\u00e0 candidats, quand d\u2019autres entament la derni\u00e8re ligne droite de leur r\u00e9flexion, la n\u00e9cessit\u00e9 de faire des alliances va en agiter quelques-uns. En gardant en t\u00eate que l\u2019on ne peut tromper mille fois mille personnes mais on ne peut pas\u2026 Non, c\u2019est on peut tromper mille fois une personne, mais on ne peut pas tromper une fois mille personnes\u2026 Non plus.. oh et merde, Il ne faut jamais tromper personne\u2026<\/p>\n<p class=\" wall-content\">\u00c0 gauche, pr\u00e9parez le pop-corn. Ils sont trois \u00e0 d\u00e9fendre le rassemblement. Micha\u00ebl Delafosse le revendique depuis 2020 tandis que Les \u00c9cologistes, dont certains font encore partie de la majorit\u00e9, et La France Insoumise font de m\u00eame en accusant le maire de mener \u00ab une politique antisociale, anti-\u00e9cologique et antid\u00e9mocratique \u00bb. Certes, tout n\u2019aura pas \u00e9t\u00e9 parfait durant le mandat mais pour convaincre au-del\u00e0 des convaincus, bon courage \u00e0 eux face aux \u00e9lecteurs qui ont v\u00e9cu \u00e0 Montpellier ces cinq derni\u00e8res ann\u00e9es. \u00c0 croire que le thermom\u00e8tre politique de certains est enfonc\u00e9 tellement profond\u00e9ment qu\u2019ils n\u2019arrivent plus \u00e0 lire la temp\u00e9rature correctement\u2026 Et si de l\u2019ext\u00e9rieur, on pourrait penser que les \u00c9colos et les Insoumis devraient logiquement et facilement s\u2019entendre, il ne faut pas omettre l\u2019histoire de ces partis et les hommes qui les composent. Alors on parlera beaucoup de projets, d\u2019orientations et de strat\u00e9gies mais ne vous y trompez pas, les crispations concernent toujours les hommes. Ne jamais oublier que la politique c\u2019est beaucoup de psychologie\u2026 Au jeu des alliances, certains en feront obligatoirement les frais. On repensera alors \u00e0 certaines d\u00e9clarations, aux promesses d\u2019unit\u00e9 et de rassemblement\u2026<\/p>\n<p class=\" wall-content\">Au centre, on cherche aussi \u00e0 se rassembler. Bon, l\u00e0, la probl\u00e9matique n\u2019est pas la m\u00eame. Entre ceux persuad\u00e9s qu\u2019Emmanuel Macron laissera un h\u00e9ritage politique, sans en voir la dette au-del\u00e0 de la vacuit\u00e9, ceux ayant toujours \u00e9t\u00e9 adeptes d\u2019un ventre mou inutile vivant avec Fran\u00e7ois Bayrou comme Premier ministre leur meilleure p\u00e9riode, et ceux qui n\u2019osent pas s\u2019avouer qu\u2019ils sont de droite, l\u2019objectif est d\u2019exister. Tout simplement. Et ils le savent. En y allant chacun seul, sans m\u00eame \u00e9voquer les 10% pour se maintenir au second tour, tr\u00e8s peu ont l\u2019espoir de d\u00e9passer les 5% permettant d\u2019\u00eatre h\u00e9berg\u00e9s sur une autre liste. Dans une voie lact\u00e9e, mieux vaut \u00eatre une constellation qu\u2019une \u00e9toile\u2026 surtout filante.<\/p>\n<p>Vid\u00e9os : en ce moment sur Actu<\/p>\n<p class=\" wall-content\">Et \u00e0 droite. \u2026 Voil\u00e0, fin de l\u2019analyse. Car, \u00e0 croire que c\u2019est quelque chose de p\u00e9joratif, la notaire Isabelle Perrein, premi\u00e8re candidate d\u00e9clar\u00e9e depuis 18 mois, refuse l\u2019\u00e9tiquette m\u00eame si son programme, ses d\u00e9clarations, son activit\u00e9 sur les r\u00e9seaux sociaux, certains partenaires\u2026 en ont toutes les caract\u00e9ristiques. Encore une histoire de thermom\u00e8tre\u2026 Inutile de la contredire, les \u00e9lecteurs s\u2019en chargeront. En poussant plus loin sur ce bord de l\u2019\u00e9chiquier, m\u00eame si \u00e0 Montpellier leurs chances sont minces, esp\u00e9rons que le Rassemblement National soit aussi judicieux que la derni\u00e8re fois dans le choix de sa t\u00eate de liste et de ses colistiers. Car le clown n\u2019\u00e9tait pas l\u00e0 o\u00f9 on le croyait. \u00c0 moins qu\u2019aux yeux des \u00e9lecteurs ce ne soit l\u2019\u00e9tiquette quand on analyse les r\u00e9sultats de R\u00e9mi Gaillard en 2014. Avec l\u2019envie de dynamiter le syst\u00e8me, d\u2019opposant virtuel \u00e0 candidat virtuel clamant ses intentions, passera-t-il le cap du r\u00e9el et des actes cette fois-ci ?<\/p>\n<p class=\" wall-content\">Il n\u2019est pas le seul dont on ne conna\u00eet pas les intentions. Mohed Altrad ira-t-il \u00e0 nouveau tenter de convaincre que l\u2019on peut conduire une administration comme on dirige une entreprise ? L\u2019ancien maire Philippe Saurel jouera-t-il les Monte-Cristo ? Sans parler de tous ceux qui devraient se poser la question de l\u2019utilit\u00e9 de leur candidature quand personne ne les conna\u00eet et que le couloir est pourtant occup\u00e9 par d\u2019autres. La chose n\u2019\u00e9tant pas mortelle, libre \u00e0 chacun de se ridiculiser en laissant parler son \u00e9go\u2026 En parlant d\u2019\u00e9go, on ne devrait pas manquer de voir expos\u00e9 celui de Micha\u00ebl Delafosse. Se laissant jusqu\u2019\u00e0 la fin de l\u2019ann\u00e9e pour se prononcer, il sera toutefois difficile pour le maire d\u2019assurer la fin du mandat sans \u00eatre en campagne comme en t\u00e9moigne le fascicule disponible sur le site de la ville pr\u00e9sentant le bilan de la majorit\u00e9. Et l\u2019on ne parle pas des discours qui accompagneront les nombreuses inaugurations dans lesquelles le professeur vantera que Montpellier participe \u00e0 sauver la plan\u00e8te et l\u2019humanit\u00e9 toute enti\u00e8re. Reste que les Montpelli\u00e9rains ont peut-\u00eatre envie de revenir \u00e0 des consid\u00e9rations plus terre \u00e0 terre\u2026 et se pose alors une inqui\u00e9tude pour le maire. Car m\u00eame si fin d\u00e9cembre le calme devrait revenir dans la ville, trois mois seront-ils suffisants pour appr\u00e9cier les changements quand Georges Fr\u00eache laissait la moiti\u00e9 du mandat ? Tout aussi ambitieux, Micha\u00ebl Delafosse est lui plus press\u00e9 ; press\u00e9 par les urgences, press\u00e9 par le contexte politique et press\u00e9 par sa volont\u00e9. Mais apr\u00e8s avoir r\u00e9guli\u00e8rement r\u00e9p\u00e9t\u00e9 qu\u2019il accomplissait deux mandats en un, press\u00e9s, eux, par cinq ans de chantiers permanents, les Montpelli\u00e9rains le prendront-ils au mot ? Les municipales sont lanc\u00e9es et personne n\u2019a de certitude. L\u2019\u00e9t\u00e9 s\u2019annonce chaud\u2026 et on ne parle pas de la rentr\u00e9e.<\/p>\n<p class=\" wall-content\">Suivez toute l\u2019actualit\u00e9 de vos villes et m\u00e9dias favoris en vous inscrivant \u00e0 <a href=\"https:\/\/moncompte.actu.fr\" title=\"D\u00e9couvez Mon Actu\" rel=\"nofollow noopener\" data-trk=\"{&quot;cta&quot;:{&quot;action&quot;:&quot;https:\\\/\\\/moncompte.actu.fr&quot;,&quot;category&quot;:&quot;mon compte&quot;,&quot;from&quot;:&quot;article footer&quot;,&quot;name&quot;:&quot;Mon actu&quot;,&quot;type&quot;:&quot;cta&quot;}}\" target=\"_blank\">Mon Actu<\/a>.<\/p>\n","protected":false},"excerpt":{"rendered":"Par C\u00e9dric Nithard Publi\u00e9 le 8 juil. 2025 \u00e0 20h15 La Petite humeur de la semaine pose un&hellip;\n","protected":false},"author":2,"featured_media":235773,"comment_status":"","ping_status":"","sticky":false,"template":"","format":"standard","meta":{"footnotes":""},"categories":[9599],"tags":[1111,11,4188,1777,674,1011,27,2208,12,2680,316,25],"class_list":{"0":"post-235772","1":"post","2":"type-post","3":"status-publish","4":"format-standard","5":"has-post-thumbnail","7":"category-montpellier","8":"tag-actu","9":"tag-actualites","10":"tag-elections-municipales","11":"tag-eu","12":"tag-europe","13":"tag-fr","14":"tag-france","15":"tag-montpellier","16":"tag-news","17":"tag-occitanie","18":"tag-politique","19":"tag-republique-francaise"},"share_on_mastodon":{"url":"https:\/\/pubeurope.com\/@fr\/114819056543550955","error":""},"_links":{"self":[{"href":"https:\/\/www.europesays.com\/fr\/wp-json\/wp\/v2\/posts\/235772","targetHints":{"allow":["GET"]}}],"collection":[{"href":"https:\/\/www.europesays.com\/fr\/wp-json\/wp\/v2\/posts"}],"about":[{"href":"https:\/\/www.europesays.com\/fr\/wp-json\/wp\/v2\/types\/post"}],"author":[{"embeddable":true,"href":"https:\/\/www.europesays.com\/fr\/wp-json\/wp\/v2\/users\/2"}],"replies":[{"embeddable":true,"href":"https:\/\/www.europesays.com\/fr\/wp-json\/wp\/v2\/comments?post=235772"}],"version-history":[{"count":0,"href":"https:\/\/www.europesays.com\/fr\/wp-json\/wp\/v2\/posts\/235772\/revisions"}],"wp:featuredmedia":[{"embeddable":true,"href":"https:\/\/www.europesays.com\/fr\/wp-json\/wp\/v2\/media\/235773"}],"wp:attachment":[{"href":"https:\/\/www.europesays.com\/fr\/wp-json\/wp\/v2\/media?parent=235772"}],"wp:term":[{"taxonomy":"category","embeddable":true,"href":"https:\/\/www.europesays.com\/fr\/wp-json\/wp\/v2\/categories?post=235772"},{"taxonomy":"post_tag","embeddable":true,"href":"https:\/\/www.europesays.com\/fr\/wp-json\/wp\/v2\/tags?post=235772"}],"curies":[{"name":"wp","href":"https:\/\/api.w.org\/{rel}","templated":true}]}}