{"id":235776,"date":"2025-07-08T18:36:09","date_gmt":"2025-07-08T18:36:09","guid":{"rendered":"https:\/\/www.europesays.com\/fr\/235776\/"},"modified":"2025-07-08T18:36:09","modified_gmt":"2025-07-08T18:36:09","slug":"les-appartements-etaient-agreables-et-lumineux-mais-extremement-dangereux-rouen-dit-adieu-a-ses-immeubles-verre-et-acier","status":"publish","type":"post","link":"https:\/\/www.europesays.com\/fr\/235776\/","title":{"rendered":"\u00ab\u00a0Les appartements \u00e9taient agr\u00e9ables et lumineux mais extr\u00eamement dangereux\u00a0\u00bb\u00a0: Rouen dit adieu \u00e0 ses immeubles \u00ab\u00a0verre et acier\u00a0\u00bb"},"content":{"rendered":"<p class=\"paragraph text_align_left lp-f-body-02\">Entre <a href=\"https:\/\/www.leparisien.fr\/seine-maritime-76\/incendie-de-lubrizol-a-rouen-cinq-ans-apres-toutes-les-lecons-de-la-catastrophe-nont-pas-toutes-ete-tirees-26-09-2024-AM5ZHAH5CNG5NEVIRW3OXWBUHU.php \" target=\"_self\" rel=\"noopener\">l\u2019incendie de l\u2019entreprise Lubrizol<\/a> en 2019, <a href=\"https:\/\/www.leparisien.fr\/societe\/sante\/incendie-chez-bollore-logistics-a-rouen-pas-de-risque-pour-la-population-18-01-2023-2XRKJDMBYNCNJF563IESFHVDWA.php\" target=\"_self\" rel=\"noopener\">celui de l\u2019entrep\u00f4t Bollor\u00e9 Logistics<\/a> et celui de <a href=\"https:\/\/www.leparisien.fr\/faits-divers\/rouen-la-fleche-de-la-cathedrale-touchee-par-un-incendie-11-07-2024-6DMMCMC535CTVIPKFH6E6D7JHQ.php\" target=\"_self\" rel=\"noopener\">la fl\u00e8che de la cath\u00e9drale <\/a>en 2024, les habitants de Rouen ont de quoi \u00eatre traumatis\u00e9s. Celui de la rue Saint-Julien, en septembre 2023, qui a vu s\u2019effondrer deux immeubles de type \u00ab verre &amp; acier \u00bb, \u00e9tait d\u00e9j\u00e0 un de trop. D\u2019autant que ce n\u2019\u00e9tait pas une premi\u00e8re pour ces r\u00e9alisations des ann\u00e9es 1970 qui ont d\u00e9j\u00e0 fait suffisamment de victimes.<\/p>\n<p class=\"paragraph text_align_left lp-f-body-02\">C\u2019est donc avec un certain soulagement que les Rouennais que les Rouennais au courant ont pu saluer ce lundi 07 juillet, apr\u00e8s un long parcours administratif et un chantier de six mois de d\u00e9samiantage, le lancement des op\u00e9rations de d\u00e9molition rive gauche dont les immeubles \u00ab verre &amp; acier \u00bb laisseront place d\u2019ici \u00e0 2027 \u00e0 un nouveau quartier baptis\u00e9 \u00ab Blossom Park \u00bb.<\/p>\n<p class=\"paragraph text_align_left lp-f-body-02\">C\u2019est pourtant pour faire face au besoin de logements dans les ann\u00e9es 1970, que 500 logements dits \u00ab verre &amp; acier \u00bb furent construits entre 1968-1970 dans le quartier de la Grand Mare, mis au point par Lods, Depondt, Beauclair architectes, en collaboration avec les grands industriels de l\u2019acier, de l\u2019aluminium fran\u00e7ais et du verre fran\u00e7ais qu\u2019\u00e9taient Pechiney et Saint-Gobain. Suivront douze immeubles dans le quartier Saint-Julien, sur la rive gauche.<\/p>\n<p>Ils incarnaient le renouveau de l\u2019architecture<\/p>\n<p class=\"paragraph text_align_left lp-f-body-02\">Consid\u00e9r\u00e9s \u00e0 l\u2019\u00e9poque comme le renouveau de l\u2019architecture en raison des techniques de construction et des mat\u00e9riaux utilis\u00e9s, leurs \u00ab \u0153uvres \u00bb valurent \u00e0 leurs cr\u00e9ateurs de nombreux prix saluant ces appartements \u00ab modernes, flexibles et lumineux \u00bb. Au fil des ann\u00e9es, leurs occupants ont pourtant eu le temps de d\u00e9chanter.<\/p>\n<p class=\"paragraph text_align_left lp-f-body-02\">Des r\u00e9clamations ont jailli sur le manque d\u2019isolation phonique et thermique et sur les infiltrations des sols. Mais ces immeubles ont surtout montr\u00e9 leur faiblesse \u00e0 l\u2019occasion de tr\u00e8s nombreux incendies qui firent tout de m\u00eame, entre 1975 et 2023 pas moins de huit morts et des dizaines de bless\u00e9s.<\/p>\n<p class=\"paragraph text_align_left lp-f-body-02\">Un programme de d\u00e9molition a donc \u00e9t\u00e9 mis en place ne conservant que deux immeubles dans les Hauts de Rouen, class\u00e9s Monuments historiques en 2010. Il aura toutefois fallu attendre 20 mois pour que ceux de la rue Saint-Julien soient d\u00e9finitivement mis \u00e0 terre.<\/p>\n<p class=\"paragraph text_align_left lp-f-body-02\">\u00ab Enfin ! C\u2019est un des chantiers les plus attendus \u00e0 Rouen. Cela fait longtemps qu\u2019on attend la d\u00e9construction de ces tours pour des raisons tragiques m\u00eame si cela n\u2019a pas toujours \u00e9t\u00e9 qu\u2019une histoire malheureuse. Ceux qui ont habit\u00e9 les verre &amp; acier vous diront que les appartements \u00e9taient plut\u00f4t agr\u00e9ables et lumineux, mais extr\u00eamement dangereux. On en a fait l\u2019exp\u00e9rience sur les Hauts de Rouen et ici avec les risques d\u2019incendie et les morts \u00bb, a d\u00e9clar\u00e9 Nicolas Mayer Rossignol, maire de Rouen et pr\u00e9sident de la M\u00e9tropole Rouen Normandie devant les grignoteuses en action.<\/p>\n<p>Blossom Park, un \u00e9coquartier pour 2027<\/p>\n<p class=\"paragraph text_align_left lp-f-body-02\">Celles-ci avaleront en quelques semaines les dix tours restantes \u00ab dont 90 \u00e0 95 % des mat\u00e9riaux seront valoris\u00e9s par les fili\u00e8res du verre, du bois et de l\u2019acier. Seul l\u2019amiante sera enfoui \u00bb a indiqu\u00e9 Enzo Spennato, directeur des travaux pour la soci\u00e9t\u00e9 D\u00e9samiantage France D\u00e9molition.<\/p>\n<p class=\"paragraph text_align_left lp-f-body-02\">Une fois le terrain lib\u00e9r\u00e9, un nouvel \u00e9coquartier verra le jour d\u2019ici \u00e0 2027, en vertu \u00ab d\u2019un projet lanc\u00e9 en juillet 2020, imagin\u00e9 en consultation avec les habitants, les commer\u00e7ants, les associations et aussi les enfants de l\u2019\u00e9cole \u00e0 proximit\u00e9 \u00bb.<\/p>\n<p class=\"paragraph text_align_left lp-f-body-02\">Selon la description d\u2019Alexandre de Lagarde, directeur r\u00e9gional Normandie Cogedim, \u00ab sur une emprise de trois hectares, Blossom Park sera 100 % pi\u00e9ton et connect\u00e9 aux mobilit\u00e9s douces et aux transports en commun. Il comprendra \u00e0 terme, 175 logements en accession libre, sociaux et \u00e9tudiants, des services dont une micro-cr\u00e8che, un parc public d\u2019un hectare avec une mare \u00e9cologique et 400 arbres dont 24 conserv\u00e9s. \u00bb L\u2019avenir radieux version XXIe si\u00e8cle.<\/p>\n","protected":false},"excerpt":{"rendered":"Entre l\u2019incendie de l\u2019entreprise Lubrizol en 2019, celui de l\u2019entrep\u00f4t Bollor\u00e9 Logistics et celui de la fl\u00e8che de&hellip;\n","protected":false},"author":2,"featured_media":235777,"comment_status":"","ping_status":"","sticky":false,"template":"","format":"standard","meta":{"footnotes":""},"categories":[9587],"tags":[1111,917,11,459,1777,674,1011,27,1116,12,5161,25,9590,11074],"class_list":{"0":"post-235776","1":"post","2":"type-post","3":"status-publish","4":"format-standard","5":"has-post-thumbnail","7":"category-rouen","8":"tag-actu","9":"tag-actu-locale","10":"tag-actualites","11":"tag-departements-horsidfo","12":"tag-eu","13":"tag-europe","14":"tag-fr","15":"tag-france","16":"tag-immobilier","17":"tag-news","18":"tag-normandie","19":"tag-republique-francaise","20":"tag-rouen","21":"tag-seine-maritime-76"},"share_on_mastodon":{"url":"https:\/\/pubeurope.com\/@fr\/114819064460401016","error":""},"_links":{"self":[{"href":"https:\/\/www.europesays.com\/fr\/wp-json\/wp\/v2\/posts\/235776","targetHints":{"allow":["GET"]}}],"collection":[{"href":"https:\/\/www.europesays.com\/fr\/wp-json\/wp\/v2\/posts"}],"about":[{"href":"https:\/\/www.europesays.com\/fr\/wp-json\/wp\/v2\/types\/post"}],"author":[{"embeddable":true,"href":"https:\/\/www.europesays.com\/fr\/wp-json\/wp\/v2\/users\/2"}],"replies":[{"embeddable":true,"href":"https:\/\/www.europesays.com\/fr\/wp-json\/wp\/v2\/comments?post=235776"}],"version-history":[{"count":0,"href":"https:\/\/www.europesays.com\/fr\/wp-json\/wp\/v2\/posts\/235776\/revisions"}],"wp:featuredmedia":[{"embeddable":true,"href":"https:\/\/www.europesays.com\/fr\/wp-json\/wp\/v2\/media\/235777"}],"wp:attachment":[{"href":"https:\/\/www.europesays.com\/fr\/wp-json\/wp\/v2\/media?parent=235776"}],"wp:term":[{"taxonomy":"category","embeddable":true,"href":"https:\/\/www.europesays.com\/fr\/wp-json\/wp\/v2\/categories?post=235776"},{"taxonomy":"post_tag","embeddable":true,"href":"https:\/\/www.europesays.com\/fr\/wp-json\/wp\/v2\/tags?post=235776"}],"curies":[{"name":"wp","href":"https:\/\/api.w.org\/{rel}","templated":true}]}}