{"id":235786,"date":"2025-07-08T18:42:59","date_gmt":"2025-07-08T18:42:59","guid":{"rendered":"https:\/\/www.europesays.com\/fr\/235786\/"},"modified":"2025-07-08T18:42:59","modified_gmt":"2025-07-08T18:42:59","slug":"pres-de-rennes-lentreprise-odegam-demenage","status":"publish","type":"post","link":"https:\/\/www.europesays.com\/fr\/235786\/","title":{"rendered":"Pr\u00e8s de Rennes, l\u2019entreprise \u00d4deGam d\u00e9m\u00e9nage"},"content":{"rendered":"<p>De la terrasse de son bureau, Arthur Barthelemy, fondateur de l\u2019enseigne \u00d4deGam, soci\u00e9t\u00e9 sp\u00e9cialis\u00e9e dans l\u2019entretien, la r\u00e9paration et la s\u00e9curisation de tous types de toitures, regarde la pluie tomber. \u00a0Apr\u00e8s la canicule, ce changement climatique va nous apporter du travail. Les mat\u00e9riaux ayant travaill\u00e9, les fuites vont suivre. L\u2019urgence c\u2019est notre sp\u00e9cialit\u00e9, r\u00e9fl\u00e9chit \u00e0 haute voix le dirigeant de 38\u00a0ans. Entre les mots voiture et toiture, il n\u2019y a qu\u2019une lettre de diff\u00e9rence. Pour autant, si chacun pense \u00e0 faire entretenir la premi\u00e8re, il n\u2019en est pas de m\u00eame avec la seconde\u00a0. Cette r\u00e9alit\u00e9 est la raison de la croissance de l\u2019entreprise bas\u00e9e \u00e0 Saint-Jacques-de-la-Lande.<\/p>\n<p>Une nouvelle campagne de recrutement<\/p>\n<p>Cr\u00e9\u00e9e en mai\u00a02016 avec un effectif de quatre salari\u00e9s, elle en compte d\u00e9sormais vingt-deux. Elle s\u2019appr\u00eate \u00e0 embaucher, pour la fin de l\u2019\u00e9t\u00e9, deux charg\u00e9s d\u2019affaires techniques, un d\u00e9veloppeur commercial et cinq couvreurs \u00e9tancheurs. Elle devrait aussi ouvrir prochainement deux agences \u00e0 Laval et Saint-Brieuc.<\/p>\n<p>\u00a0Nous venons d\u2019emm\u00e9nager dans de nouveaux locaux \u00e0 quelques minutes de notre premier si\u00e8ge social. En plus de passer de 600 m\u00b2 \u00e0 980 m\u00b2, nous avons pu optimiser les postes pour mieux prendre soin des \u00e9quipes, souligne le chef d\u2019entreprise, membre du bureau du Centre des jeunes dirigeants (CJD).Pendant trois ans, de 2022 \u00e0 2024, nous avons fait partie du palmar\u00e8s Champions de la croissance d\u00e9cern\u00e9 par le journal Les \u00c9chos. Cela nous a permis d\u2019investir dans notre mat\u00e9riel\u00a0.<\/p>\n<p>Lire aussi\u00a0:<a href=\"https:\/\/pontivy.maville.com\/actu\/actudet_-dans-la-production-de-volailles-a-pontivy-l-entreprise-michel-robichon-mise-sur-la-qualite-_52707-6884176_actu.Htm\" target=\"_blank\" rel=\"noopener\"> Dans la production de volailles \u00e0 Pontivy, l\u2019entreprise Michel Robichon mise sur la qualit\u00e9<\/a><\/p>\n<p>Pourtant rien ne pr\u00e9destinait Arthur Barthelemy \u00e0 ce m\u00e9tier. Apr\u00e8s un dipl\u00f4me en commerce, il travaille comme commercial pour la marque Hilti puis s\u2019oriente, pendant quatre ans, dans le textile.\u00a0J\u2019ai toujours eu la fibre entrepreneuriale. Mon grand-p\u00e8re et arri\u00e8re-grand-p\u00e8re \u00e9taient couvreurs. Je suis parti du constat qu\u2019il est difficile d\u2019en trouver un en cas de d\u00e9g\u00e2ts et, que ceux-ci n\u2019ont g\u00e9n\u00e9ralement pas de prestations de s\u00e9curisation, d\u2019entretien et de pr\u00e9servation de toitures de b\u00e2timents professionnels et particuliers\u00a0\u00bb, conclut-il.<\/p>\n<p>En savoir plus\u00a0: odegam-toiture.fr<\/p>\n<p>\u00a0<\/p>\n","protected":false},"excerpt":{"rendered":"De la terrasse de son bureau, Arthur Barthelemy, fondateur de l\u2019enseigne \u00d4deGam, soci\u00e9t\u00e9 sp\u00e9cialis\u00e9e dans l\u2019entretien, la r\u00e9paration&hellip;\n","protected":false},"author":2,"featured_media":235787,"comment_status":"","ping_status":"","sticky":false,"template":"","format":"standard","meta":{"footnotes":""},"categories":[2821],"tags":[1111,11,829,37460,257,1777,674,1011,27,12,37459,3762,3086,584,25],"class_list":{"0":"post-235786","1":"post","2":"type-post","3":"status-publish","4":"format-standard","5":"has-post-thumbnail","7":"category-rennes","8":"tag-actu","9":"tag-actualites","10":"tag-bretagne","11":"tag-demenage","12":"tag-entreprise","13":"tag-eu","14":"tag-europe","15":"tag-fr","16":"tag-france","17":"tag-news","18":"tag-odegam","19":"tag-pres","20":"tag-redon","21":"tag-rennes","22":"tag-republique-francaise"},"share_on_mastodon":{"url":"https:\/\/pubeurope.com\/@fr\/114819091871129118","error":""},"_links":{"self":[{"href":"https:\/\/www.europesays.com\/fr\/wp-json\/wp\/v2\/posts\/235786","targetHints":{"allow":["GET"]}}],"collection":[{"href":"https:\/\/www.europesays.com\/fr\/wp-json\/wp\/v2\/posts"}],"about":[{"href":"https:\/\/www.europesays.com\/fr\/wp-json\/wp\/v2\/types\/post"}],"author":[{"embeddable":true,"href":"https:\/\/www.europesays.com\/fr\/wp-json\/wp\/v2\/users\/2"}],"replies":[{"embeddable":true,"href":"https:\/\/www.europesays.com\/fr\/wp-json\/wp\/v2\/comments?post=235786"}],"version-history":[{"count":0,"href":"https:\/\/www.europesays.com\/fr\/wp-json\/wp\/v2\/posts\/235786\/revisions"}],"wp:featuredmedia":[{"embeddable":true,"href":"https:\/\/www.europesays.com\/fr\/wp-json\/wp\/v2\/media\/235787"}],"wp:attachment":[{"href":"https:\/\/www.europesays.com\/fr\/wp-json\/wp\/v2\/media?parent=235786"}],"wp:term":[{"taxonomy":"category","embeddable":true,"href":"https:\/\/www.europesays.com\/fr\/wp-json\/wp\/v2\/categories?post=235786"},{"taxonomy":"post_tag","embeddable":true,"href":"https:\/\/www.europesays.com\/fr\/wp-json\/wp\/v2\/tags?post=235786"}],"curies":[{"name":"wp","href":"https:\/\/api.w.org\/{rel}","templated":true}]}}