{"id":235788,"date":"2025-07-08T18:44:16","date_gmt":"2025-07-08T18:44:16","guid":{"rendered":"https:\/\/www.europesays.com\/fr\/235788\/"},"modified":"2025-07-08T18:44:16","modified_gmt":"2025-07-08T18:44:16","slug":"strasbourg-la-neuvieme-edition-du-defi-alsace-contre-la-faim-a-rapporte-48-045-euros","status":"publish","type":"post","link":"https:\/\/www.europesays.com\/fr\/235788\/","title":{"rendered":"Strasbourg. La neuvi\u00e8me \u00e9dition du D\u00e9fi Alsace contre la faim a rapport\u00e9 48\u00a0045\u00a0euros"},"content":{"rendered":"<p>Au c\u0153ur de l\u2019Orangerie ce vendredi 4\u00a0juillet au midi, 373 coureurs, marcheurs et danseurs, issus de sept entreprises locales, unissent leur force sous un soleil radieux.<\/p>\n<p>Le d\u00e9fi cette ann\u00e9e reste le m\u00eame\u00a0: lutter contre la faim dans le monde, en invitant les entreprises locales \u00e0 s\u2019unir et reverser des dons par le biais du sport. \u00ab\u00a0Les salari\u00e9s ont le choix entre&#8230;<\/p>\n","protected":false},"excerpt":{"rendered":"Au c\u0153ur de l\u2019Orangerie ce vendredi 4\u00a0juillet au midi, 373 coureurs, marcheurs et danseurs, issus de sept entreprises&hellip;\n","protected":false},"author":2,"featured_media":235789,"comment_status":"","ping_status":"","sticky":false,"template":"","format":"standard","meta":{"footnotes":""},"categories":[2820],"tags":[1111,11,2880,1777,674,1011,27,775,12,25,104,640,2879],"class_list":{"0":"post-235788","1":"post","2":"type-post","3":"status-publish","4":"format-standard","5":"has-post-thumbnail","7":"category-strasbourg","8":"tag-actu","9":"tag-actualites","10":"tag-edition-strasbourg","11":"tag-eu","12":"tag-europe","13":"tag-fr","14":"tag-france","15":"tag-grand-est","16":"tag-news","17":"tag-republique-francaise","18":"tag-societe","19":"tag-strasbourg","20":"tag-strasbourg-ville"},"share_on_mastodon":{"url":"https:\/\/pubeurope.com\/@fr\/114819095825638556","error":""},"_links":{"self":[{"href":"https:\/\/www.europesays.com\/fr\/wp-json\/wp\/v2\/posts\/235788","targetHints":{"allow":["GET"]}}],"collection":[{"href":"https:\/\/www.europesays.com\/fr\/wp-json\/wp\/v2\/posts"}],"about":[{"href":"https:\/\/www.europesays.com\/fr\/wp-json\/wp\/v2\/types\/post"}],"author":[{"embeddable":true,"href":"https:\/\/www.europesays.com\/fr\/wp-json\/wp\/v2\/users\/2"}],"replies":[{"embeddable":true,"href":"https:\/\/www.europesays.com\/fr\/wp-json\/wp\/v2\/comments?post=235788"}],"version-history":[{"count":0,"href":"https:\/\/www.europesays.com\/fr\/wp-json\/wp\/v2\/posts\/235788\/revisions"}],"wp:featuredmedia":[{"embeddable":true,"href":"https:\/\/www.europesays.com\/fr\/wp-json\/wp\/v2\/media\/235789"}],"wp:attachment":[{"href":"https:\/\/www.europesays.com\/fr\/wp-json\/wp\/v2\/media?parent=235788"}],"wp:term":[{"taxonomy":"category","embeddable":true,"href":"https:\/\/www.europesays.com\/fr\/wp-json\/wp\/v2\/categories?post=235788"},{"taxonomy":"post_tag","embeddable":true,"href":"https:\/\/www.europesays.com\/fr\/wp-json\/wp\/v2\/tags?post=235788"}],"curies":[{"name":"wp","href":"https:\/\/api.w.org\/{rel}","templated":true}]}}