{"id":23579,"date":"2025-04-14T03:34:19","date_gmt":"2025-04-14T03:34:19","guid":{"rendered":"https:\/\/www.europesays.com\/fr\/23579\/"},"modified":"2025-04-14T03:34:19","modified_gmt":"2025-04-14T03:34:19","slug":"laeticia-hallyday-bien-entouree-franchit-un-cap-important-et-fait-le-point-sur-sa-vie","status":"publish","type":"post","link":"https:\/\/www.europesays.com\/fr\/23579\/","title":{"rendered":"Laeticia Hallyday, bien entour\u00e9e, franchit un cap important et fait le point sur sa vie"},"content":{"rendered":"<p>Une publication qui a s\u00fbrement \u00e9mu ses abonn\u00e9s ! Le 18 mars dernier, Laeticia Hallyday a eu 50 ans. Afin de f\u00eater, comme il se doit, cet \u00e2ge symbolique, <a href=\"https:\/\/www.programme-tv.net\/news\/people\/372215-une-amie-et-une-maman-en-or-laeticia-hallyday-adresse-une-belle-declaration-a-helene-darroze-pour-une-occasion-particuliere\/\" data-api-deeplink=\"teleloisirs:\/\/news\/372215\" target=\"_blank\" rel=\"noopener\">l\u2019ex-femme de Johnny Hallyday<\/a> a eu le droit \u00e0 de nombreuses attentions de la part de ses proches. Ce samedi 12 avril 2025, la maman de Jade et Joy a d\u00e9voil\u00e9 une touchante vid\u00e9o montrant quelques moments de son anniversaire qui s&rsquo;est d\u00e9roul\u00e9 sur l\u2019\u00eele de Saint-Barth\u00e9lemy.<\/p>\n<p>Laeticia Hallyday c\u00e9l\u00e8bre ses 50 ans et fait le point sur sa vie dans un tendre message<\/p>\n<p>Dans la vid\u00e9o, Laeticia Hallyday a d\u00e9voil\u00e9 les nombreuses attentions de ses proches \u00e0 l&rsquo;occasion de son 50\u00e8me anniversaire. Elle appara\u00eet notamment au bras de <a href=\"https:\/\/www.programme-tv.net\/news\/people\/368795-tout-mon-amour-le-message-de-soutien-d-helene-darroze-a-son-amie-laeticia-hallyday-et-ses-filles-jade-et-joy-dont-la-maison-a-brule-dans-les-incendies-de-los-angeles\/\" data-api-deeplink=\"teleloisirs:\/\/news\/368795\" target=\"_blank\" rel=\"noopener\">ses deux filles, Jade et Joy<\/a> ou encore au cimeti\u00e8re afin de se recueillir, entour\u00e9e de sa famille, sur la tombe de son d\u00e9funt mari, Johnny Hallyday. Laeticia Hallyday a \u00e9galement eu le droit aux traditionnelles bougies d&rsquo;anniversaire\u2026 Qui ont eu du mal \u00e0 s&rsquo;allumer. En l\u00e9gende de sa publication, elle a d&rsquo;abord fait le point sur sa vie : <b>\u00ab\u00a050 ans\u2026 Un chiffre, et pourtant, c&rsquo;est tant d\u2019histoires derri\u00e8re. Des vertiges, des renaissances, des chutes et des \u00e9lans. Des doutes, des peurs et des rires qui r\u00e9parent, des silences qui parlent, des regards qui portent et de l\u2019amour\u00a0\u00bb<\/b>, a-t-elle \u00e9crit.<\/p>\n<p>                        \u00ab\u00a050 ans, c&rsquo;est quand m\u00eame un cap !\u00a0\u00bb : Laeticia Hallyday bien entour\u00e9e pour f\u00eater ses 50 ans<\/p>\n<p>En l\u00e9gende, <a href=\"https:\/\/www.programme-tv.net\/news\/people\/372215-une-amie-et-une-maman-en-or-laeticia-hallyday-adresse-une-belle-declaration-a-helene-darroze-pour-une-occasion-particuliere\/\" data-api-deeplink=\"teleloisirs:\/\/news\/372215\" target=\"_blank\" rel=\"noopener\">Laeticia Hallyday<\/a> a \u00e9galement tenu \u00e0 remercier tous ses proches ainsi que ses abonn\u00e9s : \u00ab\u00a0Merci \u00e0 mes filles pour cette jolie surprise, \u00e0 ma famille, \u00e0 tous mes amis, et \u00e0 vous tous pour vos mots, vos messages, vos gestes tendres. Merci d\u2019avoir rendu ce passage si doux, presque suspendu. <b>50 ans, c&rsquo;est quand m\u00eame un cap ! Wow, mais aussi une fa\u00e7on nouvelle d\u2019habiter le monde, de regarder la vie en face, de l\u2019aimer un peu plus fort encore. Avec plus de v\u00e9rit\u00e9, plus de gratitude, plus de libert\u00e9\u00a0\u00bb<\/b>. \u00ab\u00a0J\u2019ai l\u2019impression d\u2019avoir 20 ans dans le c\u0153ur, libre dans l\u2019\u00e2me, et pleine de cette lumi\u00e8re qu\u2019on se donne les uns aux autres. Merci pour tous vos messages, merci pour tout\u00a0\u00bb, a-t-elle conclu, visiblement heureuse.<\/p>\n<blockquote class=\"instagram-media\" data-instgrm-captioned=\"\" data-instgrm-permalink=\"https:\/\/www.instagram.com\/reel\/DIVwk7ExpZT\/?utm_source=ig_embed&amp;utm_campaign=loading\" data-instgrm-version=\"14\" style=\" background:#FFF; border:0; border-radius:3px; box-shadow:0 0 1px 0 rgba(0,0,0,0.5),0 1px 10px 0 rgba(0,0,0,0.15); margin: 1px; max-width:658px; min-width:326px; padding:0; width:99.375%; width:-webkit-calc(100% - 2px); width:calc(100% - 2px);\"\/>\n<p>    <script async src=\"\/\/www.instagram.com\/embed.js\"><\/script><\/p>\n","protected":false},"excerpt":{"rendered":"Une publication qui a s\u00fbrement \u00e9mu ses abonn\u00e9s ! Le 18 mars dernier, Laeticia Hallyday a eu 50&hellip;\n","protected":false},"author":2,"featured_media":23580,"comment_status":"","ping_status":"","sticky":false,"template":"","format":"standard","meta":{"footnotes":""},"categories":[1359],"tags":[3581,244,58,59,652,1011,27,7648,973,1630],"class_list":{"0":"post-23579","1":"post","2":"type-post","3":"status-publish","4":"format-standard","5":"has-post-thumbnail","7":"category-people","8":"tag-anniversaire","9":"tag-commentaire","10":"tag-divertissement","11":"tag-entertainment","12":"tag-famille","13":"tag-fr","14":"tag-france","15":"tag-laeticia-hallyday","16":"tag-people","17":"tag-zapping"},"share_on_mastodon":{"url":"https:\/\/pubeurope.com\/@fr\/114334221127373805","error":""},"_links":{"self":[{"href":"https:\/\/www.europesays.com\/fr\/wp-json\/wp\/v2\/posts\/23579","targetHints":{"allow":["GET"]}}],"collection":[{"href":"https:\/\/www.europesays.com\/fr\/wp-json\/wp\/v2\/posts"}],"about":[{"href":"https:\/\/www.europesays.com\/fr\/wp-json\/wp\/v2\/types\/post"}],"author":[{"embeddable":true,"href":"https:\/\/www.europesays.com\/fr\/wp-json\/wp\/v2\/users\/2"}],"replies":[{"embeddable":true,"href":"https:\/\/www.europesays.com\/fr\/wp-json\/wp\/v2\/comments?post=23579"}],"version-history":[{"count":0,"href":"https:\/\/www.europesays.com\/fr\/wp-json\/wp\/v2\/posts\/23579\/revisions"}],"wp:featuredmedia":[{"embeddable":true,"href":"https:\/\/www.europesays.com\/fr\/wp-json\/wp\/v2\/media\/23580"}],"wp:attachment":[{"href":"https:\/\/www.europesays.com\/fr\/wp-json\/wp\/v2\/media?parent=23579"}],"wp:term":[{"taxonomy":"category","embeddable":true,"href":"https:\/\/www.europesays.com\/fr\/wp-json\/wp\/v2\/categories?post=23579"},{"taxonomy":"post_tag","embeddable":true,"href":"https:\/\/www.europesays.com\/fr\/wp-json\/wp\/v2\/tags?post=23579"}],"curies":[{"name":"wp","href":"https:\/\/api.w.org\/{rel}","templated":true}]}}