{"id":235790,"date":"2025-07-08T18:45:12","date_gmt":"2025-07-08T18:45:12","guid":{"rendered":"https:\/\/www.europesays.com\/fr\/235790\/"},"modified":"2025-07-08T18:45:12","modified_gmt":"2025-07-08T18:45:12","slug":"manifestation-une-ligne-rouge-pour-gaza-dans-les-rues-de-strasbourg","status":"publish","type":"post","link":"https:\/\/www.europesays.com\/fr\/235790\/","title":{"rendered":"Manifestation. Une \u00ab\u00a0ligne rouge\u00a0\u00bb pour Gaza dans les rues de Strasbourg"},"content":{"rendered":"<p>Ce mardi 8\u00a0juillet, ils \u00e9taient un peu plus de 200 \u00e0 marcher pour Gaza dans les rues de Strasbourg. Une manifestation organis\u00e9e par le Collectif Palestine 67 et soutenue par une vingtaine d\u2019associations parmi lesquelles Amnesty international ou MSF. La consigne \u00e9tait de \u00ab\u00a0porter une tenue rouge\u00a0\u00bb pour \u00ab\u00a0former une ligne rouge pour Gaza\u00a0\u00bb.<\/p>\n<p>Emmy (le pr\u00e9nom a \u00e9t\u00e9 modifi\u00e9 \u00e0 la demande de la personne) n\u2019a que 14 ans, et n\u2019en est pas \u00e0 sa premi\u00e8re manifestation. \u00ab\u00a0On est beaucoup de lyc\u00e9ens \u00e0 se mobiliser ensemble. Nous les jeunes, on a encore la force de crier, de d\u00e9battre, de faire des actions concr\u00e8tes, et \u00e7a peut aider les militants qui sont parfois d\u00e9courag\u00e9s.\u00a0\u00bb<\/p>\n<p>\u00c0 18\u00a0h\u00a040, le cort\u00e8ge d\u00e9marre depuis la place de la Gare, et des slogans comme \u00ab\u00a0Free Palestine\u00a0\u00bb sont repris par la foule.<\/p>\n<p>Pour Philippe, manifestant et membre du Collectif jud\u00e9o-arabe et citoyen pour la Palestine, \u00ab\u00a0le probl\u00e8me ne vient pas de la population mais du gouvernement. Ce qu\u2019on veut, c\u2019est un cessez-le-feu, maintenant.\u00a0\u00bb \u00c0 c\u00f4t\u00e9 de lui, Ahmed, membre de l\u2019Association des travailleurs maghr\u00e9bins de France (ATMF), ajoute\u00a0: \u00ab\u00a0L\u2019urgence est vitale, les gens veulent manger. En ce moment o\u00f9 nous parlons, il y a des b\u00e9b\u00e9s en train de mourir, c\u2019est un g\u00e9nocide en fait, y\u2019a pas d\u2019autre mot.\u00a0\u00bb<\/p>\n<p>Christian Bonnardier, membre du Collectif Palestine et militant \u00e0 la France Insoumise, voit les choses \u00e9voluer\u00a0: \u00ab\u00a0Depuis \u00e0 peu pr\u00e8s trois mois, l\u2019opinion publique fran\u00e7aise est en train de changer, en grande partie gr\u00e2ce aux r\u00e9seaux sociaux qui ont beaucoup diffus\u00e9 d\u2019images. Mais ce n\u2019est pas encore \u00e7a.\u00a0\u00bb<\/p>\n","protected":false},"excerpt":{"rendered":"Ce mardi 8\u00a0juillet, ils \u00e9taient un peu plus de 200 \u00e0 marcher pour Gaza dans les rues de&hellip;\n","protected":false},"author":2,"featured_media":235791,"comment_status":"","ping_status":"","sticky":false,"template":"","format":"standard","meta":{"footnotes":""},"categories":[2820],"tags":[1111,11,3206,2880,1777,674,107,1011,27,775,2338,12,316,25,640,2879],"class_list":{"0":"post-235790","1":"post","2":"type-post","3":"status-publish","4":"format-standard","5":"has-post-thumbnail","7":"category-strasbourg","8":"tag-actu","9":"tag-actualites","10":"tag-defense-guerre-conflit","11":"tag-edition-strasbourg","12":"tag-eu","13":"tag-europe","14":"tag-fil-info","15":"tag-fr","16":"tag-france","17":"tag-grand-est","18":"tag-la-france-insoumise","19":"tag-news","20":"tag-politique","21":"tag-republique-francaise","22":"tag-strasbourg","23":"tag-strasbourg-ville"},"share_on_mastodon":{"url":"https:\/\/pubeurope.com\/@fr\/114819099743952332","error":""},"_links":{"self":[{"href":"https:\/\/www.europesays.com\/fr\/wp-json\/wp\/v2\/posts\/235790","targetHints":{"allow":["GET"]}}],"collection":[{"href":"https:\/\/www.europesays.com\/fr\/wp-json\/wp\/v2\/posts"}],"about":[{"href":"https:\/\/www.europesays.com\/fr\/wp-json\/wp\/v2\/types\/post"}],"author":[{"embeddable":true,"href":"https:\/\/www.europesays.com\/fr\/wp-json\/wp\/v2\/users\/2"}],"replies":[{"embeddable":true,"href":"https:\/\/www.europesays.com\/fr\/wp-json\/wp\/v2\/comments?post=235790"}],"version-history":[{"count":0,"href":"https:\/\/www.europesays.com\/fr\/wp-json\/wp\/v2\/posts\/235790\/revisions"}],"wp:featuredmedia":[{"embeddable":true,"href":"https:\/\/www.europesays.com\/fr\/wp-json\/wp\/v2\/media\/235791"}],"wp:attachment":[{"href":"https:\/\/www.europesays.com\/fr\/wp-json\/wp\/v2\/media?parent=235790"}],"wp:term":[{"taxonomy":"category","embeddable":true,"href":"https:\/\/www.europesays.com\/fr\/wp-json\/wp\/v2\/categories?post=235790"},{"taxonomy":"post_tag","embeddable":true,"href":"https:\/\/www.europesays.com\/fr\/wp-json\/wp\/v2\/tags?post=235790"}],"curies":[{"name":"wp","href":"https:\/\/api.w.org\/{rel}","templated":true}]}}