{"id":235801,"date":"2025-07-08T18:53:21","date_gmt":"2025-07-08T18:53:21","guid":{"rendered":"https:\/\/www.europesays.com\/fr\/235801\/"},"modified":"2025-07-08T18:53:21","modified_gmt":"2025-07-08T18:53:21","slug":"le-musee-de-la-resistance-fete-ses-50-ans-avec-une-exposition-inedite-haute-garonne","status":"publish","type":"post","link":"https:\/\/www.europesays.com\/fr\/235801\/","title":{"rendered":"Le Mus\u00e9e de la R\u00e9sistance f\u00eate ses 50 ans avec une exposition in\u00e9dite &#8211; Haute Garonne"},"content":{"rendered":"<p>                    <img width=\"1024\" height=\"682\" src=\"https:\/\/www.europesays.com\/fr\/wp-content\/uploads\/2025\/07\/1752000801_868_unnamed.jpg\" class=\"img-fluid landscape wp-post-image\" alt=\"De droite \u00e0 gauche : Chlo\u00e9 Th\u00e9ault, nouvelle directrice du Mus\u00e9e d\u00e9partemental de la R\u00e9sistance et de la D\u00e9portation - S\u00e9bastien Vincini, pr\u00e9sident du Conseil d\u00e9partemental - Anne Boyer, vice-pr\u00e9sidente en charge de la Culture - Vincent Gibert, vice-pr\u00e9sident en charge de l\u2019\u00c9ducation, Vie associative, Valeurs de la R\u00e9publique et M\u00e9moire - Tristan Rouquet et Claire L\u00e9ger, membres de l'\u00e9quipe du mus\u00e9e.\" itemprop=\"image\" decoding=\"async\" fetchpriority=\"high\"  \/>                    <\/p>\n<p itemprop=\"name\">\n                                                 De droite \u00e0 gauche : Chlo\u00e9 Th\u00e9ault, nouvelle directrice du Mus\u00e9e d\u00e9partemental de la R\u00e9sistance et de la D\u00e9portation &#8211; S\u00e9bastien Vincini, pr\u00e9sident du Conseil d\u00e9partemental &#8211; Anne Boyer, vice-pr\u00e9sidente en charge de la Culture &#8211; Vincent Gibert, vice-pr\u00e9sident en charge de l\u2019\u00c9ducation, Vie associative, Valeurs de la R\u00e9publique et M\u00e9moire &#8211; Tristan Rouquet et Claire L\u00e9ger, membres de l&rsquo;\u00e9quipe du mus\u00e9e.<br \/>\n                         Cr\u00e9dits :<br \/>\n                            H\u00e9l\u00e8ne Ressayres\/CD31\n                                                <\/p>\n<p><strong>Jeudi dernier, S\u00e9bastien Vincini, le pr\u00e9sident du conseil d\u00e9partemental de Haute-Garonne a inaugur\u00e9 l&rsquo;exposition \u00ab\u00a0Quand la M\u00e9moire rencontre l&rsquo;Histoire, 50 ans de collections\u00a0\u00bb au Mus\u00e9e d\u00e9partemental de la R\u00e9sistance et de la D\u00e9portation de Toulouse. Cette exposition temporaire marque les 50 ans de la cr\u00e9ation du mus\u00e9e&#8230;<\/strong>&#13;<br \/>\n&#13;<br \/>\nDes cartes d&rsquo;identit\u00e9, une combinaison ou des lettres, cette exposition pr\u00e9sente une centaine de pi\u00e8ces issues des collections du mus\u00e9e, dont certaines sont expos\u00e9es pour la premi\u00e8re fois. Les collections, tr\u00e8s majoritairement constitu\u00e9es \u00e0 partir de dons derri\u00e8re lesquels se cachent toute une histoire. \u00ab\u00a0Aujourd&rsquo;hui encore j&rsquo;ai sign\u00e9 deux conventions\u00a0\u00bb, se r\u00e9jouit le pr\u00e9sident du Conseil d\u00e9partemental, qui a re\u00e7u deux dons : un petit avion en bois et une assiette de fa\u00efence offerts par Andr\u00e9e Puig. \u00ab\u00a0Cette assiette vient d&rsquo;une personne qui avait connu son oncle, qui \u00e9tait garde de la R\u00e9publique, qui sont les premiers qui sont rentr\u00e9s \u00e0 Oradour (&#8230;) Elle a voulu en faire un don car il y a une part d&rsquo;histoire \u00e0 travers cet objet\u00a0\u00bb, d\u00e9taille S\u00e9bastien Vincini. Une assiette que cette donatrice utilisait encore il y a quelques jours. L&rsquo;avion est \u00e9galement le \u00ab\u00a0dernier objet qu&rsquo;elle a r\u00e9cup\u00e9r\u00e9 de ses parents et gard\u00e9 toute une vie\u00a0\u00bb, s&rsquo;\u00e9meut le pr\u00e9sident du conseil d\u00e9partemental de Haute-Garonne.&#13;<br \/>\n<strong>50e anniversaire du mus\u00e9e<\/strong>&#13;<br \/>\n&#13;<br \/>\nCr\u00e9\u00e9 en 1975 par d&rsquo;anciens r\u00e9sistants et d\u00e9port\u00e9s, le mus\u00e9e est devenu d\u00e9partemental en 1994. \u00ab\u00a0En Haute-Garonne, nous faisons de la m\u00e9moire un levier, un rep\u00e8re, un engagement\u00a0\u00bb, a poursuivi S\u00e9bastien Vincini. Le mus\u00e9e conserve aujourd&rsquo;hui plus de 30 000 pi\u00e8ces exceptionnelles.<br \/>\n&#13;<br \/>\n\u00ab\u00a0Face \u00e0 l&rsquo;Occupation, \u00e0 la peur, face aux crimes et \u00e0 l&rsquo;oppression, des femmes et des hommes ont refus\u00e9 de c\u00e9der. C&rsquo;est cet esprit de la R\u00e9sistance que nous c\u00e9l\u00e9brons aujourd&rsquo;hui\u00a0\u00bb, a soulign\u00e9 le pr\u00e9sident du Conseil d\u00e9partemental de Haute-Garonne.&#13;<br \/>\n&#13;<br \/>\n<strong>Exposition du 4 juillet 2025 au 8 mars 2026. Mus\u00e9e d\u00e9partemental de la R\u00e9sistance et de la D\u00e9portation.<\/strong><\/p>\n<p>                Cet article est r\u00e9serv\u00e9 aux abonn\u00e9s.<\/p>\n<p class=\"signature\" itemscope=\"\" itemprop=\"Author\" itemtype=\"http:\/\/schema.org\/Person\">\n                MS31\n            <\/p>\n","protected":false},"excerpt":{"rendered":"De droite \u00e0 gauche : Chlo\u00e9 Th\u00e9ault, nouvelle directrice du Mus\u00e9e d\u00e9partemental de la R\u00e9sistance et de la&hellip;\n","protected":false},"author":2,"featured_media":235802,"comment_status":"","ping_status":"","sticky":false,"template":"","format":"standard","meta":{"footnotes":""},"categories":[2816],"tags":[1111,11,1777,674,1011,27,12,2680,301,25,2312],"class_list":{"0":"post-235801","1":"post","2":"type-post","3":"status-publish","4":"format-standard","5":"has-post-thumbnail","7":"category-toulouse","8":"tag-actu","9":"tag-actualites","10":"tag-eu","11":"tag-europe","12":"tag-fr","13":"tag-france","14":"tag-news","15":"tag-occitanie","16":"tag-premium","17":"tag-republique-francaise","18":"tag-toulouse"},"share_on_mastodon":{"url":"https:\/\/pubeurope.com\/@fr\/114819131290206017","error":""},"_links":{"self":[{"href":"https:\/\/www.europesays.com\/fr\/wp-json\/wp\/v2\/posts\/235801","targetHints":{"allow":["GET"]}}],"collection":[{"href":"https:\/\/www.europesays.com\/fr\/wp-json\/wp\/v2\/posts"}],"about":[{"href":"https:\/\/www.europesays.com\/fr\/wp-json\/wp\/v2\/types\/post"}],"author":[{"embeddable":true,"href":"https:\/\/www.europesays.com\/fr\/wp-json\/wp\/v2\/users\/2"}],"replies":[{"embeddable":true,"href":"https:\/\/www.europesays.com\/fr\/wp-json\/wp\/v2\/comments?post=235801"}],"version-history":[{"count":0,"href":"https:\/\/www.europesays.com\/fr\/wp-json\/wp\/v2\/posts\/235801\/revisions"}],"wp:featuredmedia":[{"embeddable":true,"href":"https:\/\/www.europesays.com\/fr\/wp-json\/wp\/v2\/media\/235802"}],"wp:attachment":[{"href":"https:\/\/www.europesays.com\/fr\/wp-json\/wp\/v2\/media?parent=235801"}],"wp:term":[{"taxonomy":"category","embeddable":true,"href":"https:\/\/www.europesays.com\/fr\/wp-json\/wp\/v2\/categories?post=235801"},{"taxonomy":"post_tag","embeddable":true,"href":"https:\/\/www.europesays.com\/fr\/wp-json\/wp\/v2\/tags?post=235801"}],"curies":[{"name":"wp","href":"https:\/\/api.w.org\/{rel}","templated":true}]}}