{"id":235807,"date":"2025-07-08T18:56:14","date_gmt":"2025-07-08T18:56:14","guid":{"rendered":"https:\/\/www.europesays.com\/fr\/235807\/"},"modified":"2025-07-08T18:56:14","modified_gmt":"2025-07-08T18:56:14","slug":"lorchestre-national-de-lille-transforme-le-casino-barriere-en-cabaret-encore-ce-mercredi-9-juillet","status":"publish","type":"post","link":"https:\/\/www.europesays.com\/fr\/235807\/","title":{"rendered":"L&rsquo;Orchestre national de Lille transforme le Casino Barri\u00e8re en cabaret, encore ce mercredi 9\u00a0juillet\u00a0!"},"content":{"rendered":"<p class=\"ap-StoryElement ap-StoryElement--mb ap-StoryText\">On citera par exemple LE grand rendez-vous de juin de l&rsquo;ONL\u00a0: le Lille Piano(s) Festival qui en \u00e9tait \u00e0 sa 22e \u00e9dition. Le programme toujours aussi riche et \u00e9clectique s&rsquo;est d\u00e9roul\u00e9 en quelques adresses.<\/p>\n<p class=\"ap-StoryElement ap-StoryElement--mb ap-StoryText\">Ainsi, L&rsquo;Avenir a par exemple eu l&rsquo;occasion d&rsquo;appr\u00e9cier la tr\u00e8s belle prestation de notre compatriote de talent, Florian Noack, au sein du Conservatoire de Lille, \u00e9crin \u00e0 la beaut\u00e9 qui nous \u00e9tait insoup\u00e7onn\u00e9e\u00a0!<\/p>\n<p><img loading=\"lazy\" decoding=\"async\" class=\"w-full lazyload lazyload--opacity object-contain\" style=\"aspect-ratio:133 \/ 100;opacity:1\" alt=\"Notre compatriote Florian Noack en r\u00e9cital de piano au conservatoire de Lille, le 15 juin 2025\" width=\"768\" height=\"576\" fetchpriority=\"auto\" src=\"https:\/\/www.europesays.com\/fr\/wp-content\/uploads\/2025\/05\/S5VKD3X55FFF3BW6V4SEHXNP7I.png\"  data- data-optimumx=\"1\"\/>Notre compatriote Florian Noack en r\u00e9cital de piano au conservatoire de Lille, le 15 juin 2025. \u00a9EDA<\/p>\n<p class=\"ap-StoryElement ap-StoryElement--mb ap-StoryText\">Dans un tout autre registre, et prouvant que l&rsquo;Orchestre national sait et veut s&rsquo;ouvrir \u00e0 tous les publics, le festival de la mi-juin a aussi pris ses quartiers dans le th\u00e9\u00e2tre du Casino Barri\u00e8re.<\/p>\n<p class=\"ap-StoryElement ap-StoryElement--mb ap-StoryText\">L&rsquo;occasion d&rsquo;y \u00e9couter Dominique Pinon lire du Jean Echenoz dont il nous a confi\u00e9 qu&rsquo;il en est un grand admirateur.<\/p>\n<p><img loading=\"lazy\" decoding=\"async\" class=\"w-full lazyload lazyload--opacity object-contain\" style=\"aspect-ratio:149 \/ 100;opacity:1\" alt=\"L'acteur Dominique Pinon r\u00e9citant du Jean Echenoz, accompagn\u00e9 par du Ravel au piano selon de talent d'H\u00e9l\u00e8ne Tysman, au casino Barri\u00e8re de Lille, le dimanche 15 juin 2025.\" width=\"768\" height=\"514\" fetchpriority=\"auto\" src=\"https:\/\/www.europesays.com\/fr\/wp-content\/uploads\/2025\/05\/S5VKD3X55FFF3BW6V4SEHXNP7I.png\"  data- data-optimumx=\"1\"\/> \u00a9EDA<\/p>\n<p class=\"ap-StoryElement ap-StoryElement--mb ap-StoryText\">L&rsquo;acteur f\u00e9tiche de Jean-Pierre Jeunet a ainsi cont\u00e9 la travers\u00e9e de l&rsquo;Atlantique de Maurice Ravel au sommet de son art \u00e0 ce moment-l\u00e0. Interpr\u00e9tation logiquement accompagn\u00e9e par du\u2026 Ravel au piano, un talent jou\u00e9 au piano par H\u00e9l\u00e8ne Tysman.<\/p>\n<p>Toujours au Casino Barri\u00e8re des Hauts-de-France<\/p>\n<p class=\"ap-StoryElement ap-StoryElement--mb ap-StoryText\">Cet \u00e9t\u00e9, l&rsquo;ONL continue de prendre ses quartiers dans le th\u00e9\u00e2tre du casino se transformant en un cabaret vibrant pour la nouvelle \u00e9dition des \u00ab\u00a0Nuits d&rsquo;\u00e9t\u00e9\u00a0\u00bb.<\/p>\n<p class=\"ap-StoryElement ap-StoryElement--mb ap-StoryText\">L&rsquo;Orchestre National de Lille et Joshua Weilerstein vous invitent ainsi \u00e0 red\u00e9couvrir Les Sept P\u00e9ch\u00e9s Capitaux de Kurt Weill, un ballet lyrique m\u00ealant passion, satire et \u00e9motion, port\u00e9 par la voix envo\u00fbtante de Bella Adamova et la chor\u00e9graphie expressive de Jess Gardolin.<\/p>\n<p class=\"ap-StoryElement ap-StoryElement--mb ap-StoryText\">Au programme, des classiques intemporels comme Youkali et Mack The Knife, mais aussi l&rsquo;exub\u00e9rant B\u0153uf sur le toit de Darius Milhaud et des extraits choisis de la com\u00e9die musicale Cabaret de John Kander, avec la participation d&rsquo;Isabelle Georges et du talentueux Alex Vizorek.<\/p>\n<p class=\"ap-StoryElement ap-StoryElement--mb ap-StoryText\">Cette production franco-danoise (Orchestre symphonique d&rsquo;Aalborg\/Orchestre National de Lille) des Sept P\u00e9ch\u00e9s Capitaux explore la dualit\u00e9 profonde entre nos d\u00e9sirs int\u00e9rieurs et les jugements ext\u00e9rieurs, incarn\u00e9e par Anna, d\u00e9chir\u00e9e entre authenticit\u00e9 et conformisme.<\/p>\n<p class=\"ap-StoryElement ap-StoryElement--mb ap-StoryText\">\u00c0 travers une mise en sc\u00e8ne immersive m\u00ealant projections, lumi\u00e8re et musique, ressentez la tension, la fragilit\u00e9 et la force d&rsquo;une femme confront\u00e9e aux d\u00e9fis d&rsquo;une soci\u00e9t\u00e9 souvent implacable.<\/p>\n<p class=\"ap-StoryElement ap-StoryElement--mb ap-StoryText\">R\u00e9servez d\u00e8s maintenant vos places pour la repr\u00e9sentation de ce mercredi <a href=\"https:\/\/www.casinosbarriere.com\/lille\/spectacle\/les-nuits-d-ete-spectacle-seul\" rel=\"nofollow noopener\" target=\"_blank\">9\u00a0juillet \u00e0 20h au Th\u00e9\u00e2tre du Casino Barri\u00e8re de Lille<\/a>.<\/p>\n","protected":false},"excerpt":{"rendered":"On citera par exemple LE grand rendez-vous de juin de l&rsquo;ONL\u00a0: le Lille Piano(s) Festival qui en \u00e9tait&hellip;\n","protected":false},"author":2,"featured_media":235808,"comment_status":"","ping_status":"","sticky":false,"template":"","format":"standard","meta":{"footnotes":""},"categories":[2815],"tags":[1111,11,3057,1777,674,1011,27,811,1227,1307,12,25,1467],"class_list":{"0":"post-235807","1":"post","2":"type-post","3":"status-publish","4":"format-standard","5":"has-post-thumbnail","7":"category-lille","8":"tag-actu","9":"tag-actualites","10":"tag-essential","11":"tag-eu","12":"tag-europe","13":"tag-fr","14":"tag-france","15":"tag-hauts-de-france","16":"tag-horizontal","17":"tag-lille","18":"tag-news","19":"tag-republique-francaise","20":"tag-tennis"},"share_on_mastodon":{"url":"https:\/\/pubeurope.com\/@fr\/114819143086001210","error":""},"_links":{"self":[{"href":"https:\/\/www.europesays.com\/fr\/wp-json\/wp\/v2\/posts\/235807","targetHints":{"allow":["GET"]}}],"collection":[{"href":"https:\/\/www.europesays.com\/fr\/wp-json\/wp\/v2\/posts"}],"about":[{"href":"https:\/\/www.europesays.com\/fr\/wp-json\/wp\/v2\/types\/post"}],"author":[{"embeddable":true,"href":"https:\/\/www.europesays.com\/fr\/wp-json\/wp\/v2\/users\/2"}],"replies":[{"embeddable":true,"href":"https:\/\/www.europesays.com\/fr\/wp-json\/wp\/v2\/comments?post=235807"}],"version-history":[{"count":0,"href":"https:\/\/www.europesays.com\/fr\/wp-json\/wp\/v2\/posts\/235807\/revisions"}],"wp:featuredmedia":[{"embeddable":true,"href":"https:\/\/www.europesays.com\/fr\/wp-json\/wp\/v2\/media\/235808"}],"wp:attachment":[{"href":"https:\/\/www.europesays.com\/fr\/wp-json\/wp\/v2\/media?parent=235807"}],"wp:term":[{"taxonomy":"category","embeddable":true,"href":"https:\/\/www.europesays.com\/fr\/wp-json\/wp\/v2\/categories?post=235807"},{"taxonomy":"post_tag","embeddable":true,"href":"https:\/\/www.europesays.com\/fr\/wp-json\/wp\/v2\/tags?post=235807"}],"curies":[{"name":"wp","href":"https:\/\/api.w.org\/{rel}","templated":true}]}}