{"id":235810,"date":"2025-07-08T18:58:11","date_gmt":"2025-07-08T18:58:11","guid":{"rendered":"https:\/\/www.europesays.com\/fr\/235810\/"},"modified":"2025-07-08T18:58:11","modified_gmt":"2025-07-08T18:58:11","slug":"une-centaine-de-personnes-ont-ete-sauvees-des-flammes-assure-samia-ghali-sur-rtl","status":"publish","type":"post","link":"https:\/\/www.europesays.com\/fr\/235810\/","title":{"rendered":"\u00ab\u00a0Une centaine de personnes ont \u00e9t\u00e9 sauv\u00e9es des flammes\u00a0\u00bb, assure Samia Ghali sur RTL"},"content":{"rendered":"<p class=\"article-p mdl\">Ce mardi 8 juillet, Marseille est s\u00e9v\u00e8rement touch\u00e9e par les flammes. Alors qu\u2019un incendie continue de se propager dans la ville, <strong>Samia Ghali, maire honoraire des 15e et 16e arrondissements de Marseille et maire adjointe \u00e0 la mairie<\/strong>, \u00e9tait invit\u00e9e au micro de RTL pour \u00e9voquer la situation.<\/p>\n<p class=\"article-p mdl\">L\u2019\u00e9lue venait de participer \u00e0 une cellule de crise et explique que \u00ab\u00a0les pompiers, la police municipale et <strong>tous les services de la ville sont en alerte<\/strong>\u00ab\u00a0. De la m\u00eame fa\u00e7on, \u00ab\u00a0des marins-pompiers de Marseille ont permis de mettre \u00e0 l&rsquo;abri beaucoup d&rsquo;habitants\u00a0\u00bb.<\/p>\n<p class=\"article-p mdl\">Dans un premier temps, ce sont les cr\u00e8ches et centres a\u00e9r\u00e9s qui ont \u00e9t\u00e9 contraints de confiner les enfants \u00ab\u00a0pour \u00e9viter que les parents s&rsquo;inqui\u00e8tent et <strong>viennent massivement dans les lieux o\u00f9 il ne fallait surtout pas venir<\/strong>\u00ab\u00a0, d\u2019apr\u00e8s Samia Ghali, avant que\u00a0<a class=\"link\" href=\"https:\/\/www.rtl.fr\/actu\/debats-societe\/les-infos-de-18h-incendie-a-marseille-les-arbres-explosaient-des-habitants-temoins-des-flammes-7900522457\" title=\"Les infos de 18h - Incendie \u00e0 Marseille : &quot;Les arbres explosaient&quot;, des habitants t\u00e9moins des flammes\" target=\"_blank\" rel=\"noopener\">des quartiers entiers ne soient \u00e0 l\u2019arr\u00eat<\/a>, notamment la Castellane, la Bricarde ou Campagne L\u00e9v\u00eaque. Des dizaines de milliers de personnes sont concern\u00e9es.<\/p>\n<p>            La ville d\u00e9pendante de la m\u00e9t\u00e9o<\/p>\n<p class=\"article-p mdl\">\u00ab\u00a0Il n&rsquo;y a pas que\u00a0<a class=\"link\" href=\"https:\/\/www.rtl.fr\/actu\/justice-faits-divers\/aeroport-ferme-evacuation-confinement-a55-bloquee-un-terrible-incendie-atteint-marseille-7900522362\" title=\"A\u00e9roport ferm\u00e9, \u00e9vacuation, confinement, A55 bloqu\u00e9e : un terrible incendie atteint Marseille\" target=\"_blank\" rel=\"noopener\">le feu<\/a>, mais il y a aussi les fum\u00e9es. On a pu voir des cendres, des \u00e9paisses fum\u00e9es sur la ville. C&rsquo;est tr\u00e8s toxique et il y a notamment les personnes fragiles, les b\u00e9b\u00e9s et les personnes \u00e2g\u00e9es qui peuvent \u00eatre gravement intoxiqu\u00e9es. Donc, <strong>il est important que chacun reste calfeutr\u00e9 \u00e0 la maison<\/strong>. L\u00e0 o\u00f9 il y a eu le besoin d&rsquo;\u00e9vacuer, \u00e7a a \u00e9t\u00e9 fait. L\u00e0 o\u00f9 il n&rsquo;y a pas eu besoin d&rsquo;\u00e9vacuer, on demande aux gens de respecter\u00a0\u00bb, a expliqu\u00e9 la maire adjointe.\u00a0<\/p>\n<p class=\"article-p mdl\">Cette derni\u00e8re assure que \u00ab\u00a0l&rsquo;inqui\u00e9tude est de voir le vent tourner\u00a0\u00bb car si le mistral, qui pousse actuellement la fum\u00e9e noire vers la ville, modifie sa trajectoire, cela \u00ab\u00a0change compl\u00e8tement la donne en mati\u00e8re d&rsquo;appr\u00e9ciation et surtout de pr\u00e9vention\u00a0\u00bb. Samia Ghali a tenu \u00e0 remercier les habitants pour leur \u00ab\u00a0courage\u00a0\u00bb ainsi que les pompiers mobilis\u00e9s qui permettent de limiter les d\u00e9g\u00e2ts : \u00ab\u00a0Je crois qu<strong>&lsquo;il y a une personne, peut-\u00eatre, qui a \u00e9t\u00e9 bless\u00e9e<\/strong>. Mais autrement, au vu de la situation, nous n&rsquo;avons quasiment pas de bless\u00e9s. Il y a \u00e0 peu pr\u00e8s une centaine de personnes qui ont \u00e9t\u00e9 sauv\u00e9es des flammes.\u00a0\u00bb<\/p>\n<p>    La r\u00e9daction vous recommande<\/p>\n<p class=\"s-newsletter__title\">\n                L\u2019actualit\u00e9 par la r\u00e9daction de RTL dans votre bo\u00eete mail.\n            <\/p>\n<p class=\"s-newsletter__subtitle\">\n                Gr\u00e2ce \u00e0 votre compte RTL abonnez-vous \u00e0 la newsletter RTL info pour suivre toute l&rsquo;actualit\u00e9 au quotidien\n            <\/p>\n<p>\n                                    Lire la suite\n                                <\/p>\n","protected":false},"excerpt":{"rendered":"Ce mardi 8 juillet, Marseille est s\u00e9v\u00e8rement touch\u00e9e par les flammes. Alors qu\u2019un incendie continue de se propager&hellip;\n","protected":false},"author":2,"featured_media":235811,"comment_status":"","ping_status":"","sticky":false,"template":"","format":"standard","meta":{"footnotes":""},"categories":[2814],"tags":[1111,11,885,1777,674,1312,107,1011,27,1310,37463,24999,884,12,1311,882,362,25],"class_list":{"0":"post-235810","1":"post","2":"type-post","3":"status-publish","4":"format-standard","5":"has-post-thumbnail","7":"category-marseille","8":"tag-actu","9":"tag-actualites","10":"tag-bouches-du-rhone","11":"tag-eu","12":"tag-europe","13":"tag-feu","14":"tag-fil-info","15":"tag-fr","16":"tag-france","17":"tag-incendie","18":"tag-incendie-a-marseille","19":"tag-linvite-de-rtl","20":"tag-marseille","21":"tag-news","22":"tag-pompiers","23":"tag-provence-alpes-cote-dazur","24":"tag-replay","25":"tag-republique-francaise"},"share_on_mastodon":{"url":"https:\/\/pubeurope.com\/@fr\/114819150820927259","error":""},"_links":{"self":[{"href":"https:\/\/www.europesays.com\/fr\/wp-json\/wp\/v2\/posts\/235810","targetHints":{"allow":["GET"]}}],"collection":[{"href":"https:\/\/www.europesays.com\/fr\/wp-json\/wp\/v2\/posts"}],"about":[{"href":"https:\/\/www.europesays.com\/fr\/wp-json\/wp\/v2\/types\/post"}],"author":[{"embeddable":true,"href":"https:\/\/www.europesays.com\/fr\/wp-json\/wp\/v2\/users\/2"}],"replies":[{"embeddable":true,"href":"https:\/\/www.europesays.com\/fr\/wp-json\/wp\/v2\/comments?post=235810"}],"version-history":[{"count":0,"href":"https:\/\/www.europesays.com\/fr\/wp-json\/wp\/v2\/posts\/235810\/revisions"}],"wp:featuredmedia":[{"embeddable":true,"href":"https:\/\/www.europesays.com\/fr\/wp-json\/wp\/v2\/media\/235811"}],"wp:attachment":[{"href":"https:\/\/www.europesays.com\/fr\/wp-json\/wp\/v2\/media?parent=235810"}],"wp:term":[{"taxonomy":"category","embeddable":true,"href":"https:\/\/www.europesays.com\/fr\/wp-json\/wp\/v2\/categories?post=235810"},{"taxonomy":"post_tag","embeddable":true,"href":"https:\/\/www.europesays.com\/fr\/wp-json\/wp\/v2\/tags?post=235810"}],"curies":[{"name":"wp","href":"https:\/\/api.w.org\/{rel}","templated":true}]}}