{"id":235812,"date":"2025-07-08T18:59:12","date_gmt":"2025-07-08T18:59:12","guid":{"rendered":"https:\/\/www.europesays.com\/fr\/235812\/"},"modified":"2025-07-08T18:59:12","modified_gmt":"2025-07-08T18:59:12","slug":"un-feu-dartifice-de-drones","status":"publish","type":"post","link":"https:\/\/www.europesays.com\/fr\/235812\/","title":{"rendered":"un feu d\u2019artifice de drones"},"content":{"rendered":"<p>C\u2019est une premi\u00e8re du genre dans la r\u00e9gion lyonnaise, et m\u00eame en France\u00a0: un show de drones, en musique, \u00e0 l\u2019hippodrome de Parilly (Bron), les 11 et 12\u00a0juillet. Un feu d\u2019artifice d\u2019un autre genre, en avant-go\u00fbt du 14-Juillet.<\/p>\n<p>Une proposition de la soci\u00e9t\u00e9 de divertissement Fever, c\u00e9l\u00e8bre pour ses concerts \u00e0 la bougie et autres \u00e9v\u00e9nements immersifs. Au programme\u00a0: un grand show de lumi\u00e8res, avec des formes, fleurs, silhouettes, constellations, dessin\u00e9s dans le ciel par 600 drones (programm\u00e9s), accompagn\u00e9 d\u2019un&#8230;<\/p>\n","protected":false},"excerpt":{"rendered":"C\u2019est une premi\u00e8re du genre dans la r\u00e9gion lyonnaise, et m\u00eame en France\u00a0: un show de drones, en&hellip;\n","protected":false},"author":2,"featured_media":235813,"comment_status":"","ping_status":"","sticky":false,"template":"","format":"standard","meta":{"footnotes":""},"categories":[1889],"tags":[1111,11,2430,9492,12890,1687,3152,1777,674,1011,27,2428,12,25,2429,3140],"class_list":{"0":"post-235812","1":"post","2":"type-post","3":"status-publish","4":"format-standard","5":"has-post-thumbnail","7":"category-lyon","8":"tag-actu","9":"tag-actualites","10":"tag-auvergne-rhone-alpes","11":"tag-bron","12":"tag-bron-ville","13":"tag-culture-loisirs","14":"tag-edition-est-lyonnais","15":"tag-eu","16":"tag-europe","17":"tag-fr","18":"tag-france","19":"tag-lyon","20":"tag-news","21":"tag-republique-francaise","22":"tag-rhone","23":"tag-spectacle"},"share_on_mastodon":{"url":"https:\/\/pubeurope.com\/@fr\/114819154802963251","error":""},"_links":{"self":[{"href":"https:\/\/www.europesays.com\/fr\/wp-json\/wp\/v2\/posts\/235812","targetHints":{"allow":["GET"]}}],"collection":[{"href":"https:\/\/www.europesays.com\/fr\/wp-json\/wp\/v2\/posts"}],"about":[{"href":"https:\/\/www.europesays.com\/fr\/wp-json\/wp\/v2\/types\/post"}],"author":[{"embeddable":true,"href":"https:\/\/www.europesays.com\/fr\/wp-json\/wp\/v2\/users\/2"}],"replies":[{"embeddable":true,"href":"https:\/\/www.europesays.com\/fr\/wp-json\/wp\/v2\/comments?post=235812"}],"version-history":[{"count":0,"href":"https:\/\/www.europesays.com\/fr\/wp-json\/wp\/v2\/posts\/235812\/revisions"}],"wp:featuredmedia":[{"embeddable":true,"href":"https:\/\/www.europesays.com\/fr\/wp-json\/wp\/v2\/media\/235813"}],"wp:attachment":[{"href":"https:\/\/www.europesays.com\/fr\/wp-json\/wp\/v2\/media?parent=235812"}],"wp:term":[{"taxonomy":"category","embeddable":true,"href":"https:\/\/www.europesays.com\/fr\/wp-json\/wp\/v2\/categories?post=235812"},{"taxonomy":"post_tag","embeddable":true,"href":"https:\/\/www.europesays.com\/fr\/wp-json\/wp\/v2\/tags?post=235812"}],"curies":[{"name":"wp","href":"https:\/\/api.w.org\/{rel}","templated":true}]}}