{"id":235824,"date":"2025-07-08T19:05:10","date_gmt":"2025-07-08T19:05:10","guid":{"rendered":"https:\/\/www.europesays.com\/fr\/235824\/"},"modified":"2025-07-08T19:05:10","modified_gmt":"2025-07-08T19:05:10","slug":"on-nous-a-dit-quon-se-faisait-manipuler-le-soutien-des-adjoints-dhidalgo-a-un-mouvement-syndical-passe-mal","status":"publish","type":"post","link":"https:\/\/www.europesays.com\/fr\/235824\/","title":{"rendered":"\u00ab\u00a0On nous a dit qu\u2019on se faisait manipuler\u00a0\u00bb\u00a0: le soutien des adjoints d\u2019Hidalgo \u00e0 un mouvement syndical passe mal"},"content":{"rendered":"<p class=\"paragraph text_align_left lp-f-body-02\">Mardi 1er juillet. En marge du <a href=\"https:\/\/www.leparisien.fr\/paris-75\/au-conseil-de-paris-une-valse-des-signatures-pour-sauver-son-indemnite-ces-elus-qui-ne-font-que-passer-08-04-2025-QAWPGO2VGJH3NBMWRWWWT2MUXY.php\" target=\"_blank\" rel=\"noreferrer nofollow noopener\">Conseil de Paris<\/a>, les agents de la direction de l\u2019Attractivit\u00e9 et de l\u2019emploi (DAE) manifestent : ils craignent la suppression ou la r\u00e9organisation de leurs missions. Fait rare, ils re\u00e7oivent la visite de quatre adjoints de la maire (PS) Anne Hidalgo, non pas pour tenter d\u2019apaiser la grogne sociale\u2026 mais pour les soutenir.<\/p>\n<p class=\"paragraph text_align_left lp-f-body-02\">L\u2019adjoint (PCF) en charge du commerce <a href=\"https:\/\/www.leparisien.fr\/paris-75\/vitalite-des-commerces-ou-respect-du-cadre-de-vie-avec-les-terrasses-paris-joue-les-equilibristes-01-02-2025-KD2K47F3XRHARHFOB4B3HB46TU.php\" target=\"_blank\" rel=\"noreferrer nofollow noopener\">Nicolas Bonnet-Oulaldj<\/a>, son coll\u00e8gue en charge de l\u2019\u00e9conomie sociale et solidaire Florentin Letissier (Les \u00c9cologistes), l\u2019adjointe charg\u00e9e de l\u2019alimentation durable et de l\u2019agriculture <a href=\"https:\/\/www.leparisien.fr\/paris-75\/audrey-pulvar-lerreur-de-casting-danne-hidalgo-21-06-2021-XSOQ2OCWWNF5RJFVYFVS7ANYG4.php\" target=\"_blank\" rel=\"noreferrer nofollow noopener\">Audrey Pulvar<\/a> et enfin Fr\u00e9d\u00e9ric Hocquard, adjoint (Les \u00c9cologistes) en charge du tourisme\u2026<\/p>\n","protected":false},"excerpt":{"rendered":"Mardi 1er juillet. En marge du Conseil de Paris, les agents de la direction de l\u2019Attractivit\u00e9 et de&hellip;\n","protected":false},"author":2,"featured_media":235825,"comment_status":"","ping_status":"","sticky":false,"template":"","format":"standard","meta":{"footnotes":""},"categories":[1888],"tags":[11,1777,674,1011,27,1944,12,626,25],"class_list":{"0":"post-235824","1":"post","2":"type-post","3":"status-publish","4":"format-standard","5":"has-post-thumbnail","7":"category-paris","8":"tag-actualites","9":"tag-eu","10":"tag-europe","11":"tag-fr","12":"tag-france","13":"tag-ma-ville","14":"tag-news","15":"tag-paris","16":"tag-republique-francaise"},"share_on_mastodon":{"url":"https:\/\/pubeurope.com\/@fr\/114819178367168587","error":""},"_links":{"self":[{"href":"https:\/\/www.europesays.com\/fr\/wp-json\/wp\/v2\/posts\/235824","targetHints":{"allow":["GET"]}}],"collection":[{"href":"https:\/\/www.europesays.com\/fr\/wp-json\/wp\/v2\/posts"}],"about":[{"href":"https:\/\/www.europesays.com\/fr\/wp-json\/wp\/v2\/types\/post"}],"author":[{"embeddable":true,"href":"https:\/\/www.europesays.com\/fr\/wp-json\/wp\/v2\/users\/2"}],"replies":[{"embeddable":true,"href":"https:\/\/www.europesays.com\/fr\/wp-json\/wp\/v2\/comments?post=235824"}],"version-history":[{"count":0,"href":"https:\/\/www.europesays.com\/fr\/wp-json\/wp\/v2\/posts\/235824\/revisions"}],"wp:featuredmedia":[{"embeddable":true,"href":"https:\/\/www.europesays.com\/fr\/wp-json\/wp\/v2\/media\/235825"}],"wp:attachment":[{"href":"https:\/\/www.europesays.com\/fr\/wp-json\/wp\/v2\/media?parent=235824"}],"wp:term":[{"taxonomy":"category","embeddable":true,"href":"https:\/\/www.europesays.com\/fr\/wp-json\/wp\/v2\/categories?post=235824"},{"taxonomy":"post_tag","embeddable":true,"href":"https:\/\/www.europesays.com\/fr\/wp-json\/wp\/v2\/tags?post=235824"}],"curies":[{"name":"wp","href":"https:\/\/api.w.org\/{rel}","templated":true}]}}