{"id":235834,"date":"2025-07-08T19:11:23","date_gmt":"2025-07-08T19:11:23","guid":{"rendered":"https:\/\/www.europesays.com\/fr\/235834\/"},"modified":"2025-07-08T19:11:23","modified_gmt":"2025-07-08T19:11:23","slug":"euro-2025-f-lallemagne-renverse-le-danemark","status":"publish","type":"post","link":"https:\/\/www.europesays.com\/fr\/235834\/","title":{"rendered":"Euro 2025 (F) : L&rsquo;Allemagne renverse le Danemark"},"content":{"rendered":"<p class=\"date\">\n                                                            Emmanuel LANGELLIER, Media365, publi\u00e9 le mardi 08 juillet 2025 \u00e0 20h28\n                                                    <\/p>\n<p>Lors de sa deuxi\u00e8me sortie, l&rsquo;Allemagne a encore gagn\u00e9, mardi, renversant le Danemark (2-1). La qualification pour les quarts est proche.<\/p>\n<p>L&rsquo;Allemagne, 8 fois titr\u00e9e \u00e0 l&rsquo;Euro (un record), se m\u00e9fiait fortement du Danemark, son deuxi\u00e8me adversaire au Championnat d&rsquo;Europe 2025, battu lors de son entr\u00e9e en lice (0-1 contre la Su\u00e8de). \u00ab Nous devrons \u00e0 nouveau faire preuve de patience. Nous affronterons une \u00e9quipe compacte qui ne nous laissera pas beaucoup d&rsquo;espace, nous devrons donc \u00eatre patients en possession du ballon et attendre que des espaces s&rsquo;ouvrent, que nous devrons ensuite exploiter \u00bb, avait gliss\u00e9 \u00e0 juste titre le s\u00e9lectionneur Christopher W\u00fcck. Au Parc Saint-Jacques de B\u00e2le, les Danoises, \u00e9trill\u00e9es par leurs homologues allemandes lors du dernier Euro (0-4), ont effectivement malmen\u00e9 leurs adversaires en prenant un meilleur d\u00e9part, mardi.<\/p>\n<p>Sch\u00fcller fait encore trembler les filets<\/p>\n<p>Les filles d&rsquo;Andr\u00e9e Jeglertz ont ouvert la marque par l&rsquo;interm\u00e9diaire d&rsquo;Amalie Vangsgaard, l&rsquo;attaquante de la Juventus Turin, d\u00e8s la 26e minute. Tombeuses de la Pologne (2-0), les Allemandes, priv\u00e9es de leur capitaine Giulia Gwinn &#8211; la lat\u00e9rale bless\u00e9e au genou en premi\u00e8re mi-temps vendredi dernier -, \u00e9taient bien mal parties contre un opposant tr\u00e8s efficace et qui menait 5 succ\u00e8s \u00e0 4 (1 nul) dans les confrontations avant le coup d&rsquo;envoi, mais elles se sont redress\u00e9es en seconde p\u00e9riode. L&rsquo;Allemagne a renvers\u00e9 la vapeur en l&rsquo;espace de 10 petites minutes. Apr\u00e8s une faute de Katrine Veje sur Linda Dallmann au sein de la surface de r\u00e9paration, l&rsquo;arbitre Catarina Campos a d\u00e9sign\u00e9 le point de penalty apr\u00e8s recours au VAR et Sjoeke N\u00fcsken a transform\u00e9 la sentence (56e, 1-1).<\/p>\n<p>Dominatrices st\u00e9riles, les prot\u00e9g\u00e9es de W\u00fcck ont acc\u00e9l\u00e9r\u00e9 et pris l&rsquo;avantage sur un coup du sort. L&rsquo;arri\u00e8re-garde danoise \u00e9tait en train de tenter de d\u00e9gager le ballon mais celui-ci a atterri dans la t\u00eate d&rsquo;Emma Snerle, ce qui a profit\u00e9 \u00e0 Jule Brand, laquelle a id\u00e9alement servi Lea Sch\u00fcller, buteuse d&rsquo;un joli plat du pied enroul\u00e9 vers le petit filet oppos\u00e9 (66e, 2-1). L&rsquo;attaquante de pointe allemande, qui avait d\u00e9j\u00e0 fait trembler les filets contre la Pologne, a ensuite rat\u00e9 de peu le break (71e) et la Mannschaft a g\u00e9r\u00e9 son avantage avec succ\u00e8s. Victorieuse, elle prend une option pour la qualification dans le tableau final. Si la Pologne ne bat pas le Su\u00e8de (coup d&rsquo;envoi \u00e0 21h00), l&rsquo;Allemagne d\u00e9crochera son billet pour les quarts de finale.<\/p>\n","protected":false},"excerpt":{"rendered":"Emmanuel LANGELLIER, Media365, publi\u00e9 le mardi 08 juillet 2025 \u00e0 20h28 Lors de sa deuxi\u00e8me sortie, l&rsquo;Allemagne a&hellip;\n","protected":false},"author":2,"featured_media":235835,"comment_status":"","ping_status":"","sticky":false,"template":"","format":"standard","meta":{"footnotes":""},"categories":[1587],"tags":[11,672,1804,1805,1803,1777,674,1801,12,1802],"class_list":{"0":"post-235834","1":"post","2":"type-post","3":"status-publish","4":"format-standard","5":"has-post-thumbnail","7":"category-allemagne","8":"tag-actualites","9":"tag-allemagne","10":"tag-bundesrepublik-deutschland","11":"tag-de","12":"tag-deutschland","13":"tag-eu","14":"tag-europe","15":"tag-germany","16":"tag-news","17":"tag-republique-federale-dallemagne"},"share_on_mastodon":{"url":"https:\/\/pubeurope.com\/@fr\/114819201988690328","error":""},"_links":{"self":[{"href":"https:\/\/www.europesays.com\/fr\/wp-json\/wp\/v2\/posts\/235834","targetHints":{"allow":["GET"]}}],"collection":[{"href":"https:\/\/www.europesays.com\/fr\/wp-json\/wp\/v2\/posts"}],"about":[{"href":"https:\/\/www.europesays.com\/fr\/wp-json\/wp\/v2\/types\/post"}],"author":[{"embeddable":true,"href":"https:\/\/www.europesays.com\/fr\/wp-json\/wp\/v2\/users\/2"}],"replies":[{"embeddable":true,"href":"https:\/\/www.europesays.com\/fr\/wp-json\/wp\/v2\/comments?post=235834"}],"version-history":[{"count":0,"href":"https:\/\/www.europesays.com\/fr\/wp-json\/wp\/v2\/posts\/235834\/revisions"}],"wp:featuredmedia":[{"embeddable":true,"href":"https:\/\/www.europesays.com\/fr\/wp-json\/wp\/v2\/media\/235835"}],"wp:attachment":[{"href":"https:\/\/www.europesays.com\/fr\/wp-json\/wp\/v2\/media?parent=235834"}],"wp:term":[{"taxonomy":"category","embeddable":true,"href":"https:\/\/www.europesays.com\/fr\/wp-json\/wp\/v2\/categories?post=235834"},{"taxonomy":"post_tag","embeddable":true,"href":"https:\/\/www.europesays.com\/fr\/wp-json\/wp\/v2\/tags?post=235834"}],"curies":[{"name":"wp","href":"https:\/\/api.w.org\/{rel}","templated":true}]}}