{"id":235836,"date":"2025-07-08T19:12:15","date_gmt":"2025-07-08T19:12:15","guid":{"rendered":"https:\/\/www.europesays.com\/fr\/235836\/"},"modified":"2025-07-08T19:12:15","modified_gmt":"2025-07-08T19:12:15","slug":"au-royaume-uni-emmanuel-macron-promet-que-leurope-nabandonnera-jamais-lukraine","status":"publish","type":"post","link":"https:\/\/www.europesays.com\/fr\/235836\/","title":{"rendered":"Au Royaume-Uni, Emmanuel Macron promet que \u00abl&rsquo;Europe n&rsquo;abandonnera jamais l&rsquo;Ukraine\u00bb"},"content":{"rendered":"<p>Ce n&rsquo;\u00e9tait plus arriv\u00e9 depuis 2008, et la derni\u00e8re visite d&rsquo;\u00c9tat d&rsquo;un pr\u00e9sident fran\u00e7ais au Royaume-Uni. Emmanuel Macron s&rsquo;est exprim\u00e9 ce mardi 8 juillet devant le Parlement britannique, d\u00e9put\u00e9s et Lords r\u00e9unis. Un discours empreint de symboles pour rappeler les liens forts entre les deux pays.<\/p>\n<p>Premier chef d&rsquo;\u00c9tat europ\u00e9en \u00e0 s&rsquo;exprimer au Parlement britannique depuis le <strong><a href=\"https:\/\/www.rfi.fr\/fr\/tag\/brexit\/\" rel=\"nofollow noopener\" target=\"_blank\" data-ylk=\"slk:Brexit;elm:context_link;itc:0;sec:content-canvas\" class=\"link \">Brexit<\/a><\/strong>, <strong><a href=\"https:\/\/www.rfi.fr\/fr\/tag\/emmanuel-macron\/\" rel=\"nofollow noopener\" target=\"_blank\" data-ylk=\"slk:Emmanuel Macron;elm:context_link;itc:0;sec:content-canvas\" class=\"link \">Emmanuel Macron<\/a><\/strong> a \u00e9t\u00e9 re\u00e7u, au premier de ses trois jours pr\u00e9vus outre-Manche, dans la luxueuse \u00ab galerie royale \u00bb du palais de Westminster, rapporte notre correspondante \u00e0 Londres, <strong>Emeline Vin<\/strong>. Apr\u00e8s un \u00e9change de blagues sur le foot et l&rsquo;histoire mill\u00e9naire franco-britannique (\u00ab Nous aimons la monarchie, surtout quand elle n&rsquo;est pas chez nous \u00bb, a-t-il gliss\u00e9, s&rsquo;attirant les rires de l&rsquo;assembl\u00e9e), il a embray\u00e9 sur la d\u00e9fense et la guerre en Ukraine, gros dossiers de cette visite.<\/p>\n<p>\u00ab En tant que membres permanentes du Conseil de s\u00e9curit\u00e9, nous devons \u0153uvrer ensemble pour prot\u00e9ger l&rsquo;ordre international que nous avons fond\u00e9 apr\u00e8s la Seconde Guerre mondiale. C&rsquo;est pourquoi nous avons lanc\u00e9 ensemble cette coalition de volontaires en f\u00e9vrier. L&rsquo;Europe n&rsquo;abandonnera jamais l&rsquo;Ukraine \u00bb, a d\u00e9clar\u00e9 Emmanuel Macron dans la langue de Shakespeare. \u00ab Nous nous battrons jusqu&rsquo;\u00e0 la derni\u00e8re minute afin d&rsquo;obtenir un cessez-le-feu, pour entamer les n\u00e9gociations afin de construire cette paix solide et durable, car c&rsquo;est notre s\u00e9curit\u00e9 et nos principes qui sont en jeu en Ukraine \u00bb, a-t-il poursuivi.<\/p>\n<p><a href=\"https:\/\/www.rfi.fr\/fr\/europe\/20250708-au-royaume-uni-emmanuel-macron-promet-que-l-europe-n-abandonnera-jamais-l-ukraine\" rel=\"nofollow noopener\" target=\"_blank\" data-ylk=\"slk:Lire la suite sur RFI;elm:context_link;itc:0;sec:content-canvas\" class=\"link \">Lire la suite sur RFI<\/a><\/p>\n","protected":false},"excerpt":{"rendered":"Ce n&rsquo;\u00e9tait plus arriv\u00e9 depuis 2008, et la derni\u00e8re visite d&rsquo;\u00c9tat d&rsquo;un pr\u00e9sident fran\u00e7ais au Royaume-Uni. Emmanuel Macron&hellip;\n","protected":false},"author":2,"featured_media":235837,"comment_status":"","ping_status":"","sticky":false,"template":"","format":"standard","meta":{"footnotes":""},"categories":[1586],"tags":[11,37465,1073,1777,674,1011,27,12,37464,7354,9962,25],"class_list":{"0":"post-235836","1":"post","2":"type-post","3":"status-publish","4":"format-standard","5":"has-post-thumbnail","7":"category-europe","8":"tag-actualites","9":"tag-emeline-vin","10":"tag-emmanuel-macron","11":"tag-eu","12":"tag-europe","13":"tag-fr","14":"tag-france","15":"tag-news","16":"tag-palais-de-westminster","17":"tag-parlement-britannique","18":"tag-president-francais","19":"tag-republique-francaise"},"share_on_mastodon":{"url":"https:\/\/pubeurope.com\/@fr\/114819205871258433","error":""},"_links":{"self":[{"href":"https:\/\/www.europesays.com\/fr\/wp-json\/wp\/v2\/posts\/235836","targetHints":{"allow":["GET"]}}],"collection":[{"href":"https:\/\/www.europesays.com\/fr\/wp-json\/wp\/v2\/posts"}],"about":[{"href":"https:\/\/www.europesays.com\/fr\/wp-json\/wp\/v2\/types\/post"}],"author":[{"embeddable":true,"href":"https:\/\/www.europesays.com\/fr\/wp-json\/wp\/v2\/users\/2"}],"replies":[{"embeddable":true,"href":"https:\/\/www.europesays.com\/fr\/wp-json\/wp\/v2\/comments?post=235836"}],"version-history":[{"count":0,"href":"https:\/\/www.europesays.com\/fr\/wp-json\/wp\/v2\/posts\/235836\/revisions"}],"wp:featuredmedia":[{"embeddable":true,"href":"https:\/\/www.europesays.com\/fr\/wp-json\/wp\/v2\/media\/235837"}],"wp:attachment":[{"href":"https:\/\/www.europesays.com\/fr\/wp-json\/wp\/v2\/media?parent=235836"}],"wp:term":[{"taxonomy":"category","embeddable":true,"href":"https:\/\/www.europesays.com\/fr\/wp-json\/wp\/v2\/categories?post=235836"},{"taxonomy":"post_tag","embeddable":true,"href":"https:\/\/www.europesays.com\/fr\/wp-json\/wp\/v2\/tags?post=235836"}],"curies":[{"name":"wp","href":"https:\/\/api.w.org\/{rel}","templated":true}]}}