{"id":235846,"date":"2025-07-08T19:17:16","date_gmt":"2025-07-08T19:17:16","guid":{"rendered":"https:\/\/www.europesays.com\/fr\/235846\/"},"modified":"2025-07-08T19:17:16","modified_gmt":"2025-07-08T19:17:16","slug":"martin-couvra-le-golf-francais-se-porte-bien-golf-planete","status":"publish","type":"post","link":"https:\/\/www.europesays.com\/fr\/235846\/","title":{"rendered":"Martin Couvra : \u00ab Le golf fran\u00e7ais se porte bien \u00bb &#8211; Golf Plan\u00e8te"},"content":{"rendered":"<ol>\n<li><a href=\"https:\/\/news.google.com\/rss\/articles\/CBMijAFBVV95cUxQa21WRDlxYThsT2ZwdUZoaUhPQ0xRcE5Kcng4QXBnb2tkM1VnVlhacW1pRy00anZKbkNzQ2hVMV9xN24xcWJPU3FzOFNXcmo4QTZzVzgwMFlGc2lFNHZLajNYZFlKUUQ1VnZaNGo2aDJROWJTclpObnI5QzlheTNyLVRuam5KLThabXlLcQ?oc=5\" target=\"_blank\" rel=\"nofollow noopener\">Martin Couvra : \u00ab Le golf fran\u00e7ais se porte bien \u00bb<\/a>&nbsp;&nbsp;Golf Plan\u00e8te<\/li>\n<li><a href=\"https:\/\/news.google.com\/rss\/articles\/CBMirwFBVV95cUxOMEtGTllhal9WaUx4TmNTc18tMUQ2MHREb1pEUHZSX0RtanowRWNDZ0E1dXQ3RzJzcGI1ZW1wRmc2ZFA3c3loaE1CQWppMWxPTjZ6Y3ZXalJLWUVTWE5GNWVwNmFwbGI3OEF5ME55RzEwOWdoSW9PNVJrOGtBRk9iZVhpWTk4d0tuRmpiMlRhLTJ3cy1qSmlOMVhaTm9ZbzZhQW52SGt0Wngza2JBdzVn?oc=5\" target=\"_blank\" rel=\"nofollow noopener\">Plein soleil sur le golf fran\u00e7ais<\/a>&nbsp;&nbsp;L&rsquo;\u00c9quipe<\/li>\n<li><a href=\"https:\/\/news.google.com\/rss\/articles\/CBMilwFBVV95cUxQcWZhNks1NjExS2FOemRlc3lSbHpQWTI2cDZXbGRUQ1RwZVR4U1pSX1FsVllNeDFZRXRUS3JnTHVqYk9JVlI5TkYzVkp2bVJyU1F4OHc2Qnl5X2ZVX0d6TUFaRUM2Y2IyLUdJVEY3bTVqUk91WTNWYlZURVhaMEVKczRjYS1ueFBvMGtfR3hxcktqSGE4ZTRJ?oc=5\" target=\"_blank\" rel=\"nofollow noopener\">Martin Couvra a test\u00e9 le golf d\u2019Al\u00e8s-Ribaute<\/a>&nbsp;&nbsp;Midi Libre<\/li>\n<li><a href=\"https:\/\/news.google.com\/rss\/articles\/CBMiqAFBVV95cUxNY1YwX0ZmMFhnQnZWWG5QSFBOWHBYTGY3VHVYX2R6Yk85V2RaQkRVT1k5R2k2V09xckh2MHU4M3FVVktEbWRjVjl5WnJoUEUyVWZFMFpqekpJQUYxal9OQWF1S2J1R1ZjMUZ3NkREbm9nYkpWSWJDSmh0bFBFd0VvM1ZCQ01XWTNHTmVJMDhfNElJWWVxZlFqdG5Da3ZPNzNzRjVTVGNWd0k?oc=5\" target=\"_blank\" rel=\"nofollow noopener\">Martin Couvra aux portes du top 100 mondial. Matthieu Pavon recule !<\/a>&nbsp;&nbsp;Golf Plan\u00e8te<\/li>\n<li><a href=\"https:\/\/news.google.com\/rss\/articles\/CBMikAJBVV95cUxPcGoybTRvaWhaZExtU292am5CNzEtdmJZMGhvSTc0Smd1QS1aSUx2ZTU4UDB4cUZKQjJGcVlQamNEQzNyNWh6TnlYVEZkanFHZDJMNDdZekVKOWNhMXc4UXJ1bkFuTG9VWWpkOE9FWTR2UU9GNVFSREFkdDB5UXE2Q3ZGdUY4X3c5ZDBuaDVHbTdOYWJ6V2dOak9KbTB6ZTQzUTAycC1QWmh6WEZNeVRlMVVsWHE5Uk9kcFNUY2ljY05RUVpUY0hnLUlVWWtEMWxYUGdZS2J3bkVsbUMzWmtfNzBlcXhRQi1kVTl0NmdubnF1STZzRElSNGJsRWZweXZKWVdHYzBrRjZ6c1VJbGlKQw?oc=5\" target=\"_blank\" rel=\"nofollow noopener\">Golf. Classement Pro: Quand Adrien Saddier et Martin Couvra battent en br\u00e8che le r\u00eave Am\u00e9ricain<\/a>&nbsp;&nbsp;Ouest-France<\/li>\n<\/ol>\n","protected":false},"excerpt":{"rendered":"Martin Couvra : \u00ab Le golf fran\u00e7ais se porte bien \u00bb&nbsp;&nbsp;Golf Plan\u00e8te Plein soleil sur le golf fran\u00e7ais&nbsp;&nbsp;L&rsquo;\u00c9quipe&hellip;\n","protected":false},"author":2,"featured_media":235847,"comment_status":"","ping_status":"","sticky":false,"template":"","format":"standard","meta":{"footnotes":""},"categories":[1418],"tags":[1011,27,1472,60],"class_list":{"0":"post-235846","1":"post","2":"type-post","3":"status-publish","4":"format-standard","5":"has-post-thumbnail","7":"category-golf","8":"tag-fr","9":"tag-france","10":"tag-golf","11":"tag-sports"},"share_on_mastodon":{"url":"https:\/\/pubeurope.com\/@fr\/114819225507529685","error":""},"_links":{"self":[{"href":"https:\/\/www.europesays.com\/fr\/wp-json\/wp\/v2\/posts\/235846","targetHints":{"allow":["GET"]}}],"collection":[{"href":"https:\/\/www.europesays.com\/fr\/wp-json\/wp\/v2\/posts"}],"about":[{"href":"https:\/\/www.europesays.com\/fr\/wp-json\/wp\/v2\/types\/post"}],"author":[{"embeddable":true,"href":"https:\/\/www.europesays.com\/fr\/wp-json\/wp\/v2\/users\/2"}],"replies":[{"embeddable":true,"href":"https:\/\/www.europesays.com\/fr\/wp-json\/wp\/v2\/comments?post=235846"}],"version-history":[{"count":0,"href":"https:\/\/www.europesays.com\/fr\/wp-json\/wp\/v2\/posts\/235846\/revisions"}],"wp:featuredmedia":[{"embeddable":true,"href":"https:\/\/www.europesays.com\/fr\/wp-json\/wp\/v2\/media\/235847"}],"wp:attachment":[{"href":"https:\/\/www.europesays.com\/fr\/wp-json\/wp\/v2\/media?parent=235846"}],"wp:term":[{"taxonomy":"category","embeddable":true,"href":"https:\/\/www.europesays.com\/fr\/wp-json\/wp\/v2\/categories?post=235846"},{"taxonomy":"post_tag","embeddable":true,"href":"https:\/\/www.europesays.com\/fr\/wp-json\/wp\/v2\/tags?post=235846"}],"curies":[{"name":"wp","href":"https:\/\/api.w.org\/{rel}","templated":true}]}}